{"id":60378,"date":"2025-12-01T15:36:47","date_gmt":"2025-12-01T18:36:47","guid":{"rendered":"https:\/\/hablemosclarotdf.com.ar\/?p=60378"},"modified":"2025-12-01T15:36:47","modified_gmt":"2025-12-01T18:36:47","slug":"ushuaia-la-municipalidad-abre-las-inscripciones-al-instituto-de-educacion-superior-terra-nova","status":"publish","type":"post","link":"https:\/\/hablemosclarotdf.com.ar\/?p=60378","title":{"rendered":"USHUAIA : LA MUNICIPALIDAD  ABRE LAS INSCRIPCIONES AL INSTITUTO DE EDUCACI\u00d3N SUPERIOR \u201cTERRA NOVA\u201d"},"content":{"rendered":"<p>El proceso de inscripci\u00f3n para el ciclo lectivo 2026 ser\u00e1 presencial<\/p>\n<p>La Secretar\u00eda de Cultura y Educaci\u00f3n de la Municipalidad de Ushuaia informa a vecinos y vecinas que se encuentran abiertas las inscripciones al ciclo lectivo 2026 del Instituto de Educaci\u00f3n Superior Terra Nova.<br \/>\nEl proceso de inscripci\u00f3n, que ser\u00e1 de forma presencial, tendr\u00e1 dos fases siendo la primera del d\u00eda martes 9 de diciembre hasta el viernes 12 del mismo mes de 10:00 a 12:00 horas en Chubut N\u00b0 1857 en la Escuela Experimental \u201cLas Lengas\u201d. El segundo per\u00edodo de inscripci\u00f3n ser\u00e1 del mi\u00e9rcoles 18 de febrero de 2026 hasta el viernes 27 de febrero en el mismo lugar y horario.<br \/>\nQui\u00e9nes deseen acceder a m\u00e1s informaci\u00f3n, podr\u00e1n comunicarse a los tel\u00e9fonos (2901) 586768-487403- 468793, as\u00ed como escribiendo a los correos electr\u00f3nicos instituto.terranova@ushuaia.gob.ar, as\u00ed como institutoterranovaushuaia@gmail.com.<\/p>\n","protected":false},"excerpt":{"rendered":"<p>El proceso de inscripci\u00f3n para el ciclo lectivo 2026 ser\u00e1 presencial La Secretar\u00eda de Cultura&#8230;<\/p>\n","protected":false},"author":1,"featured_media":60379,"comment_status":"closed","ping_status":"closed","sticky":false,"template":"","format":"standard","meta":{"footnotes":""},"categories":[3],"tags":[],"class_list":["post-60378","post","type-post","status-publish","format-standard","has-post-thumbnail","hentry","category-noticias"],"jetpack_featured_media_url":"https:\/\/hablemosclarotdf.com.ar\/wp-content\/uploads\/2025\/12\/photo_2025-12-01_15-36-09.jpg","_links":{"self":[{"href":"https:\/\/hablemosclarotdf.com.ar\/index.php?rest_route=\/wp\/v2\/posts\/60378","targetHints":{"allow":["GET"]}}],"collection":[{"href":"https:\/\/hablemosclarotdf.com.ar\/index.php?rest_route=\/wp\/v2\/posts"}],"about":[{"href":"https:\/\/hablemosclarotdf.com.ar\/index.php?rest_route=\/wp\/v2\/types\/post"}],"author":[{"embeddable":true,"href":"https:\/\/hablemosclarotdf.com.ar\/index.php?rest_route=\/wp\/v2\/users\/1"}],"replies":[{"embeddable":true,"href":"https:\/\/hablemosclarotdf.com.ar\/index.php?rest_route=%2Fwp%2Fv2%2Fcomments&post=60378"}],"version-history":[{"count":1,"href":"https:\/\/hablemosclarotdf.com.ar\/index.php?rest_route=\/wp\/v2\/posts\/60378\/revisions"}],"predecessor-version":[{"id":60380,"href":"https:\/\/hablemosclarotdf.com.ar\/index.php?rest_route=\/wp\/v2\/posts\/60378\/revisions\/60380"}],"wp:featuredmedia":[{"embeddable":true,"href":"https:\/\/hablemosclarotdf.com.ar\/index.php?rest_route=\/wp\/v2\/media\/60379"}],"wp:attachment":[{"href":"https:\/\/hablemosclarotdf.com.ar\/index.php?rest_route=%2Fwp%2Fv2%2Fmedia&parent=60378"}],"wp:term":[{"taxonomy":"category","embeddable":true,"href":"https:\/\/hablemosclarotdf.com.ar\/index.php?rest_route=%2Fwp%2Fv2%2Fcategories&post=60378"},{"taxonomy":"post_tag","embeddable":true,"href":"https:\/\/hablemosclarotdf.com.ar\/index.php?rest_route=%2Fwp%2Fv2%2Ftags&post=60378"}],"curies":[{"name":"wp","href":"https:\/\/api.w.org\/{rel}","templated":true}]}}