{"id":60375,"date":"2025-12-01T15:32:58","date_gmt":"2025-12-01T18:32:58","guid":{"rendered":"https:\/\/hablemosclarotdf.com.ar\/?p=60375"},"modified":"2025-12-01T15:32:58","modified_gmt":"2025-12-01T18:32:58","slug":"ushuaia-la-municipalidad-invita-a-la-comunidad-al-encendido-del-arbol-navideno","status":"publish","type":"post","link":"https:\/\/hablemosclarotdf.com.ar\/?p=60375","title":{"rendered":"USHUAIA : LA MUNICIPALIDAD  INVITA A LA COMUNIDAD AL ENCENDIDO DEL \u00c1RBOL NAVIDE\u00d1O"},"content":{"rendered":"<p>Con presentaciones art\u00edsticas, el evento se realizar\u00e1 este domingo 7 de diciembre en el Cartel de Ushuaia<\/p>\n<p>La Secretar\u00eda de Cultura y Educaci\u00f3n de la Municipalidad de Ushuaia invita a la comunidad a participar del tradicional Encendido del \u00c1rbol Navide\u00f1o este domingo 7 de diciembre a las 21:00 horas en el Cartel de Ushuaia, Pasarela \u201cLuis Pedro Fique\u201d.<br \/>\nEl evento, que como cada a\u00f1o marca el inicio de las propuestas por las fiestas de fin de a\u00f1o, contar\u00e1 con las presentaciones art\u00edsticas de Sashu DJ, Sur Andino y La 70\/30, que amenizar\u00e1n la noche previo al encendido del \u00e1rbol navide\u00f1o.<br \/>\nBel\u00e9n Molina, secretaria de Cultura y Educaci\u00f3n, subray\u00f3 que \u201cestamos muy contentos de invitar a todos y todas a participar de este tradicional festejo en familia, contando con un espect\u00e1culo que presenta el gran talento de las y los artistas fueguinos\u201d.<br \/>\nPara conocer m\u00e1s sobre el Encendido del \u00c1rbol Navide\u00f1o, as\u00ed como las diversas actividades por las fiestas de fin de a\u00f1o que la Secretar\u00eda de Cultura y Educaci\u00f3n impulsa, las y los interesados podr\u00e1n visitar las redes sociales de la misma en @culturayeducacionush.<\/p>\n","protected":false},"excerpt":{"rendered":"<p>Con presentaciones art\u00edsticas, el evento se realizar\u00e1 este domingo 7 de diciembre en el Cartel&#8230;<\/p>\n","protected":false},"author":1,"featured_media":60376,"comment_status":"closed","ping_status":"closed","sticky":false,"template":"","format":"standard","meta":{"footnotes":""},"categories":[3],"tags":[],"class_list":["post-60375","post","type-post","status-publish","format-standard","has-post-thumbnail","hentry","category-noticias"],"jetpack_featured_media_url":"https:\/\/hablemosclarotdf.com.ar\/wp-content\/uploads\/2025\/12\/photo_2025-12-01_15-32-22.jpg","_links":{"self":[{"href":"https:\/\/hablemosclarotdf.com.ar\/index.php?rest_route=\/wp\/v2\/posts\/60375","targetHints":{"allow":["GET"]}}],"collection":[{"href":"https:\/\/hablemosclarotdf.com.ar\/index.php?rest_route=\/wp\/v2\/posts"}],"about":[{"href":"https:\/\/hablemosclarotdf.com.ar\/index.php?rest_route=\/wp\/v2\/types\/post"}],"author":[{"embeddable":true,"href":"https:\/\/hablemosclarotdf.com.ar\/index.php?rest_route=\/wp\/v2\/users\/1"}],"replies":[{"embeddable":true,"href":"https:\/\/hablemosclarotdf.com.ar\/index.php?rest_route=%2Fwp%2Fv2%2Fcomments&post=60375"}],"version-history":[{"count":1,"href":"https:\/\/hablemosclarotdf.com.ar\/index.php?rest_route=\/wp\/v2\/posts\/60375\/revisions"}],"predecessor-version":[{"id":60377,"href":"https:\/\/hablemosclarotdf.com.ar\/index.php?rest_route=\/wp\/v2\/posts\/60375\/revisions\/60377"}],"wp:featuredmedia":[{"embeddable":true,"href":"https:\/\/hablemosclarotdf.com.ar\/index.php?rest_route=\/wp\/v2\/media\/60376"}],"wp:attachment":[{"href":"https:\/\/hablemosclarotdf.com.ar\/index.php?rest_route=%2Fwp%2Fv2%2Fmedia&parent=60375"}],"wp:term":[{"taxonomy":"category","embeddable":true,"href":"https:\/\/hablemosclarotdf.com.ar\/index.php?rest_route=%2Fwp%2Fv2%2Fcategories&post=60375"},{"taxonomy":"post_tag","embeddable":true,"href":"https:\/\/hablemosclarotdf.com.ar\/index.php?rest_route=%2Fwp%2Fv2%2Ftags&post=60375"}],"curies":[{"name":"wp","href":"https:\/\/api.w.org\/{rel}","templated":true}]}}