{"id":60366,"date":"2025-12-01T15:29:35","date_gmt":"2025-12-01T18:29:35","guid":{"rendered":"https:\/\/hablemosclarotdf.com.ar\/?p=60366"},"modified":"2025-12-01T15:29:35","modified_gmt":"2025-12-01T18:29:35","slug":"rio-grande-la-banda-municipal-festejo-su-aniversario-con-un-concierto-a-puro-talento","status":"publish","type":"post","link":"https:\/\/hablemosclarotdf.com.ar\/?p=60366","title":{"rendered":"RIO GRANDE : LA BANDA MUNICIPAL FESTEJ\u00d3 SU ANIVERSARIO CON UN CONCIERTO A PURO TALENTO"},"content":{"rendered":"<p>El Municipio de R\u00edo Grande comparti\u00f3 con las vecinas y vecinos, un espect\u00e1culo inolvidable por los 40 a\u00f1os de la Banda Municipal. La presentaci\u00f3n se llev\u00f3 adelante este s\u00e1bado en el Polideportivo \u201cCarlos Margalot\u201d, la cual qued\u00f3 marcada como un hito art\u00edstico en la historia cultural de nuestra ciudad.<\/p>\n<p>La Banda Municipal conmemor\u00f3 sus 4 d\u00e9cadas de trayectoria con un concierto que permanecer\u00e1 en la memoria de los y las riograndenses. Fundada en 1985, durante la gesti\u00f3n del intendente (MC) Esteban \u201cChiquito\u201d Mart\u00ednez, la Banda volvi\u00f3 a demostrar por qu\u00e9 es una pieza indispensable de la identidad de R\u00edo Grande: su calidad art\u00edstica, su compromiso con la formaci\u00f3n musical y su cercan\u00eda con la comunidad quedaron en evidencia, una vez m\u00e1s.<\/p>\n<p>El concierto reuni\u00f3 interpretaciones que cautivaron al p\u00fablico desde el inicio. Los y las integrantes de la Banda ofrecieron un repertorio variado, acompa\u00f1ado por una puesta esc\u00e9nica que destac\u00f3 cada momento del show. La precisi\u00f3n, la sensibilidad y el profesionalismo del concierto generaron ovaciones sostenidas a lo largo de la noche.<\/p>\n<p>Uno de los aspectos m\u00e1s importantes fue la participaci\u00f3n de m\u00e1s de 30 artistas invitados, reflejando el rol fundamental que la Banda Municipal cumple en la difusi\u00f3n, promoci\u00f3n y acompa\u00f1amiento de nuevos talentos de nuestra ciudad. Cantantes de diferentes g\u00e9neros y estilos brillaron en el escenario, mostrando la amplitud art\u00edstica, reafirmando el compromiso permanente de la Banda con el crecimiento de la cultura local.<\/p>\n<p>A lo largo de 40 a\u00f1os, la Banda Municipal ha crecido junto a R\u00edo Grande y ha sido protagonista de momentos emotivos y significativos, desde actos oficiales hasta celebraciones comunitarias como el tradicional Encendido del Arbolito, la conmemoraci\u00f3n del 2 de abril. Este aniversario vuelve a poner en valor esa trayectoria compartida que nutre de historia, memoria y vocaci\u00f3n de servicio.<\/p>\n<p>El Municipio celebr\u00f3 este nuevo hito con la convicci\u00f3n de que la Banda Municipal continuar\u00e1 acompa\u00f1ando a la comunidad con su m\u00fasica, formando nuevas generaciones. El concierto aniversario coron\u00f3 40 a\u00f1os de historia, pero tambi\u00e9n abri\u00f3 un nuevo cap\u00edtulo para uno de los elencos art\u00edsticos m\u00e1s queridos y representativos de R\u00edo Grande.<\/p>\n<p><img loading=\"lazy\" decoding=\"async\" class=\"alignnone size-medium wp-image-60368\" src=\"https:\/\/hablemosclarotdf.com.ar\/wp-content\/uploads\/2025\/12\/photo_2025-12-01_15-27-51-300x200.jpg\" alt=\"\" width=\"300\" height=\"200\" srcset=\"https:\/\/hablemosclarotdf.com.ar\/wp-content\/uploads\/2025\/12\/photo_2025-12-01_15-27-51-300x200.jpg 300w, https:\/\/hablemosclarotdf.com.ar\/wp-content\/uploads\/2025\/12\/photo_2025-12-01_15-27-51-1024x682.jpg 1024w, https:\/\/hablemosclarotdf.com.ar\/wp-content\/uploads\/2025\/12\/photo_2025-12-01_15-27-51-768x512.jpg 768w, https:\/\/hablemosclarotdf.com.ar\/wp-content\/uploads\/2025\/12\/photo_2025-12-01_15-27-51.jpg 1280w\" sizes=\"auto, (max-width: 300px) 100vw, 300px\" \/> <img loading=\"lazy\" decoding=\"async\" class=\"alignnone size-medium wp-image-60369\" src=\"https:\/\/hablemosclarotdf.com.ar\/wp-content\/uploads\/2025\/12\/photo_2025-12-01_15-27-56-300x200.jpg\" alt=\"\" width=\"300\" height=\"200\" srcset=\"https:\/\/hablemosclarotdf.com.ar\/wp-content\/uploads\/2025\/12\/photo_2025-12-01_15-27-56-300x200.jpg 300w, https:\/\/hablemosclarotdf.com.ar\/wp-content\/uploads\/2025\/12\/photo_2025-12-01_15-27-56-1024x682.jpg 1024w, https:\/\/hablemosclarotdf.com.ar\/wp-content\/uploads\/2025\/12\/photo_2025-12-01_15-27-56-768x512.jpg 768w, https:\/\/hablemosclarotdf.com.ar\/wp-content\/uploads\/2025\/12\/photo_2025-12-01_15-27-56.jpg 1280w\" sizes=\"auto, (max-width: 300px) 100vw, 300px\" \/> <img loading=\"lazy\" decoding=\"async\" class=\"alignnone size-medium wp-image-60370\" src=\"https:\/\/hablemosclarotdf.com.ar\/wp-content\/uploads\/2025\/12\/photo_2025-12-01_15-28-00-300x200.jpg\" alt=\"\" width=\"300\" height=\"200\" srcset=\"https:\/\/hablemosclarotdf.com.ar\/wp-content\/uploads\/2025\/12\/photo_2025-12-01_15-28-00-300x200.jpg 300w, https:\/\/hablemosclarotdf.com.ar\/wp-content\/uploads\/2025\/12\/photo_2025-12-01_15-28-00-1024x682.jpg 1024w, https:\/\/hablemosclarotdf.com.ar\/wp-content\/uploads\/2025\/12\/photo_2025-12-01_15-28-00-768x512.jpg 768w, https:\/\/hablemosclarotdf.com.ar\/wp-content\/uploads\/2025\/12\/photo_2025-12-01_15-28-00.jpg 1280w\" sizes=\"auto, (max-width: 300px) 100vw, 300px\" \/> <img loading=\"lazy\" decoding=\"async\" class=\"alignnone size-medium wp-image-60371\" src=\"https:\/\/hablemosclarotdf.com.ar\/wp-content\/uploads\/2025\/12\/photo_2025-12-01_15-28-04-300x200.jpg\" alt=\"\" width=\"300\" height=\"200\" srcset=\"https:\/\/hablemosclarotdf.com.ar\/wp-content\/uploads\/2025\/12\/photo_2025-12-01_15-28-04-300x200.jpg 300w, https:\/\/hablemosclarotdf.com.ar\/wp-content\/uploads\/2025\/12\/photo_2025-12-01_15-28-04-1024x682.jpg 1024w, https:\/\/hablemosclarotdf.com.ar\/wp-content\/uploads\/2025\/12\/photo_2025-12-01_15-28-04-768x512.jpg 768w, https:\/\/hablemosclarotdf.com.ar\/wp-content\/uploads\/2025\/12\/photo_2025-12-01_15-28-04.jpg 1280w\" sizes=\"auto, (max-width: 300px) 100vw, 300px\" \/> <img loading=\"lazy\" decoding=\"async\" class=\"alignnone size-medium wp-image-60372\" src=\"https:\/\/hablemosclarotdf.com.ar\/wp-content\/uploads\/2025\/12\/photo_2025-12-01_15-28-09-300x200.jpg\" alt=\"\" width=\"300\" height=\"200\" srcset=\"https:\/\/hablemosclarotdf.com.ar\/wp-content\/uploads\/2025\/12\/photo_2025-12-01_15-28-09-300x200.jpg 300w, https:\/\/hablemosclarotdf.com.ar\/wp-content\/uploads\/2025\/12\/photo_2025-12-01_15-28-09-1024x682.jpg 1024w, https:\/\/hablemosclarotdf.com.ar\/wp-content\/uploads\/2025\/12\/photo_2025-12-01_15-28-09-768x512.jpg 768w, https:\/\/hablemosclarotdf.com.ar\/wp-content\/uploads\/2025\/12\/photo_2025-12-01_15-28-09.jpg 1280w\" sizes=\"auto, (max-width: 300px) 100vw, 300px\" \/> <img loading=\"lazy\" decoding=\"async\" class=\"alignnone size-medium wp-image-60373\" src=\"https:\/\/hablemosclarotdf.com.ar\/wp-content\/uploads\/2025\/12\/photo_2025-12-01_15-28-14-300x200.jpg\" alt=\"\" width=\"300\" height=\"200\" srcset=\"https:\/\/hablemosclarotdf.com.ar\/wp-content\/uploads\/2025\/12\/photo_2025-12-01_15-28-14-300x200.jpg 300w, https:\/\/hablemosclarotdf.com.ar\/wp-content\/uploads\/2025\/12\/photo_2025-12-01_15-28-14-1024x682.jpg 1024w, https:\/\/hablemosclarotdf.com.ar\/wp-content\/uploads\/2025\/12\/photo_2025-12-01_15-28-14-768x512.jpg 768w, https:\/\/hablemosclarotdf.com.ar\/wp-content\/uploads\/2025\/12\/photo_2025-12-01_15-28-14.jpg 1280w\" sizes=\"auto, (max-width: 300px) 100vw, 300px\" \/><\/p>\n","protected":false},"excerpt":{"rendered":"<p>El Municipio de R\u00edo Grande comparti\u00f3 con las vecinas y vecinos, un espect\u00e1culo inolvidable por&#8230;<\/p>\n","protected":false},"author":1,"featured_media":60367,"comment_status":"closed","ping_status":"closed","sticky":false,"template":"","format":"standard","meta":{"footnotes":""},"categories":[3],"tags":[],"class_list":["post-60366","post","type-post","status-publish","format-standard","has-post-thumbnail","hentry","category-noticias"],"jetpack_featured_media_url":"https:\/\/hablemosclarotdf.com.ar\/wp-content\/uploads\/2025\/12\/photo_2025-12-01_15-27-43.jpg","_links":{"self":[{"href":"https:\/\/hablemosclarotdf.com.ar\/index.php?rest_route=\/wp\/v2\/posts\/60366","targetHints":{"allow":["GET"]}}],"collection":[{"href":"https:\/\/hablemosclarotdf.com.ar\/index.php?rest_route=\/wp\/v2\/posts"}],"about":[{"href":"https:\/\/hablemosclarotdf.com.ar\/index.php?rest_route=\/wp\/v2\/types\/post"}],"author":[{"embeddable":true,"href":"https:\/\/hablemosclarotdf.com.ar\/index.php?rest_route=\/wp\/v2\/users\/1"}],"replies":[{"embeddable":true,"href":"https:\/\/hablemosclarotdf.com.ar\/index.php?rest_route=%2Fwp%2Fv2%2Fcomments&post=60366"}],"version-history":[{"count":1,"href":"https:\/\/hablemosclarotdf.com.ar\/index.php?rest_route=\/wp\/v2\/posts\/60366\/revisions"}],"predecessor-version":[{"id":60374,"href":"https:\/\/hablemosclarotdf.com.ar\/index.php?rest_route=\/wp\/v2\/posts\/60366\/revisions\/60374"}],"wp:featuredmedia":[{"embeddable":true,"href":"https:\/\/hablemosclarotdf.com.ar\/index.php?rest_route=\/wp\/v2\/media\/60367"}],"wp:attachment":[{"href":"https:\/\/hablemosclarotdf.com.ar\/index.php?rest_route=%2Fwp%2Fv2%2Fmedia&parent=60366"}],"wp:term":[{"taxonomy":"category","embeddable":true,"href":"https:\/\/hablemosclarotdf.com.ar\/index.php?rest_route=%2Fwp%2Fv2%2Fcategories&post=60366"},{"taxonomy":"post_tag","embeddable":true,"href":"https:\/\/hablemosclarotdf.com.ar\/index.php?rest_route=%2Fwp%2Fv2%2Ftags&post=60366"}],"curies":[{"name":"wp","href":"https:\/\/api.w.org\/{rel}","templated":true}]}}