{"id":60361,"date":"2025-12-01T13:36:57","date_gmt":"2025-12-01T16:36:57","guid":{"rendered":"https:\/\/hablemosclarotdf.com.ar\/?p=60361"},"modified":"2025-12-01T13:36:57","modified_gmt":"2025-12-01T16:36:57","slug":"rio-grande-gran-convocatoria-en-el-cierre-y-balance-2025-del-centro-municipal-carla-riva","status":"publish","type":"post","link":"https:\/\/hablemosclarotdf.com.ar\/?p=60361","title":{"rendered":"RIO GRANDE : GRAN CONVOCATORIA EN EL CIERRE Y BALANCE 2025 DEL CENTRO MUNICIPAL \u201cCARLA RIVA\u201d"},"content":{"rendered":"<p>El Centro Municipal \u201cCarla Riva\u201d llev\u00f3 adelante, este s\u00e1bado 29 de noviembre, su cierre anual y balance 2025, en una jornada que cont\u00f3 con una muy buena participaci\u00f3n de vecinas y vecinos que se acercaron a conocer el trabajo realizado durante el a\u00f1o y las perspectivas para el pr\u00f3ximo ciclo.<\/p>\n<p>El encuentro, el cual tuvo lugar en la sede de Thorne 481, permiti\u00f3 compartir los avances logrados en el acompa\u00f1amiento y atenci\u00f3n a personas atravesadas por situaciones de consumo problem\u00e1tico.<\/p>\n<p>Durante la jornada, los equipos profesionales presentaron un balance del a\u00f1o, reflexiones sobre los desaf\u00edos venideros y las l\u00edneas de acci\u00f3n proyectadas para el 2026. Tambi\u00e9n se compartieron testimonios de familias que transitan procesos de recuperaci\u00f3n, brindando una mirada cercana y humana del trabajo cotidiano del dispositivo.<\/p>\n<p>Desde el Municipio se destac\u00f3 la importancia de abrir las puertas del Centro a la comunidad, visibilizar sus servicios y celebrar los<br \/>\navances alcanzados a lo largo del a\u00f1o.<\/p>\n<p>La directora del centro municipal, Marcela Surano expreso que &#8220;este evento reflej\u00f3 lo fruct\u00edfero de estos 8 meses de trabajo juntos, logrando que las personas se acerquen con m\u00e1s naturalidad al dispositivo, con lo cual afirmamos nuestro lema &#8220;La prevenci\u00f3n de esta problem\u00e1tica la construimos entre todos&#8221;.<\/p>\n<p>De esta manera, el Municipio refuerza su compromiso con una salud cercana, comunitaria y accesible, acompa\u00f1ando a quienes atraviesan situaciones de consumo problem\u00e1tico y construyendo, junto a la comunidad, espacios de apoyo, cuidado y nuevas oportunidades.<\/p>\n<p><img loading=\"lazy\" decoding=\"async\" class=\"alignnone size-medium wp-image-60363\" src=\"https:\/\/hablemosclarotdf.com.ar\/wp-content\/uploads\/2025\/12\/photo_2025-12-01_13-35-47-300x200.jpg\" alt=\"\" width=\"300\" height=\"200\" srcset=\"https:\/\/hablemosclarotdf.com.ar\/wp-content\/uploads\/2025\/12\/photo_2025-12-01_13-35-47-300x200.jpg 300w, https:\/\/hablemosclarotdf.com.ar\/wp-content\/uploads\/2025\/12\/photo_2025-12-01_13-35-47-1024x683.jpg 1024w, https:\/\/hablemosclarotdf.com.ar\/wp-content\/uploads\/2025\/12\/photo_2025-12-01_13-35-47-768x512.jpg 768w, https:\/\/hablemosclarotdf.com.ar\/wp-content\/uploads\/2025\/12\/photo_2025-12-01_13-35-47.jpg 1500w\" sizes=\"auto, (max-width: 300px) 100vw, 300px\" \/> <img loading=\"lazy\" decoding=\"async\" class=\"alignnone size-medium wp-image-60364\" src=\"https:\/\/hablemosclarotdf.com.ar\/wp-content\/uploads\/2025\/12\/photo_2025-12-01_13-35-51-300x200.jpg\" alt=\"\" width=\"300\" height=\"200\" srcset=\"https:\/\/hablemosclarotdf.com.ar\/wp-content\/uploads\/2025\/12\/photo_2025-12-01_13-35-51-300x200.jpg 300w, https:\/\/hablemosclarotdf.com.ar\/wp-content\/uploads\/2025\/12\/photo_2025-12-01_13-35-51-1024x683.jpg 1024w, https:\/\/hablemosclarotdf.com.ar\/wp-content\/uploads\/2025\/12\/photo_2025-12-01_13-35-51-768x512.jpg 768w, https:\/\/hablemosclarotdf.com.ar\/wp-content\/uploads\/2025\/12\/photo_2025-12-01_13-35-51.jpg 1500w\" sizes=\"auto, (max-width: 300px) 100vw, 300px\" \/><\/p>\n","protected":false},"excerpt":{"rendered":"<p>El Centro Municipal \u201cCarla Riva\u201d llev\u00f3 adelante, este s\u00e1bado 29 de noviembre, su cierre anual&#8230;<\/p>\n","protected":false},"author":1,"featured_media":60362,"comment_status":"closed","ping_status":"closed","sticky":false,"template":"","format":"standard","meta":{"footnotes":""},"categories":[3],"tags":[],"class_list":["post-60361","post","type-post","status-publish","format-standard","has-post-thumbnail","hentry","category-noticias"],"jetpack_featured_media_url":"https:\/\/hablemosclarotdf.com.ar\/wp-content\/uploads\/2025\/12\/photo_2025-12-01_13-35-38.jpg","_links":{"self":[{"href":"https:\/\/hablemosclarotdf.com.ar\/index.php?rest_route=\/wp\/v2\/posts\/60361","targetHints":{"allow":["GET"]}}],"collection":[{"href":"https:\/\/hablemosclarotdf.com.ar\/index.php?rest_route=\/wp\/v2\/posts"}],"about":[{"href":"https:\/\/hablemosclarotdf.com.ar\/index.php?rest_route=\/wp\/v2\/types\/post"}],"author":[{"embeddable":true,"href":"https:\/\/hablemosclarotdf.com.ar\/index.php?rest_route=\/wp\/v2\/users\/1"}],"replies":[{"embeddable":true,"href":"https:\/\/hablemosclarotdf.com.ar\/index.php?rest_route=%2Fwp%2Fv2%2Fcomments&post=60361"}],"version-history":[{"count":1,"href":"https:\/\/hablemosclarotdf.com.ar\/index.php?rest_route=\/wp\/v2\/posts\/60361\/revisions"}],"predecessor-version":[{"id":60365,"href":"https:\/\/hablemosclarotdf.com.ar\/index.php?rest_route=\/wp\/v2\/posts\/60361\/revisions\/60365"}],"wp:featuredmedia":[{"embeddable":true,"href":"https:\/\/hablemosclarotdf.com.ar\/index.php?rest_route=\/wp\/v2\/media\/60362"}],"wp:attachment":[{"href":"https:\/\/hablemosclarotdf.com.ar\/index.php?rest_route=%2Fwp%2Fv2%2Fmedia&parent=60361"}],"wp:term":[{"taxonomy":"category","embeddable":true,"href":"https:\/\/hablemosclarotdf.com.ar\/index.php?rest_route=%2Fwp%2Fv2%2Fcategories&post=60361"},{"taxonomy":"post_tag","embeddable":true,"href":"https:\/\/hablemosclarotdf.com.ar\/index.php?rest_route=%2Fwp%2Fv2%2Ftags&post=60361"}],"curies":[{"name":"wp","href":"https:\/\/api.w.org\/{rel}","templated":true}]}}