{"id":60351,"date":"2025-12-01T12:14:33","date_gmt":"2025-12-01T15:14:33","guid":{"rendered":"https:\/\/hablemosclarotdf.com.ar\/?p=60351"},"modified":"2025-12-01T12:14:33","modified_gmt":"2025-12-01T15:14:33","slug":"muestra-anual-de-talleres-de-juventudes-celebracion-y-reconocimiento-a-la-participacion","status":"publish","type":"post","link":"https:\/\/hablemosclarotdf.com.ar\/?p=60351","title":{"rendered":"MUESTRA ANUAL DE TALLERES DE JUVENTUDES: CELEBRACI\u00d3N Y RECONOCIMIENTO A LA PARTICIPACI\u00d3N"},"content":{"rendered":"<p>El Gobierno de la Provincia, llev\u00f3 a cabo con \u00e9xito su Muestra Anual de Talleres, un evento que celebr\u00f3 el talento y la dedicaci\u00f3n de los j\u00f3venes de la provincia y culmin\u00f3 con la entrega de certificados a los participantes<\/p>\n<p>La jornada se vivi\u00f3 con una gran convocatoria, donde familiares, amigos y la comunidad pudieron recorrer las producciones y demostraciones de las diversas propuestas formativas brindadas por la Secretar\u00eda.<\/p>\n<p>Los asistentes tuvieron la oportunidad de ver en acci\u00f3n las habilidades adquiridas en talleres como: Cosm\u00e9tica Natural, Semipermanente y Dise\u00f1o de U\u00f1as, Fotograf\u00eda, Guitarra, Graffiti, Dibujo Creativo y T\u00e9cnicas de Softgel y Dise\u00f1o.<\/p>\n<p>El evento no solo sirvi\u00f3 como vidriera de las creaciones, sino tambi\u00e9n como un espacio de encuentro y camarader\u00eda entre las distintas juventudes fueguinas.<\/p>\n<p>La secretaria de Pol\u00edticas para las Juventudes, Ivana Olariaga, se dirigi\u00f3 a los presentes, destacando el valor de estos espacios: &#8220;estamos muy orgullosos de la convocatoria y el compromiso de cada joven que hoy recibe su certificado. Queremos que sigan sum\u00e1ndose a estas propuestas, porque aqu\u00ed no solo se llevan una herramienta de trabajo y una habilidad que les puede abrir puertas laborales. Lo m\u00e1s importante es que comparten un momento, que encuentran un espacio de pertenencia con otras juventudes y que potencian su creatividad y su bienestar&#8221;.<\/p>\n<p>La Secretar\u00eda reafirma su compromiso de seguir ofreciendo actividades gratuitas y de calidad que promuevan la formaci\u00f3n integral, el encuentro social y el desarrollo de talentos de las y los j\u00f3venes de Tierra del Fuego.<\/p>\n<p>Para m\u00e1s informaci\u00f3n, se puede contactar a la Secretar\u00eda de Pol\u00edticas para las Juventudes al WhatsApp 2964-358919 o al correo somosjuventudestdf@gmail.com<\/p>\n<p><img loading=\"lazy\" decoding=\"async\" class=\"alignnone size-medium wp-image-60353\" src=\"https:\/\/hablemosclarotdf.com.ar\/wp-content\/uploads\/2025\/12\/photo_2025-12-01_12-10-25-300x200.jpg\" alt=\"\" width=\"300\" height=\"200\" srcset=\"https:\/\/hablemosclarotdf.com.ar\/wp-content\/uploads\/2025\/12\/photo_2025-12-01_12-10-25-300x200.jpg 300w, https:\/\/hablemosclarotdf.com.ar\/wp-content\/uploads\/2025\/12\/photo_2025-12-01_12-10-25-1024x682.jpg 1024w, https:\/\/hablemosclarotdf.com.ar\/wp-content\/uploads\/2025\/12\/photo_2025-12-01_12-10-25-768x511.jpg 768w, https:\/\/hablemosclarotdf.com.ar\/wp-content\/uploads\/2025\/12\/photo_2025-12-01_12-10-25.jpg 1280w\" sizes=\"auto, (max-width: 300px) 100vw, 300px\" \/> <img loading=\"lazy\" decoding=\"async\" class=\"alignnone size-medium wp-image-60354\" src=\"https:\/\/hablemosclarotdf.com.ar\/wp-content\/uploads\/2025\/12\/photo_2025-12-01_12-10-29-300x200.jpg\" alt=\"\" width=\"300\" height=\"200\" srcset=\"https:\/\/hablemosclarotdf.com.ar\/wp-content\/uploads\/2025\/12\/photo_2025-12-01_12-10-29-300x200.jpg 300w, https:\/\/hablemosclarotdf.com.ar\/wp-content\/uploads\/2025\/12\/photo_2025-12-01_12-10-29-1024x682.jpg 1024w, https:\/\/hablemosclarotdf.com.ar\/wp-content\/uploads\/2025\/12\/photo_2025-12-01_12-10-29-768x511.jpg 768w, https:\/\/hablemosclarotdf.com.ar\/wp-content\/uploads\/2025\/12\/photo_2025-12-01_12-10-29.jpg 1280w\" sizes=\"auto, (max-width: 300px) 100vw, 300px\" \/> <img loading=\"lazy\" decoding=\"async\" class=\"alignnone size-medium wp-image-60355\" src=\"https:\/\/hablemosclarotdf.com.ar\/wp-content\/uploads\/2025\/12\/photo_2025-12-01_12-10-33-300x200.jpg\" alt=\"\" width=\"300\" height=\"200\" srcset=\"https:\/\/hablemosclarotdf.com.ar\/wp-content\/uploads\/2025\/12\/photo_2025-12-01_12-10-33-300x200.jpg 300w, https:\/\/hablemosclarotdf.com.ar\/wp-content\/uploads\/2025\/12\/photo_2025-12-01_12-10-33-1024x682.jpg 1024w, https:\/\/hablemosclarotdf.com.ar\/wp-content\/uploads\/2025\/12\/photo_2025-12-01_12-10-33-768x511.jpg 768w, https:\/\/hablemosclarotdf.com.ar\/wp-content\/uploads\/2025\/12\/photo_2025-12-01_12-10-33.jpg 1280w\" sizes=\"auto, (max-width: 300px) 100vw, 300px\" \/> <img loading=\"lazy\" decoding=\"async\" class=\"alignnone size-medium wp-image-60356\" src=\"https:\/\/hablemosclarotdf.com.ar\/wp-content\/uploads\/2025\/12\/photo_2025-12-01_12-10-38-300x200.jpg\" alt=\"\" width=\"300\" height=\"200\" srcset=\"https:\/\/hablemosclarotdf.com.ar\/wp-content\/uploads\/2025\/12\/photo_2025-12-01_12-10-38-300x200.jpg 300w, https:\/\/hablemosclarotdf.com.ar\/wp-content\/uploads\/2025\/12\/photo_2025-12-01_12-10-38-1024x682.jpg 1024w, https:\/\/hablemosclarotdf.com.ar\/wp-content\/uploads\/2025\/12\/photo_2025-12-01_12-10-38-768x511.jpg 768w, https:\/\/hablemosclarotdf.com.ar\/wp-content\/uploads\/2025\/12\/photo_2025-12-01_12-10-38.jpg 1280w\" sizes=\"auto, (max-width: 300px) 100vw, 300px\" \/><\/p>\n","protected":false},"excerpt":{"rendered":"<p>El Gobierno de la Provincia, llev\u00f3 a cabo con \u00e9xito su Muestra Anual de Talleres,&#8230;<\/p>\n","protected":false},"author":1,"featured_media":60352,"comment_status":"closed","ping_status":"closed","sticky":false,"template":"","format":"standard","meta":{"footnotes":""},"categories":[3],"tags":[],"class_list":["post-60351","post","type-post","status-publish","format-standard","has-post-thumbnail","hentry","category-noticias"],"jetpack_featured_media_url":"https:\/\/hablemosclarotdf.com.ar\/wp-content\/uploads\/2025\/12\/photo_2025-12-01_12-09-05.jpg","_links":{"self":[{"href":"https:\/\/hablemosclarotdf.com.ar\/index.php?rest_route=\/wp\/v2\/posts\/60351","targetHints":{"allow":["GET"]}}],"collection":[{"href":"https:\/\/hablemosclarotdf.com.ar\/index.php?rest_route=\/wp\/v2\/posts"}],"about":[{"href":"https:\/\/hablemosclarotdf.com.ar\/index.php?rest_route=\/wp\/v2\/types\/post"}],"author":[{"embeddable":true,"href":"https:\/\/hablemosclarotdf.com.ar\/index.php?rest_route=\/wp\/v2\/users\/1"}],"replies":[{"embeddable":true,"href":"https:\/\/hablemosclarotdf.com.ar\/index.php?rest_route=%2Fwp%2Fv2%2Fcomments&post=60351"}],"version-history":[{"count":1,"href":"https:\/\/hablemosclarotdf.com.ar\/index.php?rest_route=\/wp\/v2\/posts\/60351\/revisions"}],"predecessor-version":[{"id":60357,"href":"https:\/\/hablemosclarotdf.com.ar\/index.php?rest_route=\/wp\/v2\/posts\/60351\/revisions\/60357"}],"wp:featuredmedia":[{"embeddable":true,"href":"https:\/\/hablemosclarotdf.com.ar\/index.php?rest_route=\/wp\/v2\/media\/60352"}],"wp:attachment":[{"href":"https:\/\/hablemosclarotdf.com.ar\/index.php?rest_route=%2Fwp%2Fv2%2Fmedia&parent=60351"}],"wp:term":[{"taxonomy":"category","embeddable":true,"href":"https:\/\/hablemosclarotdf.com.ar\/index.php?rest_route=%2Fwp%2Fv2%2Fcategories&post=60351"},{"taxonomy":"post_tag","embeddable":true,"href":"https:\/\/hablemosclarotdf.com.ar\/index.php?rest_route=%2Fwp%2Fv2%2Ftags&post=60351"}],"curies":[{"name":"wp","href":"https:\/\/api.w.org\/{rel}","templated":true}]}}