{"id":60348,"date":"2025-12-01T12:07:44","date_gmt":"2025-12-01T15:07:44","guid":{"rendered":"https:\/\/hablemosclarotdf.com.ar\/?p=60348"},"modified":"2025-12-01T12:07:44","modified_gmt":"2025-12-01T15:07:44","slug":"gobierno-llevara-adelante-en-ushuaia-la-4-expo-inclusiva-2025","status":"publish","type":"post","link":"https:\/\/hablemosclarotdf.com.ar\/?p=60348","title":{"rendered":"GOBIERNO LLEVAR\u00c1 ADELANTE EN USHUAIA LA 4\u00b0 EXPO INCLUSIVA 2025"},"content":{"rendered":"<p>El Gobierno de Tierra del Fuego AIAS, a trav\u00e9s de la Secretar\u00eda Provincial de Discapacidad, invita a la comunidad a participar de la &#8220;4ta EXPO INCLUSIVA 2025&#8221;, encuentro anual que re\u00fane al Estado provincial, las organizaciones sociales y al sector privado comprometidos con la promoci\u00f3n y el fortalecimiento de los derechos de las personas con discapacidad.<\/p>\n<p>La &#8220;EXPO INCLUSIVA 2025&#8221; se consolida como un espacio de intercambio, visibilizaci\u00f3n y participaci\u00f3n ciudadana donde se presentan proyectos, programas, iniciativas y actividades orientadas a la inclusi\u00f3n plena en nuestra provincia. Este evento ofrece una oportunidad \u00fanica para conocer de cerca el trabajo que diversas instituciones realizan diariamente y, al mismo tiempo, fomentar una mirada colectiva, respetuosa y accesible sobre la discapacidad.<\/p>\n<p>La actividad se realizar\u00e1 este viernes 5 de diciembre de 15:00 a 19:00 horas en la Escuela N\u00ba 13 \u201cAlmirante Brown\u201d, ciudad de Ushuaia<\/p>\n<p>La EXPO INCLUSIVA 2025 invita a vecinos, familias, estudiantes, instituciones y a toda la comunidad a sumarse a esta jornada abierta pensada para compartir experiencias, aprender y construir juntos entornos m\u00e1s inclusivos y accesibles.<\/p>\n","protected":false},"excerpt":{"rendered":"<p>El Gobierno de Tierra del Fuego AIAS, a trav\u00e9s de la Secretar\u00eda Provincial de Discapacidad,&#8230;<\/p>\n","protected":false},"author":1,"featured_media":60349,"comment_status":"closed","ping_status":"closed","sticky":false,"template":"","format":"standard","meta":{"footnotes":""},"categories":[3],"tags":[],"class_list":["post-60348","post","type-post","status-publish","format-standard","has-post-thumbnail","hentry","category-noticias"],"jetpack_featured_media_url":"https:\/\/hablemosclarotdf.com.ar\/wp-content\/uploads\/2025\/12\/photo_2025-12-01_12-07-16.jpg","_links":{"self":[{"href":"https:\/\/hablemosclarotdf.com.ar\/index.php?rest_route=\/wp\/v2\/posts\/60348","targetHints":{"allow":["GET"]}}],"collection":[{"href":"https:\/\/hablemosclarotdf.com.ar\/index.php?rest_route=\/wp\/v2\/posts"}],"about":[{"href":"https:\/\/hablemosclarotdf.com.ar\/index.php?rest_route=\/wp\/v2\/types\/post"}],"author":[{"embeddable":true,"href":"https:\/\/hablemosclarotdf.com.ar\/index.php?rest_route=\/wp\/v2\/users\/1"}],"replies":[{"embeddable":true,"href":"https:\/\/hablemosclarotdf.com.ar\/index.php?rest_route=%2Fwp%2Fv2%2Fcomments&post=60348"}],"version-history":[{"count":1,"href":"https:\/\/hablemosclarotdf.com.ar\/index.php?rest_route=\/wp\/v2\/posts\/60348\/revisions"}],"predecessor-version":[{"id":60350,"href":"https:\/\/hablemosclarotdf.com.ar\/index.php?rest_route=\/wp\/v2\/posts\/60348\/revisions\/60350"}],"wp:featuredmedia":[{"embeddable":true,"href":"https:\/\/hablemosclarotdf.com.ar\/index.php?rest_route=\/wp\/v2\/media\/60349"}],"wp:attachment":[{"href":"https:\/\/hablemosclarotdf.com.ar\/index.php?rest_route=%2Fwp%2Fv2%2Fmedia&parent=60348"}],"wp:term":[{"taxonomy":"category","embeddable":true,"href":"https:\/\/hablemosclarotdf.com.ar\/index.php?rest_route=%2Fwp%2Fv2%2Fcategories&post=60348"},{"taxonomy":"post_tag","embeddable":true,"href":"https:\/\/hablemosclarotdf.com.ar\/index.php?rest_route=%2Fwp%2Fv2%2Ftags&post=60348"}],"curies":[{"name":"wp","href":"https:\/\/api.w.org\/{rel}","templated":true}]}}