{"id":60340,"date":"2025-12-01T12:06:04","date_gmt":"2025-12-01T15:06:04","guid":{"rendered":"https:\/\/hablemosclarotdf.com.ar\/?p=60340"},"modified":"2025-12-01T12:06:04","modified_gmt":"2025-12-01T15:06:04","slug":"la-provincia-fortalece-el-sistema-de-proteccion-integral-de-la-ninez-adolescencia-y-familia","status":"publish","type":"post","link":"https:\/\/hablemosclarotdf.com.ar\/?p=60340","title":{"rendered":"LA PROVINCIA FORTALECE EL SISTEMA DE PROTECCI\u00d3N INTEGRAL DE LA NI\u00d1EZ, ADOLESCENCIA Y FAMILIA"},"content":{"rendered":"<p>Con una agenda centrada en la actualizaci\u00f3n de las pol\u00edticas p\u00fablicas y el protagonismo de las juventudes, se concret\u00f3 una nueva sesi\u00f3n del Consejo Provincial de Ni\u00f1ez, Adolescencia y Familia. La jornada permiti\u00f3 formalizar l\u00edneas de acci\u00f3n interinstitucionales para establecer acuerdos estrat\u00e9gicos ante el actual contexto nacional y provincial.<\/p>\n<p>La reuni\u00f3n fue encabezada por la Secretar\u00eda de Ni\u00f1ez, Adolescencia y Familia, logrando una convocatoria transversal que reuni\u00f3 a representantes de los Ministerios de Bienestar Ciudadano, Salud y Educaci\u00f3n; autoridades del Poder Judicial; referentes de los municipios y miembros de organizaciones no gubernamentales.<\/p>\n<p>Durante la sesi\u00f3n, se abord\u00f3 un orden del d\u00eda que responde a las urgencias y desaf\u00edos actuales, estructurado en cuatro ejes claves: el fortalecimiento de los dispositivos de acompa\u00f1amiento al egreso; la salud integral de ni\u00f1os, ni\u00f1as y adolescentes; los cuidados entendidos como pol\u00edtica p\u00fablica y Derecho Humano; y el rol estrat\u00e9gico de los municipios como primer nivel de intervenci\u00f3n.<\/p>\n<p>El Secretario de Ni\u00f1ez, Adolescencia y Familia, Mariano Ponce, destac\u00f3 que &#8220;este escenario nos brinda la plataforma necesaria para pensar decisiones construidas colectivamente. Es fundamental generar estos encuentros en el marco de la ley para potenciar la corresponsabilidad con las organizaciones e instituciones y definir hacia d\u00f3nde conducir las pol\u00edticas p\u00fablicas en esta coyuntura&#8221;.<\/p>\n<p>Asimismo, el funcionario hizo hincapi\u00e9 en la metodolog\u00eda participativa de la sesi\u00f3n, &#8220;Nos parec\u00eda clave sumar las voces de los pibes y las pibas, evitando que sea una mesa adultoc\u00e9ntrica donde las instituciones toman distancia. Su participaci\u00f3n activa nos permite construir cr\u00edticamente y ajustar las pol\u00edticas p\u00fablicas a sus realidades y necesidades\u201d.<\/p>\n<p>Cabe destacar que el Consejo tiene entre sus funciones principales fiscalizar la protecci\u00f3n de derechos y promover la participaci\u00f3n ciudadana. El horizonte trazado tras esta sesi\u00f3n apunta a consolidar redes locales de protecci\u00f3n y establecer mecanismos de seguimiento y evaluaci\u00f3n conjunta del Sistema de Protecci\u00f3n Integral en todo el territorio provincial.<\/p>\n<p><img loading=\"lazy\" decoding=\"async\" class=\"alignnone size-medium wp-image-60342\" src=\"https:\/\/hablemosclarotdf.com.ar\/wp-content\/uploads\/2025\/12\/photo_2025-12-01_12-04-45-300x200.jpg\" alt=\"\" width=\"300\" height=\"200\" srcset=\"https:\/\/hablemosclarotdf.com.ar\/wp-content\/uploads\/2025\/12\/photo_2025-12-01_12-04-45-300x200.jpg 300w, https:\/\/hablemosclarotdf.com.ar\/wp-content\/uploads\/2025\/12\/photo_2025-12-01_12-04-45-1024x683.jpg 1024w, https:\/\/hablemosclarotdf.com.ar\/wp-content\/uploads\/2025\/12\/photo_2025-12-01_12-04-45-768x512.jpg 768w, https:\/\/hablemosclarotdf.com.ar\/wp-content\/uploads\/2025\/12\/photo_2025-12-01_12-04-45.jpg 1280w\" sizes=\"auto, (max-width: 300px) 100vw, 300px\" \/> <img loading=\"lazy\" decoding=\"async\" class=\"alignnone size-medium wp-image-60343\" src=\"https:\/\/hablemosclarotdf.com.ar\/wp-content\/uploads\/2025\/12\/photo_2025-12-01_12-04-49-300x200.jpg\" alt=\"\" width=\"300\" height=\"200\" srcset=\"https:\/\/hablemosclarotdf.com.ar\/wp-content\/uploads\/2025\/12\/photo_2025-12-01_12-04-49-300x200.jpg 300w, https:\/\/hablemosclarotdf.com.ar\/wp-content\/uploads\/2025\/12\/photo_2025-12-01_12-04-49-1024x682.jpg 1024w, https:\/\/hablemosclarotdf.com.ar\/wp-content\/uploads\/2025\/12\/photo_2025-12-01_12-04-49-768x512.jpg 768w, https:\/\/hablemosclarotdf.com.ar\/wp-content\/uploads\/2025\/12\/photo_2025-12-01_12-04-49.jpg 1280w\" sizes=\"auto, (max-width: 300px) 100vw, 300px\" \/> <img loading=\"lazy\" decoding=\"async\" class=\"alignnone size-medium wp-image-60344\" src=\"https:\/\/hablemosclarotdf.com.ar\/wp-content\/uploads\/2025\/12\/photo_2025-12-01_12-04-53-300x200.jpg\" alt=\"\" width=\"300\" height=\"200\" srcset=\"https:\/\/hablemosclarotdf.com.ar\/wp-content\/uploads\/2025\/12\/photo_2025-12-01_12-04-53-300x200.jpg 300w, https:\/\/hablemosclarotdf.com.ar\/wp-content\/uploads\/2025\/12\/photo_2025-12-01_12-04-53-1024x682.jpg 1024w, https:\/\/hablemosclarotdf.com.ar\/wp-content\/uploads\/2025\/12\/photo_2025-12-01_12-04-53-768x512.jpg 768w, https:\/\/hablemosclarotdf.com.ar\/wp-content\/uploads\/2025\/12\/photo_2025-12-01_12-04-53.jpg 1280w\" sizes=\"auto, (max-width: 300px) 100vw, 300px\" \/> <img loading=\"lazy\" decoding=\"async\" class=\"alignnone size-medium wp-image-60345\" src=\"https:\/\/hablemosclarotdf.com.ar\/wp-content\/uploads\/2025\/12\/photo_2025-12-01_12-04-57-300x200.jpg\" alt=\"\" width=\"300\" height=\"200\" srcset=\"https:\/\/hablemosclarotdf.com.ar\/wp-content\/uploads\/2025\/12\/photo_2025-12-01_12-04-57-300x200.jpg 300w, https:\/\/hablemosclarotdf.com.ar\/wp-content\/uploads\/2025\/12\/photo_2025-12-01_12-04-57-1024x682.jpg 1024w, https:\/\/hablemosclarotdf.com.ar\/wp-content\/uploads\/2025\/12\/photo_2025-12-01_12-04-57-768x512.jpg 768w, https:\/\/hablemosclarotdf.com.ar\/wp-content\/uploads\/2025\/12\/photo_2025-12-01_12-04-57.jpg 1280w\" sizes=\"auto, (max-width: 300px) 100vw, 300px\" \/> <img loading=\"lazy\" decoding=\"async\" class=\"alignnone size-medium wp-image-60346\" src=\"https:\/\/hablemosclarotdf.com.ar\/wp-content\/uploads\/2025\/12\/photo_2025-12-01_12-05-01-300x200.jpg\" alt=\"\" width=\"300\" height=\"200\" srcset=\"https:\/\/hablemosclarotdf.com.ar\/wp-content\/uploads\/2025\/12\/photo_2025-12-01_12-05-01-300x200.jpg 300w, https:\/\/hablemosclarotdf.com.ar\/wp-content\/uploads\/2025\/12\/photo_2025-12-01_12-05-01-1024x682.jpg 1024w, https:\/\/hablemosclarotdf.com.ar\/wp-content\/uploads\/2025\/12\/photo_2025-12-01_12-05-01-768x512.jpg 768w, https:\/\/hablemosclarotdf.com.ar\/wp-content\/uploads\/2025\/12\/photo_2025-12-01_12-05-01.jpg 1280w\" sizes=\"auto, (max-width: 300px) 100vw, 300px\" \/><\/p>\n","protected":false},"excerpt":{"rendered":"<p>Con una agenda centrada en la actualizaci\u00f3n de las pol\u00edticas p\u00fablicas y el protagonismo de&#8230;<\/p>\n","protected":false},"author":1,"featured_media":60341,"comment_status":"closed","ping_status":"closed","sticky":false,"template":"","format":"standard","meta":{"footnotes":""},"categories":[3],"tags":[],"class_list":["post-60340","post","type-post","status-publish","format-standard","has-post-thumbnail","hentry","category-noticias"],"jetpack_featured_media_url":"https:\/\/hablemosclarotdf.com.ar\/wp-content\/uploads\/2025\/12\/photo_2025-12-01_12-04-41.jpg","_links":{"self":[{"href":"https:\/\/hablemosclarotdf.com.ar\/index.php?rest_route=\/wp\/v2\/posts\/60340","targetHints":{"allow":["GET"]}}],"collection":[{"href":"https:\/\/hablemosclarotdf.com.ar\/index.php?rest_route=\/wp\/v2\/posts"}],"about":[{"href":"https:\/\/hablemosclarotdf.com.ar\/index.php?rest_route=\/wp\/v2\/types\/post"}],"author":[{"embeddable":true,"href":"https:\/\/hablemosclarotdf.com.ar\/index.php?rest_route=\/wp\/v2\/users\/1"}],"replies":[{"embeddable":true,"href":"https:\/\/hablemosclarotdf.com.ar\/index.php?rest_route=%2Fwp%2Fv2%2Fcomments&post=60340"}],"version-history":[{"count":1,"href":"https:\/\/hablemosclarotdf.com.ar\/index.php?rest_route=\/wp\/v2\/posts\/60340\/revisions"}],"predecessor-version":[{"id":60347,"href":"https:\/\/hablemosclarotdf.com.ar\/index.php?rest_route=\/wp\/v2\/posts\/60340\/revisions\/60347"}],"wp:featuredmedia":[{"embeddable":true,"href":"https:\/\/hablemosclarotdf.com.ar\/index.php?rest_route=\/wp\/v2\/media\/60341"}],"wp:attachment":[{"href":"https:\/\/hablemosclarotdf.com.ar\/index.php?rest_route=%2Fwp%2Fv2%2Fmedia&parent=60340"}],"wp:term":[{"taxonomy":"category","embeddable":true,"href":"https:\/\/hablemosclarotdf.com.ar\/index.php?rest_route=%2Fwp%2Fv2%2Fcategories&post=60340"},{"taxonomy":"post_tag","embeddable":true,"href":"https:\/\/hablemosclarotdf.com.ar\/index.php?rest_route=%2Fwp%2Fv2%2Ftags&post=60340"}],"curies":[{"name":"wp","href":"https:\/\/api.w.org\/{rel}","templated":true}]}}