{"id":60327,"date":"2025-12-01T11:59:26","date_gmt":"2025-12-01T14:59:26","guid":{"rendered":"https:\/\/hablemosclarotdf.com.ar\/?p=60327"},"modified":"2025-12-01T11:59:26","modified_gmt":"2025-12-01T14:59:26","slug":"rio-grande-apertura-del-mercado-del-atlantico-rio-grande-y-rio-gallegos-sellan-una-alianza-productiva","status":"publish","type":"post","link":"https:\/\/hablemosclarotdf.com.ar\/?p=60327","title":{"rendered":"RIO GRANDE : APERTURA DEL MERCADO DEL ATL\u00c1NTICO: R\u00cdO GRANDE Y R\u00cdO GALLEGOS SELLAN UNA ALIANZA PRODUCTIVA"},"content":{"rendered":"<p>El intendente de R\u00edo Grande, Mart\u00edn Perez, destac\u00f3 la apertura de este nuevo espacio, el cual es fruto de la alianza de trabajo entre ambos municipios, reafirmando el compromiso conjunto de potenciar el entramado emprendedor, fortalecer la econom\u00eda regional y acompa\u00f1ar a quienes construyen el presente y el futuro de Tierra del Fuego y la Patagonia.<\/p>\n<p>Los intendentes de R\u00edo Grande y R\u00edo Gallegos, Mart\u00edn Perez y Pablo Grasso, inauguraron el \u201cMercado del Atl\u00e1ntico\u201d, un espacio que nace para potenciar el ecosistema local a trav\u00e9s de la producci\u00f3n, la creatividad y el talento de las y los emprendedores de la regi\u00f3n.<\/p>\n<p>Asimismo, este nuevo mercado se proyecta como un atractivo para el turismo, ofreciendo una experiencia que integra identidad, cultura y desarrollo, y que pone en valor el trabajo de quienes d\u00eda a d\u00eda impulsan la econom\u00eda local.<\/p>\n<p>Tal acci\u00f3n se da en el marco del convenio de colaboraci\u00f3n firmado por los intendentes de R\u00edo Grande y R\u00edo Gallegos, con el fin de generar un impacto positivo y sostenible en el crecimiento y fortalecimiento de ambas ciudades, ampliando las oportunidades de intercambio, cooperaci\u00f3n y transferencia de conocimientos.<\/p>\n<p>Al respecto, el intendente Mart\u00edn Perez destac\u00f3 que \u201cjunto a Pablo, nos propusimos unir nuestras provincias, nuestras culturas y nuestras ciudades. El Estrecho de Magallanes no debe separarnos, sino debe impulsarnos a trabajar cada vez m\u00e1s cerca\u201d y agreg\u00f3 \u201ceste mercado es el resultado de un trabajo conjunto que pone en valor la producci\u00f3n local. El potencial que tienen R\u00edo Grande y Santa Cruz es enorme y debemos plasmarlo en acciones concretas\u201d.<\/p>\n<p>Asimismo, el intendente subray\u00f3 que \u201cR\u00edo Grande y R\u00edo Gallegos no solo colaboran en materia productiva. Tambi\u00e9n lo hacemos en deporte, en cultura y en el acompa\u00f1amiento a nuestros j\u00f3venes que estudian fuera de la provincia\u201d.<\/p>\n<p>\u201cEn un momento tan dif\u00edcil para el pa\u00eds, nuestra responsabilidad es estar cerca, acompa\u00f1ar y sostener a quienes producen. No creemos en un Estado que se corre: creemos en un Estado presente que impulsa el trabajo y en una comunidad solidaria, que trabaja junta y se acompa\u00f1a\u201d indic\u00f3.<\/p>\n<p>Para concluir, Perez agradeci\u00f3: \u201ca las y los emprendedores, y les pido que sigamos trabajando juntos. R\u00edo Grande es una ciudad con mucha fuerza, y esa fuerza debe servir para que nuestra comunidad crezca y nuestra gente viva mejor\u201d.<\/p>\n<p>Por su parte, el intendente de R\u00edo Gallegos, Pablo Grasso sostuvo que \u201ceste Mercado es parte de un trabajo articulado que va mucho m\u00e1s all\u00e1, con la Casa de J\u00f3venes en C\u00f3rdoba y estamos avanzando en integraci\u00f3n, en proyectos conjuntos y en una mirada compartida para fortalecer la regi\u00f3n desde abajo hacia arriba, con recursos, ideas y equipos que impulsan la producci\u00f3n local\u201d.<\/p>\n<p>Grasso destac\u00f3 que \u201ctenemos que defender nuestra soberan\u00eda, nuestros productos, nuestro empleo y nuestra identidad. Ese es el camino que sostiene a nuestras comunidades. Aunque muchas veces el pa\u00eds se define lejos de nuestra Patagonia, podemos ser la punta de lanza que lleve nuestra identidad y nuestros productos a toda la Argentina\u201d.<\/p>\n<p>Finalmente, el secretario de Desarrollo Productivo, Facundo Armas subray\u00f3 que \u201cesta propuesta nace de la cooperaci\u00f3n con una ciudad hermana como R\u00edo Gallegos y representa integraci\u00f3n regional: econ\u00f3mica, cultural, social, productiva y soberana. Este paseo vuelve a convertirse en un espacio emblem\u00e1tico para mostrar lo que producimos\u201d.<\/p>\n<p>La inauguraci\u00f3n cont\u00f3 con la presencia del legislador Mat\u00edas Lapadula; las concejalas Guadalupe Zamora y Alejandra Arce; representantes de Andreani, Banco Macro y Fundaci\u00f3n Mirgor; emprendedores y productores; y miembros del gabinete municipal.<\/p>\n<p><img loading=\"lazy\" decoding=\"async\" class=\"alignnone size-medium wp-image-60329\" src=\"https:\/\/hablemosclarotdf.com.ar\/wp-content\/uploads\/2025\/12\/photo_2025-12-01_11-58-17-300x200.jpg\" alt=\"\" width=\"300\" height=\"200\" srcset=\"https:\/\/hablemosclarotdf.com.ar\/wp-content\/uploads\/2025\/12\/photo_2025-12-01_11-58-17-300x200.jpg 300w, https:\/\/hablemosclarotdf.com.ar\/wp-content\/uploads\/2025\/12\/photo_2025-12-01_11-58-17-1024x682.jpg 1024w, https:\/\/hablemosclarotdf.com.ar\/wp-content\/uploads\/2025\/12\/photo_2025-12-01_11-58-17-768x512.jpg 768w, https:\/\/hablemosclarotdf.com.ar\/wp-content\/uploads\/2025\/12\/photo_2025-12-01_11-58-17.jpg 1280w\" sizes=\"auto, (max-width: 300px) 100vw, 300px\" \/> <img loading=\"lazy\" decoding=\"async\" class=\"alignnone size-medium wp-image-60330\" src=\"https:\/\/hablemosclarotdf.com.ar\/wp-content\/uploads\/2025\/12\/photo_2025-12-01_11-58-21-300x200.jpg\" alt=\"\" width=\"300\" height=\"200\" srcset=\"https:\/\/hablemosclarotdf.com.ar\/wp-content\/uploads\/2025\/12\/photo_2025-12-01_11-58-21-300x200.jpg 300w, https:\/\/hablemosclarotdf.com.ar\/wp-content\/uploads\/2025\/12\/photo_2025-12-01_11-58-21-1024x682.jpg 1024w, https:\/\/hablemosclarotdf.com.ar\/wp-content\/uploads\/2025\/12\/photo_2025-12-01_11-58-21-768x512.jpg 768w, https:\/\/hablemosclarotdf.com.ar\/wp-content\/uploads\/2025\/12\/photo_2025-12-01_11-58-21.jpg 1280w\" sizes=\"auto, (max-width: 300px) 100vw, 300px\" \/><\/p>\n","protected":false},"excerpt":{"rendered":"<p>El intendente de R\u00edo Grande, Mart\u00edn Perez, destac\u00f3 la apertura de este nuevo espacio, el&#8230;<\/p>\n","protected":false},"author":1,"featured_media":60328,"comment_status":"closed","ping_status":"closed","sticky":false,"template":"","format":"standard","meta":{"footnotes":""},"categories":[3],"tags":[],"class_list":["post-60327","post","type-post","status-publish","format-standard","has-post-thumbnail","hentry","category-noticias"],"jetpack_featured_media_url":"https:\/\/hablemosclarotdf.com.ar\/wp-content\/uploads\/2025\/12\/photo_2025-12-01_11-58-09.jpg","_links":{"self":[{"href":"https:\/\/hablemosclarotdf.com.ar\/index.php?rest_route=\/wp\/v2\/posts\/60327","targetHints":{"allow":["GET"]}}],"collection":[{"href":"https:\/\/hablemosclarotdf.com.ar\/index.php?rest_route=\/wp\/v2\/posts"}],"about":[{"href":"https:\/\/hablemosclarotdf.com.ar\/index.php?rest_route=\/wp\/v2\/types\/post"}],"author":[{"embeddable":true,"href":"https:\/\/hablemosclarotdf.com.ar\/index.php?rest_route=\/wp\/v2\/users\/1"}],"replies":[{"embeddable":true,"href":"https:\/\/hablemosclarotdf.com.ar\/index.php?rest_route=%2Fwp%2Fv2%2Fcomments&post=60327"}],"version-history":[{"count":1,"href":"https:\/\/hablemosclarotdf.com.ar\/index.php?rest_route=\/wp\/v2\/posts\/60327\/revisions"}],"predecessor-version":[{"id":60331,"href":"https:\/\/hablemosclarotdf.com.ar\/index.php?rest_route=\/wp\/v2\/posts\/60327\/revisions\/60331"}],"wp:featuredmedia":[{"embeddable":true,"href":"https:\/\/hablemosclarotdf.com.ar\/index.php?rest_route=\/wp\/v2\/media\/60328"}],"wp:attachment":[{"href":"https:\/\/hablemosclarotdf.com.ar\/index.php?rest_route=%2Fwp%2Fv2%2Fmedia&parent=60327"}],"wp:term":[{"taxonomy":"category","embeddable":true,"href":"https:\/\/hablemosclarotdf.com.ar\/index.php?rest_route=%2Fwp%2Fv2%2Fcategories&post=60327"},{"taxonomy":"post_tag","embeddable":true,"href":"https:\/\/hablemosclarotdf.com.ar\/index.php?rest_route=%2Fwp%2Fv2%2Ftags&post=60327"}],"curies":[{"name":"wp","href":"https:\/\/api.w.org\/{rel}","templated":true}]}}