{"id":60312,"date":"2025-12-01T11:48:05","date_gmt":"2025-12-01T14:48:05","guid":{"rendered":"https:\/\/hablemosclarotdf.com.ar\/?p=60312"},"modified":"2025-12-01T11:48:05","modified_gmt":"2025-12-01T14:48:05","slug":"c-d-tolhuin-el-concejo-de-tolhuin-aprobo-el-presupuesto-2026-y-avanzo-en-multiples-iniciativas-comunitarias-y-de-control-institucional","status":"publish","type":"post","link":"https:\/\/hablemosclarotdf.com.ar\/?p=60312","title":{"rendered":"C.D.TOLHUIN : El Concejo de Tolhuin aprob\u00f3 el Presupuesto 2026 y avanz\u00f3 en m\u00faltiples iniciativas comunitarias y de control institucional"},"content":{"rendered":"<p>TOLHUIN, 01 de diciembre de 2025. &#8211; En su \u00faltima Sesi\u00f3n Ordinaria este pasado viernes 28 de noviembre, el Concejo Deliberante de Tolhuin sancion\u00f3 la ordenanza del Presupuesto Municipal 2026, fijando recursos por $28.497 millones y gastos por $29.461 millones, con un resultado econ\u00f3mico negativo, pero balance financiero igualado en cero. Los concejales aclararon que el 14% asignado al Concejo, poco m\u00e1s de 4.000 millones de pesos, se destina exclusivamente a salarios, aportes y funcionamiento institucional, sin solicitud de vi\u00e1ticos ni fondos extra.<\/p>\n<p>El presupuesto incluye el plan de obras 2026, fondos de la Ley Provincial 1300 para infraestructura, y contin\u00faa el proceso de ordenamiento administrativo y regularizaci\u00f3n de terrenos fiscales. Se autoriz\u00f3 adem\u00e1s al Ejecutivo a financiar proyectos mediante empr\u00e9stitos o fideicomisos, y a realizar ajustes presupuestarios. Siempre con comunicaci\u00f3n previa al Concejo Deliberante.<\/p>\n<p>En el mismo sentido el Presupuesto 2026 autoriza al Ejecutivo Municipal a la enajenaci\u00f3n de veh\u00edculos y maquinarias con m\u00e1s de diez a\u00f1os de antig\u00fcedad, priorizando el uso eficiente de los recursos p\u00fablicos.<\/p>\n<p>Programas comunitarios e inclusi\u00f3n<\/p>\n<p>La Sesi\u00f3n Ordinaria fue acompa\u00f1ada por vecinos integrantes de la Asociaci\u00f3n \u201cHablemos de Autismo Tierra del Fuego\u201d, junto a su referente Luj\u00e1n Tito, quienes presenciaron la sanci\u00f3n de dos proyectos destacados que promueven la inclusi\u00f3n y la concientizaci\u00f3n social:<\/p>\n<p>1. Programa \u201cBancos Azules\u201d: orientado a la concienciaci\u00f3n sobre el Trastorno del Espectro Autista (TEA). La iniciativa prev\u00e9 la instalaci\u00f3n de bancos en espacios p\u00fablicos y recreativos, brindando espacios de calma y facilitando la inclusi\u00f3n de personas con sobrecarga sensorial. El programa involucra a familias TEA y al \u00c1rea de Discapacidad del Municipio, fomentando respeto y sensibilizaci\u00f3n social.<\/p>\n<p>2. Taller \u201cNi h\u00e9roes ni v\u00edctimas, personas con discapacidad\u201d: desarrollado por la Mg. Lic. Karina Vimonte, con m\u00e1s de 30 a\u00f1os de trayectoria en comunicaci\u00f3n e inclusi\u00f3n. El taller propone actividades educativas y reflexivas que buscan superar estereotipos, promover la equidad y el respeto, involucrando a docentes, familias, estudiantes y p\u00fablico general. Se abordan temas como autonom\u00eda, construcci\u00f3n de v\u00ednculos respetuosos y transformaci\u00f3n cultural de prejuicios. Esta iniciativa fue declarada de inter\u00e9s municipal, y la resoluci\u00f3n se entreg\u00f3 a la referente de la Asociaci\u00f3n \u201cHablemos de Autismo TDF\u201d.<\/p>\n<p>Urbanismo, tierras y ambiente<\/p>\n<p>Los ediles aprobaron una excepci\u00f3n urban\u00edstica para la ampliaci\u00f3n del templo de la Iglesia Cristo es la Respuesta y tambi\u00e9n solicitaron informaci\u00f3n sobre concesiones y c\u00e1nones de la zona R\u00edo Valdez, tierras actualmente en proceso de regularizaci\u00f3n. La medida busca garantizar la correcta administraci\u00f3n de los bienes municipales y permitir la traslaci\u00f3n de dominio a los beneficiarios de las parcelas, asegurando el cumplimiento de la normativa vigente y el ordenamiento territorial.<\/p>\n<p>Control institucional y reclamos vecinales<\/p>\n<p>El Concejo aplic\u00f3 la sanci\u00f3n prevista en la Ordenanza 661\/2024 al Intendente Daniel Harrington, por no responder en tiempo y forma los pedidos de informes aprobados por el Cuerpo. La normativa establece sanciones escalonadas: apercibimiento, descuento sobre haberes y en casos reiterados, interpelaci\u00f3n. La decisi\u00f3n fue aprobada por mayor\u00eda, con el voto negativo de Auat.<br \/>\nAdem\u00e1s, se dieron curso a pedidos de vecinos, incluyendo la ampliaci\u00f3n de la calle Padre Zink por el tr\u00e1nsito de veh\u00edculos de gran porte, y se prorrog\u00f3 la inscripci\u00f3n obligatoria hasta el 31 de diciembre.<\/p>\n<p>La Sesi\u00f3n Ordinaria se encuentra disponible para ser vista en su totalidad en el canal oficial de YouTube del Concejo Deliberante y pr\u00f3ximamente todos los proyectos tratados y aprobados ser\u00e1n publicados en la p\u00e1gina web oficial, concejodeliberantetolhuin.gob.ar.<\/p>\n<p><img loading=\"lazy\" decoding=\"async\" class=\"alignnone size-medium wp-image-60314\" src=\"https:\/\/hablemosclarotdf.com.ar\/wp-content\/uploads\/2025\/12\/photo_2025-12-01_11-43-23-300x225.jpg\" alt=\"\" width=\"300\" height=\"225\" srcset=\"https:\/\/hablemosclarotdf.com.ar\/wp-content\/uploads\/2025\/12\/photo_2025-12-01_11-43-23-300x225.jpg 300w, https:\/\/hablemosclarotdf.com.ar\/wp-content\/uploads\/2025\/12\/photo_2025-12-01_11-43-23-1024x767.jpg 1024w, https:\/\/hablemosclarotdf.com.ar\/wp-content\/uploads\/2025\/12\/photo_2025-12-01_11-43-23-768x575.jpg 768w, https:\/\/hablemosclarotdf.com.ar\/wp-content\/uploads\/2025\/12\/photo_2025-12-01_11-43-23.jpg 1280w\" sizes=\"auto, (max-width: 300px) 100vw, 300px\" \/> <img loading=\"lazy\" decoding=\"async\" class=\"alignnone size-medium wp-image-60315\" src=\"https:\/\/hablemosclarotdf.com.ar\/wp-content\/uploads\/2025\/12\/photo_2025-12-01_11-43-27-300x226.jpg\" alt=\"\" width=\"300\" height=\"226\" srcset=\"https:\/\/hablemosclarotdf.com.ar\/wp-content\/uploads\/2025\/12\/photo_2025-12-01_11-43-27-300x226.jpg 300w, https:\/\/hablemosclarotdf.com.ar\/wp-content\/uploads\/2025\/12\/photo_2025-12-01_11-43-27-1024x770.jpg 1024w, https:\/\/hablemosclarotdf.com.ar\/wp-content\/uploads\/2025\/12\/photo_2025-12-01_11-43-27-768x578.jpg 768w, https:\/\/hablemosclarotdf.com.ar\/wp-content\/uploads\/2025\/12\/photo_2025-12-01_11-43-27.jpg 1199w\" sizes=\"auto, (max-width: 300px) 100vw, 300px\" \/> <img loading=\"lazy\" decoding=\"async\" class=\"alignnone size-medium wp-image-60316\" src=\"https:\/\/hablemosclarotdf.com.ar\/wp-content\/uploads\/2025\/12\/photo_2025-12-01_11-43-32-300x225.jpg\" alt=\"\" width=\"300\" height=\"225\" srcset=\"https:\/\/hablemosclarotdf.com.ar\/wp-content\/uploads\/2025\/12\/photo_2025-12-01_11-43-32-300x225.jpg 300w, https:\/\/hablemosclarotdf.com.ar\/wp-content\/uploads\/2025\/12\/photo_2025-12-01_11-43-32-1024x767.jpg 1024w, https:\/\/hablemosclarotdf.com.ar\/wp-content\/uploads\/2025\/12\/photo_2025-12-01_11-43-32-768x576.jpg 768w, https:\/\/hablemosclarotdf.com.ar\/wp-content\/uploads\/2025\/12\/photo_2025-12-01_11-43-32.jpg 1217w\" sizes=\"auto, (max-width: 300px) 100vw, 300px\" \/> <img loading=\"lazy\" decoding=\"async\" class=\"alignnone size-medium wp-image-60317\" src=\"https:\/\/hablemosclarotdf.com.ar\/wp-content\/uploads\/2025\/12\/photo_2025-12-01_11-43-37-300x225.jpg\" alt=\"\" width=\"300\" height=\"225\" srcset=\"https:\/\/hablemosclarotdf.com.ar\/wp-content\/uploads\/2025\/12\/photo_2025-12-01_11-43-37-300x225.jpg 300w, https:\/\/hablemosclarotdf.com.ar\/wp-content\/uploads\/2025\/12\/photo_2025-12-01_11-43-37-1024x768.jpg 1024w, https:\/\/hablemosclarotdf.com.ar\/wp-content\/uploads\/2025\/12\/photo_2025-12-01_11-43-37-768x576.jpg 768w, https:\/\/hablemosclarotdf.com.ar\/wp-content\/uploads\/2025\/12\/photo_2025-12-01_11-43-37.jpg 1280w\" sizes=\"auto, (max-width: 300px) 100vw, 300px\" \/> <img loading=\"lazy\" decoding=\"async\" class=\"alignnone size-medium wp-image-60318\" src=\"https:\/\/hablemosclarotdf.com.ar\/wp-content\/uploads\/2025\/12\/photo_2025-12-01_11-43-46-300x225.jpg\" alt=\"\" width=\"300\" height=\"225\" srcset=\"https:\/\/hablemosclarotdf.com.ar\/wp-content\/uploads\/2025\/12\/photo_2025-12-01_11-43-46-300x225.jpg 300w, https:\/\/hablemosclarotdf.com.ar\/wp-content\/uploads\/2025\/12\/photo_2025-12-01_11-43-46-1024x767.jpg 1024w, https:\/\/hablemosclarotdf.com.ar\/wp-content\/uploads\/2025\/12\/photo_2025-12-01_11-43-46-768x575.jpg 768w, https:\/\/hablemosclarotdf.com.ar\/wp-content\/uploads\/2025\/12\/photo_2025-12-01_11-43-46.jpg 1280w\" sizes=\"auto, (max-width: 300px) 100vw, 300px\" \/><\/p>\n","protected":false},"excerpt":{"rendered":"<p>TOLHUIN, 01 de diciembre de 2025. &#8211; En su \u00faltima Sesi\u00f3n Ordinaria este pasado viernes&#8230;<\/p>\n","protected":false},"author":1,"featured_media":60313,"comment_status":"closed","ping_status":"closed","sticky":false,"template":"","format":"standard","meta":{"footnotes":""},"categories":[3],"tags":[],"class_list":["post-60312","post","type-post","status-publish","format-standard","has-post-thumbnail","hentry","category-noticias"],"jetpack_featured_media_url":"https:\/\/hablemosclarotdf.com.ar\/wp-content\/uploads\/2025\/12\/photo_2025-12-01_11-43-19.jpg","_links":{"self":[{"href":"https:\/\/hablemosclarotdf.com.ar\/index.php?rest_route=\/wp\/v2\/posts\/60312","targetHints":{"allow":["GET"]}}],"collection":[{"href":"https:\/\/hablemosclarotdf.com.ar\/index.php?rest_route=\/wp\/v2\/posts"}],"about":[{"href":"https:\/\/hablemosclarotdf.com.ar\/index.php?rest_route=\/wp\/v2\/types\/post"}],"author":[{"embeddable":true,"href":"https:\/\/hablemosclarotdf.com.ar\/index.php?rest_route=\/wp\/v2\/users\/1"}],"replies":[{"embeddable":true,"href":"https:\/\/hablemosclarotdf.com.ar\/index.php?rest_route=%2Fwp%2Fv2%2Fcomments&post=60312"}],"version-history":[{"count":1,"href":"https:\/\/hablemosclarotdf.com.ar\/index.php?rest_route=\/wp\/v2\/posts\/60312\/revisions"}],"predecessor-version":[{"id":60319,"href":"https:\/\/hablemosclarotdf.com.ar\/index.php?rest_route=\/wp\/v2\/posts\/60312\/revisions\/60319"}],"wp:featuredmedia":[{"embeddable":true,"href":"https:\/\/hablemosclarotdf.com.ar\/index.php?rest_route=\/wp\/v2\/media\/60313"}],"wp:attachment":[{"href":"https:\/\/hablemosclarotdf.com.ar\/index.php?rest_route=%2Fwp%2Fv2%2Fmedia&parent=60312"}],"wp:term":[{"taxonomy":"category","embeddable":true,"href":"https:\/\/hablemosclarotdf.com.ar\/index.php?rest_route=%2Fwp%2Fv2%2Fcategories&post=60312"},{"taxonomy":"post_tag","embeddable":true,"href":"https:\/\/hablemosclarotdf.com.ar\/index.php?rest_route=%2Fwp%2Fv2%2Ftags&post=60312"}],"curies":[{"name":"wp","href":"https:\/\/api.w.org\/{rel}","templated":true}]}}