{"id":60270,"date":"2025-11-30T20:19:23","date_gmt":"2025-11-30T23:19:23","guid":{"rendered":"https:\/\/hablemosclarotdf.com.ar\/?p=60270"},"modified":"2025-11-30T20:19:23","modified_gmt":"2025-11-30T23:19:23","slug":"tolhuin-vivio-una-exitosa-jornada-de-gimnasia-artistica-con-la-participacion-de-mas-de-50-deportistas","status":"publish","type":"post","link":"https:\/\/hablemosclarotdf.com.ar\/?p=60270","title":{"rendered":"TOLHUIN VIVI\u00d3 UNA EXITOSA JORNADA DE GIMNASIA ART\u00cdSTICA CON LA PARTICIPACI\u00d3N DE M\u00c1S DE 50 DEPORTISTAS"},"content":{"rendered":"<p>La Casa del Deporte de Tolhuin fue el escenario del Segundo Torneo de Gimnasia Art\u00edstica, un evento organizado por la Secretar\u00eda de Deportes que reuni\u00f3 a gimnastas locales y de la ciudad de R\u00edo Grande en una extensa jornada de seis horas.<\/p>\n<p>La competencia incluy\u00f3 el Torneo Nivel 1 en la categor\u00eda femenina y un Encuentro masculino, donde m\u00e1s de cincuenta deportistas, desde iniciantes hasta competidores de las escuelas formativas de Tolhuin, R\u00edo Grande y la escuela Vero Xtreme Gym, demostraron su talento y dedicaci\u00f3n en las pruebas de suelo y salto.<\/p>\n<p>La actividad no solo fue una muestra del crecimiento deportivo, sino que tambi\u00e9n marc\u00f3 el cierre de un a\u00f1o de intenso trabajo y desarrollo para las escuelas preparativas, que se enfocan en el perfeccionamiento de las rutinas de cada atleta.<\/p>\n<p>La jornada cont\u00f3 con una destacada participaci\u00f3n de gimnastas en distintas categor\u00edas<\/p>\n<p>Participantes del encuentro masculino<\/p>\n<p>Categor\u00eda Infantil: Ian Uma\u00f1o.<\/p>\n<p>Categor\u00eda Mini: Luis Fern\u00e1ndez, Valtteri Trucco, Osmani Sanabria, Mirko Caballero, Timoteo Federico.<\/p>\n<p>Categor\u00eda Pre Infantil AC: Tahiel Rodr\u00edguez, Santiago Britez, Ciro Medina.<\/p>\n<p>Categor\u00eda Pre Infantil AC1: Valentino Zalazar.<\/p>\n<p>Categor\u00eda Cadete: Ethan Andreu, Francisco Pagani.<\/p>\n<p>Categor\u00eda Juvenil: Aaron Andreu.<\/p>\n<p>Torneo Nivel 1 Femenino: Podio<\/p>\n<p>Los resultados de la competencia femenina fueron los siguientes:<\/p>\n<p>Categor\u00eda Infantil<\/p>\n<p>Zoe Pampliega<\/p>\n<p>Fernanda Villar<\/p>\n<p>Naila Rivero<\/p>\n<p>Categor\u00eda Pre Infantil<\/p>\n<p>Clarita Andreu<\/p>\n<p>Eluney Jastrzebski<\/p>\n<p>Martina Rodr\u00edguez<\/p>\n<p>Milagro Salazar<\/p>\n<p>Natali Pi\u00f1eiro<\/p>\n<p>Categor\u00eda Mini<\/p>\n<p>Solana Treppo<\/p>\n<p>Victoria Zamora<\/p>\n<p>Naila Harrington<\/p>\n<p>Melisa Moyano<\/p>\n<p>Emilia David<\/p>\n<p>Desde la Secretar\u00eda de Deportes se destac\u00f3 el nivel alcanzado por todos los participantes y felicitaron a las escuelas y entrenadores por el trabajo realizado durante el a\u00f1o, que tuvo su broche de oro en este exitoso torneo que promueve la gimnasia art\u00edstica en la provincia.<\/p>\n<p><img loading=\"lazy\" decoding=\"async\" class=\"alignnone size-medium wp-image-60272\" src=\"https:\/\/hablemosclarotdf.com.ar\/wp-content\/uploads\/2025\/11\/photo_2025-11-30_20-16-55-300x200.jpg\" alt=\"\" width=\"300\" height=\"200\" srcset=\"https:\/\/hablemosclarotdf.com.ar\/wp-content\/uploads\/2025\/11\/photo_2025-11-30_20-16-55-300x200.jpg 300w, https:\/\/hablemosclarotdf.com.ar\/wp-content\/uploads\/2025\/11\/photo_2025-11-30_20-16-55-1024x682.jpg 1024w, https:\/\/hablemosclarotdf.com.ar\/wp-content\/uploads\/2025\/11\/photo_2025-11-30_20-16-55-768x512.jpg 768w, https:\/\/hablemosclarotdf.com.ar\/wp-content\/uploads\/2025\/11\/photo_2025-11-30_20-16-55.jpg 1280w\" sizes=\"auto, (max-width: 300px) 100vw, 300px\" \/> <img loading=\"lazy\" decoding=\"async\" class=\"alignnone size-medium wp-image-60273\" src=\"https:\/\/hablemosclarotdf.com.ar\/wp-content\/uploads\/2025\/11\/photo_2025-11-30_20-16-58-300x200.jpg\" alt=\"\" width=\"300\" height=\"200\" srcset=\"https:\/\/hablemosclarotdf.com.ar\/wp-content\/uploads\/2025\/11\/photo_2025-11-30_20-16-58-300x200.jpg 300w, https:\/\/hablemosclarotdf.com.ar\/wp-content\/uploads\/2025\/11\/photo_2025-11-30_20-16-58-1024x682.jpg 1024w, https:\/\/hablemosclarotdf.com.ar\/wp-content\/uploads\/2025\/11\/photo_2025-11-30_20-16-58-768x512.jpg 768w, https:\/\/hablemosclarotdf.com.ar\/wp-content\/uploads\/2025\/11\/photo_2025-11-30_20-16-58.jpg 1280w\" sizes=\"auto, (max-width: 300px) 100vw, 300px\" \/> <img loading=\"lazy\" decoding=\"async\" class=\"alignnone size-medium wp-image-60274\" src=\"https:\/\/hablemosclarotdf.com.ar\/wp-content\/uploads\/2025\/11\/photo_2025-11-30_20-17-02-300x200.jpg\" alt=\"\" width=\"300\" height=\"200\" srcset=\"https:\/\/hablemosclarotdf.com.ar\/wp-content\/uploads\/2025\/11\/photo_2025-11-30_20-17-02-300x200.jpg 300w, https:\/\/hablemosclarotdf.com.ar\/wp-content\/uploads\/2025\/11\/photo_2025-11-30_20-17-02-1024x682.jpg 1024w, https:\/\/hablemosclarotdf.com.ar\/wp-content\/uploads\/2025\/11\/photo_2025-11-30_20-17-02-768x512.jpg 768w, https:\/\/hablemosclarotdf.com.ar\/wp-content\/uploads\/2025\/11\/photo_2025-11-30_20-17-02.jpg 1280w\" sizes=\"auto, (max-width: 300px) 100vw, 300px\" \/> <img loading=\"lazy\" decoding=\"async\" class=\"alignnone size-medium wp-image-60275\" src=\"https:\/\/hablemosclarotdf.com.ar\/wp-content\/uploads\/2025\/11\/photo_2025-11-30_20-17-06-300x200.jpg\" alt=\"\" width=\"300\" height=\"200\" srcset=\"https:\/\/hablemosclarotdf.com.ar\/wp-content\/uploads\/2025\/11\/photo_2025-11-30_20-17-06-300x200.jpg 300w, https:\/\/hablemosclarotdf.com.ar\/wp-content\/uploads\/2025\/11\/photo_2025-11-30_20-17-06-1024x682.jpg 1024w, https:\/\/hablemosclarotdf.com.ar\/wp-content\/uploads\/2025\/11\/photo_2025-11-30_20-17-06-768x512.jpg 768w, https:\/\/hablemosclarotdf.com.ar\/wp-content\/uploads\/2025\/11\/photo_2025-11-30_20-17-06.jpg 1280w\" sizes=\"auto, (max-width: 300px) 100vw, 300px\" \/> <img loading=\"lazy\" decoding=\"async\" class=\"alignnone size-medium wp-image-60276\" src=\"https:\/\/hablemosclarotdf.com.ar\/wp-content\/uploads\/2025\/11\/photo_2025-11-30_20-17-11-300x200.jpg\" alt=\"\" width=\"300\" height=\"200\" srcset=\"https:\/\/hablemosclarotdf.com.ar\/wp-content\/uploads\/2025\/11\/photo_2025-11-30_20-17-11-300x200.jpg 300w, https:\/\/hablemosclarotdf.com.ar\/wp-content\/uploads\/2025\/11\/photo_2025-11-30_20-17-11-1024x682.jpg 1024w, https:\/\/hablemosclarotdf.com.ar\/wp-content\/uploads\/2025\/11\/photo_2025-11-30_20-17-11-768x512.jpg 768w, https:\/\/hablemosclarotdf.com.ar\/wp-content\/uploads\/2025\/11\/photo_2025-11-30_20-17-11.jpg 1280w\" sizes=\"auto, (max-width: 300px) 100vw, 300px\" \/> <img loading=\"lazy\" decoding=\"async\" class=\"alignnone size-medium wp-image-60277\" src=\"https:\/\/hablemosclarotdf.com.ar\/wp-content\/uploads\/2025\/11\/photo_2025-11-30_20-17-16-300x200.jpg\" alt=\"\" width=\"300\" height=\"200\" srcset=\"https:\/\/hablemosclarotdf.com.ar\/wp-content\/uploads\/2025\/11\/photo_2025-11-30_20-17-16-300x200.jpg 300w, https:\/\/hablemosclarotdf.com.ar\/wp-content\/uploads\/2025\/11\/photo_2025-11-30_20-17-16-1024x682.jpg 1024w, https:\/\/hablemosclarotdf.com.ar\/wp-content\/uploads\/2025\/11\/photo_2025-11-30_20-17-16-768x512.jpg 768w, https:\/\/hablemosclarotdf.com.ar\/wp-content\/uploads\/2025\/11\/photo_2025-11-30_20-17-16.jpg 1280w\" sizes=\"auto, (max-width: 300px) 100vw, 300px\" \/> <img loading=\"lazy\" decoding=\"async\" class=\"alignnone size-medium wp-image-60278\" src=\"https:\/\/hablemosclarotdf.com.ar\/wp-content\/uploads\/2025\/11\/photo_2025-11-30_20-17-21-300x200.jpg\" alt=\"\" width=\"300\" height=\"200\" srcset=\"https:\/\/hablemosclarotdf.com.ar\/wp-content\/uploads\/2025\/11\/photo_2025-11-30_20-17-21-300x200.jpg 300w, https:\/\/hablemosclarotdf.com.ar\/wp-content\/uploads\/2025\/11\/photo_2025-11-30_20-17-21-1024x682.jpg 1024w, https:\/\/hablemosclarotdf.com.ar\/wp-content\/uploads\/2025\/11\/photo_2025-11-30_20-17-21-768x512.jpg 768w, https:\/\/hablemosclarotdf.com.ar\/wp-content\/uploads\/2025\/11\/photo_2025-11-30_20-17-21.jpg 1280w\" sizes=\"auto, (max-width: 300px) 100vw, 300px\" \/><\/p>\n","protected":false},"excerpt":{"rendered":"<p>La Casa del Deporte de Tolhuin fue el escenario del Segundo Torneo de Gimnasia Art\u00edstica,&#8230;<\/p>\n","protected":false},"author":1,"featured_media":60271,"comment_status":"closed","ping_status":"closed","sticky":false,"template":"","format":"standard","meta":{"footnotes":""},"categories":[3],"tags":[],"class_list":["post-60270","post","type-post","status-publish","format-standard","has-post-thumbnail","hentry","category-noticias"],"jetpack_featured_media_url":"https:\/\/hablemosclarotdf.com.ar\/wp-content\/uploads\/2025\/11\/photo_2025-11-30_20-16-50.jpg","_links":{"self":[{"href":"https:\/\/hablemosclarotdf.com.ar\/index.php?rest_route=\/wp\/v2\/posts\/60270","targetHints":{"allow":["GET"]}}],"collection":[{"href":"https:\/\/hablemosclarotdf.com.ar\/index.php?rest_route=\/wp\/v2\/posts"}],"about":[{"href":"https:\/\/hablemosclarotdf.com.ar\/index.php?rest_route=\/wp\/v2\/types\/post"}],"author":[{"embeddable":true,"href":"https:\/\/hablemosclarotdf.com.ar\/index.php?rest_route=\/wp\/v2\/users\/1"}],"replies":[{"embeddable":true,"href":"https:\/\/hablemosclarotdf.com.ar\/index.php?rest_route=%2Fwp%2Fv2%2Fcomments&post=60270"}],"version-history":[{"count":1,"href":"https:\/\/hablemosclarotdf.com.ar\/index.php?rest_route=\/wp\/v2\/posts\/60270\/revisions"}],"predecessor-version":[{"id":60279,"href":"https:\/\/hablemosclarotdf.com.ar\/index.php?rest_route=\/wp\/v2\/posts\/60270\/revisions\/60279"}],"wp:featuredmedia":[{"embeddable":true,"href":"https:\/\/hablemosclarotdf.com.ar\/index.php?rest_route=\/wp\/v2\/media\/60271"}],"wp:attachment":[{"href":"https:\/\/hablemosclarotdf.com.ar\/index.php?rest_route=%2Fwp%2Fv2%2Fmedia&parent=60270"}],"wp:term":[{"taxonomy":"category","embeddable":true,"href":"https:\/\/hablemosclarotdf.com.ar\/index.php?rest_route=%2Fwp%2Fv2%2Fcategories&post=60270"},{"taxonomy":"post_tag","embeddable":true,"href":"https:\/\/hablemosclarotdf.com.ar\/index.php?rest_route=%2Fwp%2Fv2%2Ftags&post=60270"}],"curies":[{"name":"wp","href":"https:\/\/api.w.org\/{rel}","templated":true}]}}