{"id":60265,"date":"2025-11-30T17:05:28","date_gmt":"2025-11-30T20:05:28","guid":{"rendered":"https:\/\/hablemosclarotdf.com.ar\/?p=60265"},"modified":"2025-11-30T17:05:28","modified_gmt":"2025-11-30T20:05:28","slug":"las-provincias-patagonicas-unen-su-voz-para-exigir-el-mantenimiento-urgente-de-las-rutas-nacionales","status":"publish","type":"post","link":"https:\/\/hablemosclarotdf.com.ar\/?p=60265","title":{"rendered":"LAS PROVINCIAS PATAG\u00d3NICAS UNEN SU VOZ PARA EXIGIR EL MANTENIMIENTO URGENTE DE LAS RUTAS NACIONALES"},"content":{"rendered":"<p>En el marco de la Asamblea Extraordinaria Anual del Consejo Vial Federal, las autoridades viales de la Patagonia elevaron un reclamo un\u00e1nime y urgente al Ejecutivo nacional ante la cr\u00edtica falta de mantenimiento e inversi\u00f3n en la red de rutas nacionales de la regi\u00f3n, una situaci\u00f3n que afecta directamente el desarrollo, la conectividad y la seguridad de sus habitantes.<\/p>\n<p>La preocupaci\u00f3n fue formalmente planteada durante la asamblea, donde los representantes de Vialidad Nacional tomaron nota del reclamo, pero no ofrecieron respuestas concretas ni sobre este tema ni acerca de las deudas financieras que el organismo mantiene con las provincias, lo que genera una mayor incertidumbre.<\/p>\n<p>Previo a la asamblea federal, las m\u00e1ximas autoridades viales de las provincias patag\u00f3nicas se reunieron en la Casa de Tierra del Fuego para coordinar una posici\u00f3n com\u00fan. El an\u00e1lisis concluy\u00f3 que el estado de la Ruta Nacional 3, vial troncal para toda la regi\u00f3n, es emblem\u00e1tico de un problema generalizado de abandono.<\/p>\n<p>La presidenta de la Direcci\u00f3n Provincial de Vialidad, Ileana Zarantonello, fue contundente al se\u00f1alar que \u201cla Ruta Nacional N\u00b03 es troncal para toda la Patagonia y resulta fundamental mantenerla en condiciones adecuadas de transitabilidad. La falta de mantenimiento e infraestructura en la red vial, tanto en la regi\u00f3n como en el pa\u00eds, es realmente preocupante. Esta situaci\u00f3n no solo dificulta el tr\u00e1nsito cotidiano, sino que impacta en la log\u00edstica, el turismo y la econom\u00eda regional\u201d.<\/p>\n<p>Frente a este escenario cr\u00edtico, los referentes patag\u00f3nicos acordaron planificar pautas de trabajo conjunto para el pr\u00f3ximo a\u00f1o y establecer una mesa de di\u00e1logo permanente. El objetivo es generar encuentros m\u00e1s frecuentes que permitan compartir estrategias, unificar reclamos y replicar las soluciones que cada provincia haya implementado para paliar la crisis, fortaleciendo as\u00ed las pol\u00edticas destinadas a mejorar las rutas provinciales ante la inacci\u00f3n nacional.<\/p>\n<p>Zarantonello, quien adem\u00e1s fue elegida vicepresidenta del Consejo Vial Federal en la misma asamblea, concluy\u00f3 reflexionando sobre los l\u00edmites de la gesti\u00f3n provincial: \u201cLo que qued\u00f3 claro en nuestro encuentro es que, m\u00e1s all\u00e1 de la voluntad y la iniciativa de los organismos provinciales, existen l\u00edmites de jurisdicci\u00f3n y recursos que condicionan el accionar. El estado de las rutas nacionales es responsabilidad del gobierno nacional, y no podemos suplir su falta de inversi\u00f3n de manera indefinida\u201d.<\/p>\n<p>Las provincias patag\u00f3nicas esperan que este reclamo unificado impulse una respuesta inmediata y concreta por parte del Gobierno Nacional, que se traduzca en obras de mantenimiento urgentes y en la asignaci\u00f3n de partidas presupuestarias acordes a la vastedad y las necesidades cr\u00edticas de la red vial sur.<\/p>\n<p><img loading=\"lazy\" decoding=\"async\" class=\"alignnone size-medium wp-image-60267\" src=\"https:\/\/hablemosclarotdf.com.ar\/wp-content\/uploads\/2025\/11\/photo_2025-11-30_17-04-24-300x200.jpg\" alt=\"\" width=\"300\" height=\"200\" srcset=\"https:\/\/hablemosclarotdf.com.ar\/wp-content\/uploads\/2025\/11\/photo_2025-11-30_17-04-24-300x200.jpg 300w, https:\/\/hablemosclarotdf.com.ar\/wp-content\/uploads\/2025\/11\/photo_2025-11-30_17-04-24-1024x683.jpg 1024w, https:\/\/hablemosclarotdf.com.ar\/wp-content\/uploads\/2025\/11\/photo_2025-11-30_17-04-24-768x512.jpg 768w, https:\/\/hablemosclarotdf.com.ar\/wp-content\/uploads\/2025\/11\/photo_2025-11-30_17-04-24.jpg 1280w\" sizes=\"auto, (max-width: 300px) 100vw, 300px\" \/> <img loading=\"lazy\" decoding=\"async\" class=\"alignnone size-medium wp-image-60268\" src=\"https:\/\/hablemosclarotdf.com.ar\/wp-content\/uploads\/2025\/11\/photo_2025-11-30_17-04-29-300x200.jpg\" alt=\"\" width=\"300\" height=\"200\" srcset=\"https:\/\/hablemosclarotdf.com.ar\/wp-content\/uploads\/2025\/11\/photo_2025-11-30_17-04-29-300x200.jpg 300w, https:\/\/hablemosclarotdf.com.ar\/wp-content\/uploads\/2025\/11\/photo_2025-11-30_17-04-29-1024x683.jpg 1024w, https:\/\/hablemosclarotdf.com.ar\/wp-content\/uploads\/2025\/11\/photo_2025-11-30_17-04-29-768x512.jpg 768w, https:\/\/hablemosclarotdf.com.ar\/wp-content\/uploads\/2025\/11\/photo_2025-11-30_17-04-29.jpg 1280w\" sizes=\"auto, (max-width: 300px) 100vw, 300px\" \/><\/p>\n","protected":false},"excerpt":{"rendered":"<p>En el marco de la Asamblea Extraordinaria Anual del Consejo Vial Federal, las autoridades viales&#8230;<\/p>\n","protected":false},"author":1,"featured_media":60266,"comment_status":"closed","ping_status":"closed","sticky":false,"template":"","format":"standard","meta":{"footnotes":""},"categories":[3],"tags":[],"class_list":["post-60265","post","type-post","status-publish","format-standard","has-post-thumbnail","hentry","category-noticias"],"jetpack_featured_media_url":"https:\/\/hablemosclarotdf.com.ar\/wp-content\/uploads\/2025\/11\/photo_2025-11-30_17-03-53.jpg","_links":{"self":[{"href":"https:\/\/hablemosclarotdf.com.ar\/index.php?rest_route=\/wp\/v2\/posts\/60265","targetHints":{"allow":["GET"]}}],"collection":[{"href":"https:\/\/hablemosclarotdf.com.ar\/index.php?rest_route=\/wp\/v2\/posts"}],"about":[{"href":"https:\/\/hablemosclarotdf.com.ar\/index.php?rest_route=\/wp\/v2\/types\/post"}],"author":[{"embeddable":true,"href":"https:\/\/hablemosclarotdf.com.ar\/index.php?rest_route=\/wp\/v2\/users\/1"}],"replies":[{"embeddable":true,"href":"https:\/\/hablemosclarotdf.com.ar\/index.php?rest_route=%2Fwp%2Fv2%2Fcomments&post=60265"}],"version-history":[{"count":1,"href":"https:\/\/hablemosclarotdf.com.ar\/index.php?rest_route=\/wp\/v2\/posts\/60265\/revisions"}],"predecessor-version":[{"id":60269,"href":"https:\/\/hablemosclarotdf.com.ar\/index.php?rest_route=\/wp\/v2\/posts\/60265\/revisions\/60269"}],"wp:featuredmedia":[{"embeddable":true,"href":"https:\/\/hablemosclarotdf.com.ar\/index.php?rest_route=\/wp\/v2\/media\/60266"}],"wp:attachment":[{"href":"https:\/\/hablemosclarotdf.com.ar\/index.php?rest_route=%2Fwp%2Fv2%2Fmedia&parent=60265"}],"wp:term":[{"taxonomy":"category","embeddable":true,"href":"https:\/\/hablemosclarotdf.com.ar\/index.php?rest_route=%2Fwp%2Fv2%2Fcategories&post=60265"},{"taxonomy":"post_tag","embeddable":true,"href":"https:\/\/hablemosclarotdf.com.ar\/index.php?rest_route=%2Fwp%2Fv2%2Ftags&post=60265"}],"curies":[{"name":"wp","href":"https:\/\/api.w.org\/{rel}","templated":true}]}}