{"id":60255,"date":"2025-11-30T16:33:37","date_gmt":"2025-11-30T19:33:37","guid":{"rendered":"https:\/\/hablemosclarotdf.com.ar\/?p=60255"},"modified":"2025-11-30T16:33:37","modified_gmt":"2025-11-30T19:33:37","slug":"ushuaia-motoqueros-del-fin-del-mundo-celebro-su-encuentro-internacional","status":"publish","type":"post","link":"https:\/\/hablemosclarotdf.com.ar\/?p=60255","title":{"rendered":"USHUAIA : &#8220;MOTOQUEROS DEL FIN DEL MUNDO&#8221; CELEBR\u00d3 SU ENCUENTRO INTERNACIONAL"},"content":{"rendered":"<p>La ciudad de Ushuaia, en el extremo austral de nuestro pa\u00eds bicontinental, fue sede los d\u00edas 28, 29 y 30 de noviembre del 18\u00b0 Encuentro Internacional de Motoviajeros en el Fin del Mundo, organizado por la Asociaci\u00f3n Latitud 54 Sur. La propuesta convoc\u00f3 a referentes de todo el mundo que emprendieron la aventura de recorrer la Patagonia argentina para llegar a la ciudad m\u00e1s austral del planeta.<\/p>\n<p>Durante la jornada, la secretaria de Turismo de la Municipalidad de Ushuaia, Viviana Manfredotti, entreg\u00f3 una declaraci\u00f3n de inter\u00e9s municipal y tur\u00edstico al encuentro y destac\u00f3 su importancia para la ciudad. \u201cEste reconocimiento busca resaltar una propuesta que logr\u00f3 reunir a cientos de motociclistas en Ushuaia, en una actividad que no solo tiene relevancia tur\u00edstica, sino tambi\u00e9n social, econ\u00f3mica y de integraci\u00f3n\u201d, afirm\u00f3 la funcionaria.<\/p>\n<p>Manfredotti destac\u00f3 el trabajo de Latitud 54 Sur. \u201cSu compromiso para lograr que Ushuaia se consolide a\u00f1o tras a\u00f1o como punto de llegada para quienes buscan vivir una experiencia \u00fanica es meritorio y era imprescindible reconocerlo institucionalmente, ya que la propuesta de llegar a Ushuaia en moto no radica solo en alcanzar un destino: para los participantes es cumplir un objetivo que combina esfuerzo y pasi\u00f3n, para surcar la inmensidad de la Patagonia\u201d.<\/p>\n<p>Asimismo, acompa\u00f1aron la actividad la secretaria de Cultura y Educaci\u00f3n Bel\u00e9n Molina, la vicepresidenta del Instituto Municipal de Deportes Carla Petrina y el concejal Nicol\u00e1s Pelloli, quienes destacaron el valor del encuentro para la comunidad.<\/p>\n<p>Manfredotti subray\u00f3 adem\u00e1s el valor simb\u00f3lico de la experiencia. \u201cEs fundamental que la Municipalidad brinde a los organizadores y participantes una muestra de reconocimiento por su esp\u00edritu aventurero, que favorece enormemente la promoci\u00f3n del destino como final \u00e9pico de una traves\u00eda so\u00f1ada, que vincula a lo largo de miles de kil\u00f3metros compa\u00f1erismo, motociclismo, arte, cultura, naturaleza y turismo\u201d.<\/p>\n<p><img loading=\"lazy\" decoding=\"async\" class=\"alignnone size-medium wp-image-60257\" src=\"https:\/\/hablemosclarotdf.com.ar\/wp-content\/uploads\/2025\/11\/photo_2025-11-30_16-32-19-300x200.jpg\" alt=\"\" width=\"300\" height=\"200\" srcset=\"https:\/\/hablemosclarotdf.com.ar\/wp-content\/uploads\/2025\/11\/photo_2025-11-30_16-32-19-300x200.jpg 300w, https:\/\/hablemosclarotdf.com.ar\/wp-content\/uploads\/2025\/11\/photo_2025-11-30_16-32-19-1024x683.jpg 1024w, https:\/\/hablemosclarotdf.com.ar\/wp-content\/uploads\/2025\/11\/photo_2025-11-30_16-32-19-768x512.jpg 768w, https:\/\/hablemosclarotdf.com.ar\/wp-content\/uploads\/2025\/11\/photo_2025-11-30_16-32-19.jpg 1280w\" sizes=\"auto, (max-width: 300px) 100vw, 300px\" \/><\/p>\n","protected":false},"excerpt":{"rendered":"<p>La ciudad de Ushuaia, en el extremo austral de nuestro pa\u00eds bicontinental, fue sede los&#8230;<\/p>\n","protected":false},"author":1,"featured_media":60256,"comment_status":"closed","ping_status":"closed","sticky":false,"template":"","format":"standard","meta":{"footnotes":""},"categories":[3],"tags":[],"class_list":["post-60255","post","type-post","status-publish","format-standard","has-post-thumbnail","hentry","category-noticias"],"jetpack_featured_media_url":"https:\/\/hablemosclarotdf.com.ar\/wp-content\/uploads\/2025\/11\/photo_2025-11-30_16-32-14.jpg","_links":{"self":[{"href":"https:\/\/hablemosclarotdf.com.ar\/index.php?rest_route=\/wp\/v2\/posts\/60255","targetHints":{"allow":["GET"]}}],"collection":[{"href":"https:\/\/hablemosclarotdf.com.ar\/index.php?rest_route=\/wp\/v2\/posts"}],"about":[{"href":"https:\/\/hablemosclarotdf.com.ar\/index.php?rest_route=\/wp\/v2\/types\/post"}],"author":[{"embeddable":true,"href":"https:\/\/hablemosclarotdf.com.ar\/index.php?rest_route=\/wp\/v2\/users\/1"}],"replies":[{"embeddable":true,"href":"https:\/\/hablemosclarotdf.com.ar\/index.php?rest_route=%2Fwp%2Fv2%2Fcomments&post=60255"}],"version-history":[{"count":1,"href":"https:\/\/hablemosclarotdf.com.ar\/index.php?rest_route=\/wp\/v2\/posts\/60255\/revisions"}],"predecessor-version":[{"id":60258,"href":"https:\/\/hablemosclarotdf.com.ar\/index.php?rest_route=\/wp\/v2\/posts\/60255\/revisions\/60258"}],"wp:featuredmedia":[{"embeddable":true,"href":"https:\/\/hablemosclarotdf.com.ar\/index.php?rest_route=\/wp\/v2\/media\/60256"}],"wp:attachment":[{"href":"https:\/\/hablemosclarotdf.com.ar\/index.php?rest_route=%2Fwp%2Fv2%2Fmedia&parent=60255"}],"wp:term":[{"taxonomy":"category","embeddable":true,"href":"https:\/\/hablemosclarotdf.com.ar\/index.php?rest_route=%2Fwp%2Fv2%2Fcategories&post=60255"},{"taxonomy":"post_tag","embeddable":true,"href":"https:\/\/hablemosclarotdf.com.ar\/index.php?rest_route=%2Fwp%2Fv2%2Ftags&post=60255"}],"curies":[{"name":"wp","href":"https:\/\/api.w.org\/{rel}","templated":true}]}}