{"id":60229,"date":"2025-11-30T12:20:03","date_gmt":"2025-11-30T15:20:03","guid":{"rendered":"https:\/\/hablemosclarotdf.com.ar\/?p=60229"},"modified":"2025-11-30T12:20:03","modified_gmt":"2025-11-30T15:20:03","slug":"derechos-humanos-desde-el-sur-gobierno-invita-a-participar-del-1-congreso-por-los-derechos-humanos","status":"publish","type":"post","link":"https:\/\/hablemosclarotdf.com.ar\/?p=60229","title":{"rendered":"\u201cDERECHOS HUMANOS DESDE EL SUR\u201d: GOBIERNO INVITA A PARTICIPAR DEL 1\u00b0 CONGRESO POR LOS DERECHOS HUMANOS"},"content":{"rendered":"<p>El Gobierno de Tierra del Fuego, a trav\u00e9s de la Secretar\u00eda de Derechos Humanos e Igualdad, anunci\u00f3 la realizaci\u00f3n del 1\u00b0 Congreso por los Derechos Humanos \u2018Derechos Humanos desde el Sur\u2019, que se llevar\u00e1 a cabo el pr\u00f3ximo 10 de diciembre en las instalaciones del IPRA de la Capital fueguina y contar\u00e1 con la participaci\u00f3n de importantes referentes sociales, judiciales y acad\u00e9micos.<\/p>\n<p>El encuentro est\u00e1 dirigido a toda la comunidad y propone un espacio de reflexi\u00f3n, debate e intercambio de conocimientos desde una mirada local y global, a la vez que busca fortalecer la promoci\u00f3n y protecci\u00f3n de los derechos humanos desde el sur m\u00e1s austral.<\/p>\n<p>Las inscripciones se encuentran abiertas, y la participaci\u00f3n podr\u00e1 ser presencial o virtual a trav\u00e9s de un link que se enviar\u00e1 previo al inicio a quienes completen el formulario: https:\/\/docs.google.com\/forms\/d\/1poWIeyQv-SsetrxcmcNJ__EDd7_zcEMa8yZx-9U4nPM\/viewform?edit_requested=true<\/p>\n<p>La responsable de Derechos Humanos e Igualdad de la Provincia, Sonia Splausky, manifest\u00f3 sobre la jornada que \u201cla idea es que el Congreso de Derechos Humanos desde el Sur sea una punta de lanza para tener conocimiento y poner en valor los derechos humanos en general, materia en la que Argentina ha sido vanguardista en todo el mundo\u201d.<\/p>\n<p>\u201cEl Congreso va a estar constituido por diferentes paneles y lo hacemos en colaboraci\u00f3n con la Escuela Judicial y el Poder Judicial\u201d dijo, y continu\u00f3: \u201cel panel 1, que se denomina Derechos Humanos y Reparaci\u00f3n Hist\u00f3rica, va a traer al doctor Carlos Rozanski, ex Juez Federal que dict\u00f3 sentencias en juicios de lesa humanidad, como las condenas a Etchecolatz y Von Wernich\u201d, y sigui\u00f3: \u201cel panel 2, Derechos Humanos y G\u00e9nero, convoca especialmente a disertar a la doctora Dora Barrancos que, junto a referentes de ONU y provinciales hablar\u00e1n sobre avances y retrocesos de los Derechos Humanos de las Mujeres\u201d.<\/p>\n<p>\u201cDespu\u00e9s tenemos el panel de Masculinidades y Cambio Social \u2013explic\u00f3-, donde, adem\u00e1s de importantes disertantes, el equipo de la provincia presentar\u00e1 un trabajo que se viene construyendo en Tierra del Fuego\u201d.<\/p>\n<p>Por \u00faltimo, remarc\u00f3 que \u201cen otro panel se estar\u00e1 hablando de Interculturalidad e Interseccionalidad, con referentes de la Embajada de M\u00e9xico y de la OEA\u201d y sum\u00f3 que \u201cel panel 5 va a estar armado por referentes importantes, asesores del Papa Francisco que van a hablar de la Libertad Religiosa y pondr\u00e1n un mensaje de paz en tiempos de tanta violencia\u201d<\/p>\n<p>El 1\u00b0 Congreso por los Derechos Humanos \u2018Derechos Humanos desde el Sur\u2019 se llevar\u00e1 a cabo el pr\u00f3ximo 10 de diciembre en el marco del D\u00eda Internacional de los Derechos Humanos.<\/p>\n<p><img loading=\"lazy\" decoding=\"async\" class=\"alignnone size-medium wp-image-60231\" src=\"https:\/\/hablemosclarotdf.com.ar\/wp-content\/uploads\/2025\/11\/photo_2025-11-30_12-18-09-240x300.jpg\" alt=\"\" width=\"240\" height=\"300\" srcset=\"https:\/\/hablemosclarotdf.com.ar\/wp-content\/uploads\/2025\/11\/photo_2025-11-30_12-18-09-240x300.jpg 240w, https:\/\/hablemosclarotdf.com.ar\/wp-content\/uploads\/2025\/11\/photo_2025-11-30_12-18-09-819x1024.jpg 819w, https:\/\/hablemosclarotdf.com.ar\/wp-content\/uploads\/2025\/11\/photo_2025-11-30_12-18-09-768x960.jpg 768w, https:\/\/hablemosclarotdf.com.ar\/wp-content\/uploads\/2025\/11\/photo_2025-11-30_12-18-09.jpg 1024w\" sizes=\"auto, (max-width: 240px) 100vw, 240px\" \/> <img loading=\"lazy\" decoding=\"async\" class=\"alignnone size-medium wp-image-60232\" src=\"https:\/\/hablemosclarotdf.com.ar\/wp-content\/uploads\/2025\/11\/photo_2025-11-30_12-18-14-240x300.jpg\" alt=\"\" width=\"240\" height=\"300\" srcset=\"https:\/\/hablemosclarotdf.com.ar\/wp-content\/uploads\/2025\/11\/photo_2025-11-30_12-18-14-240x300.jpg 240w, https:\/\/hablemosclarotdf.com.ar\/wp-content\/uploads\/2025\/11\/photo_2025-11-30_12-18-14-819x1024.jpg 819w, https:\/\/hablemosclarotdf.com.ar\/wp-content\/uploads\/2025\/11\/photo_2025-11-30_12-18-14-768x960.jpg 768w, https:\/\/hablemosclarotdf.com.ar\/wp-content\/uploads\/2025\/11\/photo_2025-11-30_12-18-14.jpg 1024w\" sizes=\"auto, (max-width: 240px) 100vw, 240px\" \/> <img loading=\"lazy\" decoding=\"async\" class=\"alignnone size-medium wp-image-60233\" src=\"https:\/\/hablemosclarotdf.com.ar\/wp-content\/uploads\/2025\/11\/photo_2025-11-30_12-18-19-240x300.jpg\" alt=\"\" width=\"240\" height=\"300\" srcset=\"https:\/\/hablemosclarotdf.com.ar\/wp-content\/uploads\/2025\/11\/photo_2025-11-30_12-18-19-240x300.jpg 240w, https:\/\/hablemosclarotdf.com.ar\/wp-content\/uploads\/2025\/11\/photo_2025-11-30_12-18-19-819x1024.jpg 819w, https:\/\/hablemosclarotdf.com.ar\/wp-content\/uploads\/2025\/11\/photo_2025-11-30_12-18-19-768x960.jpg 768w, https:\/\/hablemosclarotdf.com.ar\/wp-content\/uploads\/2025\/11\/photo_2025-11-30_12-18-19.jpg 1024w\" sizes=\"auto, (max-width: 240px) 100vw, 240px\" \/> <img loading=\"lazy\" decoding=\"async\" class=\"alignnone size-medium wp-image-60234\" src=\"https:\/\/hablemosclarotdf.com.ar\/wp-content\/uploads\/2025\/11\/photo_2025-11-30_12-18-26-240x300.jpg\" alt=\"\" width=\"240\" height=\"300\" srcset=\"https:\/\/hablemosclarotdf.com.ar\/wp-content\/uploads\/2025\/11\/photo_2025-11-30_12-18-26-240x300.jpg 240w, https:\/\/hablemosclarotdf.com.ar\/wp-content\/uploads\/2025\/11\/photo_2025-11-30_12-18-26-819x1024.jpg 819w, https:\/\/hablemosclarotdf.com.ar\/wp-content\/uploads\/2025\/11\/photo_2025-11-30_12-18-26-768x960.jpg 768w, https:\/\/hablemosclarotdf.com.ar\/wp-content\/uploads\/2025\/11\/photo_2025-11-30_12-18-26.jpg 1024w\" sizes=\"auto, (max-width: 240px) 100vw, 240px\" \/><\/p>\n","protected":false},"excerpt":{"rendered":"<p>El Gobierno de Tierra del Fuego, a trav\u00e9s de la Secretar\u00eda de Derechos Humanos e&#8230;<\/p>\n","protected":false},"author":1,"featured_media":60230,"comment_status":"closed","ping_status":"closed","sticky":false,"template":"","format":"standard","meta":{"footnotes":""},"categories":[3],"tags":[],"class_list":["post-60229","post","type-post","status-publish","format-standard","has-post-thumbnail","hentry","category-noticias"],"jetpack_featured_media_url":"https:\/\/hablemosclarotdf.com.ar\/wp-content\/uploads\/2025\/11\/photo_2025-11-30_12-17-57.jpg","_links":{"self":[{"href":"https:\/\/hablemosclarotdf.com.ar\/index.php?rest_route=\/wp\/v2\/posts\/60229","targetHints":{"allow":["GET"]}}],"collection":[{"href":"https:\/\/hablemosclarotdf.com.ar\/index.php?rest_route=\/wp\/v2\/posts"}],"about":[{"href":"https:\/\/hablemosclarotdf.com.ar\/index.php?rest_route=\/wp\/v2\/types\/post"}],"author":[{"embeddable":true,"href":"https:\/\/hablemosclarotdf.com.ar\/index.php?rest_route=\/wp\/v2\/users\/1"}],"replies":[{"embeddable":true,"href":"https:\/\/hablemosclarotdf.com.ar\/index.php?rest_route=%2Fwp%2Fv2%2Fcomments&post=60229"}],"version-history":[{"count":1,"href":"https:\/\/hablemosclarotdf.com.ar\/index.php?rest_route=\/wp\/v2\/posts\/60229\/revisions"}],"predecessor-version":[{"id":60235,"href":"https:\/\/hablemosclarotdf.com.ar\/index.php?rest_route=\/wp\/v2\/posts\/60229\/revisions\/60235"}],"wp:featuredmedia":[{"embeddable":true,"href":"https:\/\/hablemosclarotdf.com.ar\/index.php?rest_route=\/wp\/v2\/media\/60230"}],"wp:attachment":[{"href":"https:\/\/hablemosclarotdf.com.ar\/index.php?rest_route=%2Fwp%2Fv2%2Fmedia&parent=60229"}],"wp:term":[{"taxonomy":"category","embeddable":true,"href":"https:\/\/hablemosclarotdf.com.ar\/index.php?rest_route=%2Fwp%2Fv2%2Fcategories&post=60229"},{"taxonomy":"post_tag","embeddable":true,"href":"https:\/\/hablemosclarotdf.com.ar\/index.php?rest_route=%2Fwp%2Fv2%2Ftags&post=60229"}],"curies":[{"name":"wp","href":"https:\/\/api.w.org\/{rel}","templated":true}]}}