{"id":60223,"date":"2025-11-30T12:16:16","date_gmt":"2025-11-30T15:16:16","guid":{"rendered":"https:\/\/hablemosclarotdf.com.ar\/?p=60223"},"modified":"2025-11-30T12:16:16","modified_gmt":"2025-11-30T15:16:16","slug":"ushuaia-zoonosis-municipal-labro-actas-de-infraccion-por-perros-sueltos-en-el-barrio-2-banderas","status":"publish","type":"post","link":"https:\/\/hablemosclarotdf.com.ar\/?p=60223","title":{"rendered":"USHUAIA : ZOONOSIS MUNICIPAL LABR\u00d3 ACTAS DE INFRACCI\u00d3N POR PERROS SUELTOS EN EL BARRIO 2 BANDERAS"},"content":{"rendered":"<p>La Secretar\u00eda de Pol\u00edticas Sociales, Sanitarias y Derechos Humanos, a trav\u00e9s de la Direcci\u00f3n de Zoonosis, llev\u00f3 adelante este viernes un operativo de control animal en el barrio 2 Banderas. Los equipos municipales recorrieron distintos sectores desde la ma\u00f1ana hasta la tarde y labraron 21 actas de infracci\u00f3n en el marco de la Ordenanza Municipal N.\u00b0 4800, que regula la tenencia responsable de animales de compa\u00f1\u00eda.<\/p>\n<p>La secretaria de Pol\u00edticas Sociales, Sanitarias y Derechos Humanos, Yanira Mart\u00ednez, se\u00f1al\u00f3 que \u201ccada operativo es una oportunidad para reforzar el compromiso de la comunidad con el bienestar animal y la convivencia. Necesitamos que las familias mantengan a sus perros contenidos para evitar accidentes, molestias y situaciones de riesgo. La tenencia responsable empieza en casa y es clave para una ciudad m\u00e1s segura\u201d.<\/p>\n<p>Por su parte, el subsecretario de Desarrollo Territorial, Erick Garc\u00eda, destac\u00f3 que \u201cestamos manteniendo una presencia sostenida en los barrios, conversando con los vecinos, aclarando dudas sobre la normativa vigente y acompa\u00f1ando cada situaci\u00f3n para que puedan cumplir con la ordenanza. Nuestro objetivo es trabajar cerca de la comunidad, brindando informaci\u00f3n y generando soluciones\u201d.<\/p>\n<p>El operativo form\u00f3 parte del trabajo territorial que la Municipalidad de Ushuaia desarrolla en distintos barrios, con acciones de control, concientizaci\u00f3n y di\u00e1logo que buscan fortalecer el respeto, la seguridad y el bienestar tanto de los animales como de la comunidad.<\/p>\n<p><img loading=\"lazy\" decoding=\"async\" class=\"alignnone size-medium wp-image-60225\" src=\"https:\/\/hablemosclarotdf.com.ar\/wp-content\/uploads\/2025\/11\/photo_2025-11-30_12-14-29-232x300.jpg\" alt=\"\" width=\"232\" height=\"300\" srcset=\"https:\/\/hablemosclarotdf.com.ar\/wp-content\/uploads\/2025\/11\/photo_2025-11-30_12-14-29-232x300.jpg 232w, https:\/\/hablemosclarotdf.com.ar\/wp-content\/uploads\/2025\/11\/photo_2025-11-30_12-14-29-793x1024.jpg 793w, https:\/\/hablemosclarotdf.com.ar\/wp-content\/uploads\/2025\/11\/photo_2025-11-30_12-14-29-768x992.jpg 768w, https:\/\/hablemosclarotdf.com.ar\/wp-content\/uploads\/2025\/11\/photo_2025-11-30_12-14-29.jpg 854w\" sizes=\"auto, (max-width: 232px) 100vw, 232px\" \/> <img loading=\"lazy\" decoding=\"async\" class=\"alignnone size-medium wp-image-60226\" src=\"https:\/\/hablemosclarotdf.com.ar\/wp-content\/uploads\/2025\/11\/photo_2025-11-30_12-14-39-206x300.jpg\" alt=\"\" width=\"206\" height=\"300\" srcset=\"https:\/\/hablemosclarotdf.com.ar\/wp-content\/uploads\/2025\/11\/photo_2025-11-30_12-14-39-206x300.jpg 206w, https:\/\/hablemosclarotdf.com.ar\/wp-content\/uploads\/2025\/11\/photo_2025-11-30_12-14-39-704x1024.jpg 704w, https:\/\/hablemosclarotdf.com.ar\/wp-content\/uploads\/2025\/11\/photo_2025-11-30_12-14-39-768x1117.jpg 768w, https:\/\/hablemosclarotdf.com.ar\/wp-content\/uploads\/2025\/11\/photo_2025-11-30_12-14-39.jpg 860w\" sizes=\"auto, (max-width: 206px) 100vw, 206px\" \/> <img loading=\"lazy\" decoding=\"async\" class=\"alignnone size-medium wp-image-60227\" src=\"https:\/\/hablemosclarotdf.com.ar\/wp-content\/uploads\/2025\/11\/photo_2025-11-30_12-14-44-230x300.jpg\" alt=\"\" width=\"230\" height=\"300\" srcset=\"https:\/\/hablemosclarotdf.com.ar\/wp-content\/uploads\/2025\/11\/photo_2025-11-30_12-14-44-230x300.jpg 230w, https:\/\/hablemosclarotdf.com.ar\/wp-content\/uploads\/2025\/11\/photo_2025-11-30_12-14-44.jpg 701w\" sizes=\"auto, (max-width: 230px) 100vw, 230px\" \/><\/p>\n","protected":false},"excerpt":{"rendered":"<p>La Secretar\u00eda de Pol\u00edticas Sociales, Sanitarias y Derechos Humanos, a trav\u00e9s de la Direcci\u00f3n de&#8230;<\/p>\n","protected":false},"author":1,"featured_media":60224,"comment_status":"closed","ping_status":"closed","sticky":false,"template":"","format":"standard","meta":{"footnotes":""},"categories":[3],"tags":[],"class_list":["post-60223","post","type-post","status-publish","format-standard","has-post-thumbnail","hentry","category-noticias"],"jetpack_featured_media_url":"https:\/\/hablemosclarotdf.com.ar\/wp-content\/uploads\/2025\/11\/photo_2025-11-30_12-14-23.jpg","_links":{"self":[{"href":"https:\/\/hablemosclarotdf.com.ar\/index.php?rest_route=\/wp\/v2\/posts\/60223","targetHints":{"allow":["GET"]}}],"collection":[{"href":"https:\/\/hablemosclarotdf.com.ar\/index.php?rest_route=\/wp\/v2\/posts"}],"about":[{"href":"https:\/\/hablemosclarotdf.com.ar\/index.php?rest_route=\/wp\/v2\/types\/post"}],"author":[{"embeddable":true,"href":"https:\/\/hablemosclarotdf.com.ar\/index.php?rest_route=\/wp\/v2\/users\/1"}],"replies":[{"embeddable":true,"href":"https:\/\/hablemosclarotdf.com.ar\/index.php?rest_route=%2Fwp%2Fv2%2Fcomments&post=60223"}],"version-history":[{"count":1,"href":"https:\/\/hablemosclarotdf.com.ar\/index.php?rest_route=\/wp\/v2\/posts\/60223\/revisions"}],"predecessor-version":[{"id":60228,"href":"https:\/\/hablemosclarotdf.com.ar\/index.php?rest_route=\/wp\/v2\/posts\/60223\/revisions\/60228"}],"wp:featuredmedia":[{"embeddable":true,"href":"https:\/\/hablemosclarotdf.com.ar\/index.php?rest_route=\/wp\/v2\/media\/60224"}],"wp:attachment":[{"href":"https:\/\/hablemosclarotdf.com.ar\/index.php?rest_route=%2Fwp%2Fv2%2Fmedia&parent=60223"}],"wp:term":[{"taxonomy":"category","embeddable":true,"href":"https:\/\/hablemosclarotdf.com.ar\/index.php?rest_route=%2Fwp%2Fv2%2Fcategories&post=60223"},{"taxonomy":"post_tag","embeddable":true,"href":"https:\/\/hablemosclarotdf.com.ar\/index.php?rest_route=%2Fwp%2Fv2%2Ftags&post=60223"}],"curies":[{"name":"wp","href":"https:\/\/api.w.org\/{rel}","templated":true}]}}