{"id":60067,"date":"2025-11-28T21:51:52","date_gmt":"2025-11-29T00:51:52","guid":{"rendered":"https:\/\/hablemosclarotdf.com.ar\/?p=60067"},"modified":"2025-11-28T21:52:44","modified_gmt":"2025-11-29T00:52:44","slug":"senador-pablo-daniel-blanco-el-senado-de-la-nacion-declara-obra-de-interes-el-libro-ushuaia-retratos-de-otros-tiempos","status":"publish","type":"post","link":"https:\/\/hablemosclarotdf.com.ar\/?p=60067","title":{"rendered":"Senador Pablo Daniel Blanco :  El Senado de la Naci\u00f3n declara obra de inter\u00e9s el libro &#8220;Ushuaia, retratos de otros tiempos&#8221;"},"content":{"rendered":"<p>Viernes 28 de noviembre. El Senado de la Naci\u00f3n ha declarado obra de inter\u00e9s el libro &#8220;Ushuaia, retratos de otros tiempos&#8221;, de los autores Jorge Castelli y Marcelo Murphy, en virtud de la normativa DR 1053\/15. Este significativo trabajo literario, que se encuentra en la publicaci\u00f3n del a\u00f1o 2025, nos ofrece un recorrido nost\u00e1lgico por la rica e intensa historia de Ushuaia.<\/p>\n<p>El Senador Nacional por Tierra del Fuego presenta la obra destacando: \u201cA trav\u00e9s de sus p\u00e1ginas, el libro retrata momentos cruciales de la ciudad, desde sus pueblos originarios hasta los primeros vecinos que, con valent\u00eda, se establecieron en tierras inh\u00f3spitas y sentaron las bases de lo que hoy es una de las ciudades m\u00e1s pujantes y estrat\u00e9gicas del pa\u00eds y del mundo. Las im\u00e1genes presentadas en esta obra son un valioso testimonio de la memoria de los antiguos pobladores, quienes, desafiando la adversidad, convirtieron el fin del mundo en su hogar\u201d, afirm\u00f3 Blanco.<\/p>\n<p>Asimismo, enfatiza que \u201cel libro destaca la unidad de un pueblo que no renuncia a su reclamo irrenunciable de soberan\u00eda sobre las Islas Malvinas, Georgias del Sur y Sandwich del Sur, una causa que nos une a todos los argentinos. La curadur\u00eda fotogr\u00e1fica sintetiza el amor por estas tierras y el esp\u00edritu colectivo que ha pasado de generaci\u00f3n en generaci\u00f3n, convirtiendo cada imagen en un pilar de nuestra identidad\u201d.<\/p>\n<p>\u201cEl libro, a trav\u00e9s de la voz de Marcelo Murphy, coautor de esta obra, nos permite sentir la esencia de la comunidad de Ushuaia. Junto al historiador Jorge Castelli, se logra reconstruir una memoria viva, homenajeando a las familias y a una parte de nuestra historia\u201d.<\/p>\n<p>Finalmente, el Senador no quiere dejar pasar la oportunidad para rendir homenaje a quienes representaron a los fueguinos en esta C\u00e1mara Alta, destacando al ingeniero Jorge Garramu\u00f1o, gestor de este proyecto a trav\u00e9s del expediente 2462\/15, cuyo reconocimiento fue aprobado en el recinto el 26 de agosto de 2015, pocos d\u00edas antes de su fallecimiento. Tambi\u00e9n menciona al Senador (MC) Julio Catal\u00e1n Magni, quien apoy\u00f3 esta iniciativa, y a Mat\u00edas Rodr\u00edguez, colega desde 2019, quien ha sido un firme continuador de los esfuerzos para llevar esta obra a la publicaci\u00f3n.<\/p>\n<p>Con el respaldo del Senado, &#8220;Ushuaia, retratos de otros tiempos&#8221; se posiciona como un referente ineludible para todos aquellos que deseen conocer y valorar la historia y la identidad fueguina.<\/p>\n<p>Link acceso al libro:\u00a0<a href=\"https:\/\/www.senado.gob.ar\/bundles\/senadoportal\/webNueva\/pdf\/obras\/ushuaia.pdf\" data-saferedirecturl=\"https:\/\/www.google.com\/url?q=https:\/\/www.senado.gob.ar\/bundles\/senadoportal\/webNueva\/pdf\/obras\/ushuaia.pdf&amp;source=gmail&amp;ust=1764463713174000&amp;usg=AOvVaw1CFK8BjCxtN8zdFzIG0T8o\">https:\/\/www.senado.gob.ar\/bundles\/senadoportal\/webNueva\/pdf\/obras\/ushuaia.pdf<\/a><\/p>\n<p><img loading=\"lazy\" decoding=\"async\" class=\"alignnone size-medium wp-image-60070\" src=\"https:\/\/hablemosclarotdf.com.ar\/wp-content\/uploads\/2025\/11\/0-4-300x206.jpg\" alt=\"\" width=\"300\" height=\"206\" srcset=\"https:\/\/hablemosclarotdf.com.ar\/wp-content\/uploads\/2025\/11\/0-4-300x206.jpg 300w, https:\/\/hablemosclarotdf.com.ar\/wp-content\/uploads\/2025\/11\/0-4.jpg 518w\" sizes=\"auto, (max-width: 300px) 100vw, 300px\" \/><\/p>\n","protected":false},"excerpt":{"rendered":"<p>Viernes 28 de noviembre. El Senado de la Naci\u00f3n ha declarado obra de inter\u00e9s el&#8230;<\/p>\n","protected":false},"author":1,"featured_media":60068,"comment_status":"closed","ping_status":"closed","sticky":false,"template":"","format":"standard","meta":{"footnotes":""},"categories":[3],"tags":[],"class_list":["post-60067","post","type-post","status-publish","format-standard","has-post-thumbnail","hentry","category-noticias"],"jetpack_featured_media_url":"https:\/\/hablemosclarotdf.com.ar\/wp-content\/uploads\/2025\/11\/0-3.jpg","_links":{"self":[{"href":"https:\/\/hablemosclarotdf.com.ar\/index.php?rest_route=\/wp\/v2\/posts\/60067","targetHints":{"allow":["GET"]}}],"collection":[{"href":"https:\/\/hablemosclarotdf.com.ar\/index.php?rest_route=\/wp\/v2\/posts"}],"about":[{"href":"https:\/\/hablemosclarotdf.com.ar\/index.php?rest_route=\/wp\/v2\/types\/post"}],"author":[{"embeddable":true,"href":"https:\/\/hablemosclarotdf.com.ar\/index.php?rest_route=\/wp\/v2\/users\/1"}],"replies":[{"embeddable":true,"href":"https:\/\/hablemosclarotdf.com.ar\/index.php?rest_route=%2Fwp%2Fv2%2Fcomments&post=60067"}],"version-history":[{"count":2,"href":"https:\/\/hablemosclarotdf.com.ar\/index.php?rest_route=\/wp\/v2\/posts\/60067\/revisions"}],"predecessor-version":[{"id":60071,"href":"https:\/\/hablemosclarotdf.com.ar\/index.php?rest_route=\/wp\/v2\/posts\/60067\/revisions\/60071"}],"wp:featuredmedia":[{"embeddable":true,"href":"https:\/\/hablemosclarotdf.com.ar\/index.php?rest_route=\/wp\/v2\/media\/60068"}],"wp:attachment":[{"href":"https:\/\/hablemosclarotdf.com.ar\/index.php?rest_route=%2Fwp%2Fv2%2Fmedia&parent=60067"}],"wp:term":[{"taxonomy":"category","embeddable":true,"href":"https:\/\/hablemosclarotdf.com.ar\/index.php?rest_route=%2Fwp%2Fv2%2Fcategories&post=60067"},{"taxonomy":"post_tag","embeddable":true,"href":"https:\/\/hablemosclarotdf.com.ar\/index.php?rest_route=%2Fwp%2Fv2%2Ftags&post=60067"}],"curies":[{"name":"wp","href":"https:\/\/api.w.org\/{rel}","templated":true}]}}