{"id":58730,"date":"2025-11-18T22:36:16","date_gmt":"2025-11-19T01:36:16","guid":{"rendered":"https:\/\/hablemosclarotdf.com.ar\/?p=58730"},"modified":"2025-11-18T22:36:16","modified_gmt":"2025-11-19T01:36:16","slug":"corte-programado-del-servicio-electrico-en-tolhuin-26","status":"publish","type":"post","link":"https:\/\/hablemosclarotdf.com.ar\/?p=58730","title":{"rendered":"CORTE PROGRAMADO DEL SERVICIO EL\u00c9CTRICO EN TOLHUIN"},"content":{"rendered":"<p>La Direcci\u00f3n Provincial de Energ\u00eda informa a la poblaci\u00f3n de Tolhuin que, debido a trabajos en la reposici\u00f3n de postes da\u00f1ados y tareas de mantenimiento en la red de Media Tensi\u00f3n, se realizar\u00e1 un corte programado del servicio el\u00e9ctrico el d\u00eda mi\u00e9rcoles 19 de noviembre, en el horario de 11:00 a 15:00 hs, aproximadamente.<\/p>\n<p>Sectores afectados:<\/p>\n<p>Zona Av. Gendarmer\u00eda Nacional (RP1): desde Emilio Blanco hasta la cabecera del Lago Fagnano<\/p>\n<p>Barrio Centro Empleados de Comercio<\/p>\n<p>Barrio Los Naranjos<\/p>\n<p>Barrio Tierra de \u00d1ires<\/p>\n<p>Barrio Islas del Sur<\/p>\n<p>Sepan disculpar las molestias ocasionadas.<\/p>\n","protected":false},"excerpt":{"rendered":"<p>La Direcci\u00f3n Provincial de Energ\u00eda informa a la poblaci\u00f3n de Tolhuin que, debido a trabajos&#8230;<\/p>\n","protected":false},"author":1,"featured_media":58731,"comment_status":"closed","ping_status":"closed","sticky":false,"template":"","format":"standard","meta":{"footnotes":""},"categories":[3],"tags":[],"class_list":["post-58730","post","type-post","status-publish","format-standard","has-post-thumbnail","hentry","category-noticias"],"jetpack_featured_media_url":"https:\/\/hablemosclarotdf.com.ar\/wp-content\/uploads\/2025\/11\/photo_2025-11-18_22-34-36.jpg","_links":{"self":[{"href":"https:\/\/hablemosclarotdf.com.ar\/index.php?rest_route=\/wp\/v2\/posts\/58730","targetHints":{"allow":["GET"]}}],"collection":[{"href":"https:\/\/hablemosclarotdf.com.ar\/index.php?rest_route=\/wp\/v2\/posts"}],"about":[{"href":"https:\/\/hablemosclarotdf.com.ar\/index.php?rest_route=\/wp\/v2\/types\/post"}],"author":[{"embeddable":true,"href":"https:\/\/hablemosclarotdf.com.ar\/index.php?rest_route=\/wp\/v2\/users\/1"}],"replies":[{"embeddable":true,"href":"https:\/\/hablemosclarotdf.com.ar\/index.php?rest_route=%2Fwp%2Fv2%2Fcomments&post=58730"}],"version-history":[{"count":1,"href":"https:\/\/hablemosclarotdf.com.ar\/index.php?rest_route=\/wp\/v2\/posts\/58730\/revisions"}],"predecessor-version":[{"id":58732,"href":"https:\/\/hablemosclarotdf.com.ar\/index.php?rest_route=\/wp\/v2\/posts\/58730\/revisions\/58732"}],"wp:featuredmedia":[{"embeddable":true,"href":"https:\/\/hablemosclarotdf.com.ar\/index.php?rest_route=\/wp\/v2\/media\/58731"}],"wp:attachment":[{"href":"https:\/\/hablemosclarotdf.com.ar\/index.php?rest_route=%2Fwp%2Fv2%2Fmedia&parent=58730"}],"wp:term":[{"taxonomy":"category","embeddable":true,"href":"https:\/\/hablemosclarotdf.com.ar\/index.php?rest_route=%2Fwp%2Fv2%2Fcategories&post=58730"},{"taxonomy":"post_tag","embeddable":true,"href":"https:\/\/hablemosclarotdf.com.ar\/index.php?rest_route=%2Fwp%2Fv2%2Ftags&post=58730"}],"curies":[{"name":"wp","href":"https:\/\/api.w.org\/{rel}","templated":true}]}}