{"id":58724,"date":"2025-11-18T22:34:20","date_gmt":"2025-11-19T01:34:20","guid":{"rendered":"https:\/\/hablemosclarotdf.com.ar\/?p=58724"},"modified":"2025-11-18T22:34:20","modified_gmt":"2025-11-19T01:34:20","slug":"rio-grande-salud-mental-y-arte-en-todas-partes-2025","status":"publish","type":"post","link":"https:\/\/hablemosclarotdf.com.ar\/?p=58724","title":{"rendered":"RIO GRANDE : SALUD MENTAL Y ARTE EN TODAS PARTES 2025"},"content":{"rendered":"<p>En el marco del Mes de la Salud Mental, el Municipio de R\u00edo Grande present\u00f3 una nueva edici\u00f3n del proyecto \u201cSalud Mental y Arte en Todas Partes\u201d. Fueron diversas intervenciones comunitarias en distintos puntos de la ciudad, las cuales estuvieron a cargo de los talleres art\u00edsticos de Casa de J\u00f3venes.<\/p>\n<p>Como parte de las actividades del Mes de la Salud Mental, del 8 al 23 de octubre se realizaron diversas intervenciones art\u00edsticas y recreativas en distintos espacios p\u00fablicos de la ciudad, coordinadas por los docentes de los talleres art\u00edsticos junto al equipo interdisciplinario de Casa de J\u00f3venes. El objetivo de las mismas fue promover el arte como herramienta de promoci\u00f3n de la salud mental y medio de transformaci\u00f3n social en la comunidad de R\u00edo Grande.<\/p>\n<p>Dichas actividades art\u00edsticas y recreativas representan un compromiso est\u00e9tico que estimula la imaginaci\u00f3n, activa los sentidos, evoca emociones y potencia los procesos cognitivos. Su pr\u00e1ctica tambi\u00e9n favorece la interacci\u00f3n social y el v\u00ednculo con entornos saludables.<\/p>\n<p>Con estas acciones, se busc\u00f3 irrumpir en la cotidianidad de la comunidad ofreciendo un momento de bienestar, visibilizar las expresiones art\u00edsticas de las y los participantes en territorio y potenciar el arte como herramienta de convocatoria dirigida a las juventudes riograndenses.<\/p>\n<p>Como parte de su compromiso sostenido con el bienestar integral, el Municipio de R\u00edo Grande contin\u00faa impulsando pol\u00edticas p\u00fablicas que fortalecen el acceso a la salud mental, ampliando dispositivos, acercando propuestas territoriales y generando espacios de acompa\u00f1amiento que priorizan el cuidado, la prevenci\u00f3n y la construcci\u00f3n de entornos m\u00e1s saludables.<\/p>\n<p><img loading=\"lazy\" decoding=\"async\" class=\"alignnone size-medium wp-image-58726\" src=\"https:\/\/hablemosclarotdf.com.ar\/wp-content\/uploads\/2025\/11\/photo_2025-11-18_22-33-08-300x206.jpg\" alt=\"\" width=\"300\" height=\"206\" srcset=\"https:\/\/hablemosclarotdf.com.ar\/wp-content\/uploads\/2025\/11\/photo_2025-11-18_22-33-08-300x206.jpg 300w, https:\/\/hablemosclarotdf.com.ar\/wp-content\/uploads\/2025\/11\/photo_2025-11-18_22-33-08-1024x705.jpg 1024w, https:\/\/hablemosclarotdf.com.ar\/wp-content\/uploads\/2025\/11\/photo_2025-11-18_22-33-08-768x529.jpg 768w, https:\/\/hablemosclarotdf.com.ar\/wp-content\/uploads\/2025\/11\/photo_2025-11-18_22-33-08.jpg 1280w\" sizes=\"auto, (max-width: 300px) 100vw, 300px\" \/> <img loading=\"lazy\" decoding=\"async\" class=\"alignnone size-medium wp-image-58727\" src=\"https:\/\/hablemosclarotdf.com.ar\/wp-content\/uploads\/2025\/11\/photo_2025-11-18_22-33-12-300x225.jpg\" alt=\"\" width=\"300\" height=\"225\" srcset=\"https:\/\/hablemosclarotdf.com.ar\/wp-content\/uploads\/2025\/11\/photo_2025-11-18_22-33-12-300x225.jpg 300w, https:\/\/hablemosclarotdf.com.ar\/wp-content\/uploads\/2025\/11\/photo_2025-11-18_22-33-12-1024x768.jpg 1024w, https:\/\/hablemosclarotdf.com.ar\/wp-content\/uploads\/2025\/11\/photo_2025-11-18_22-33-12-768x576.jpg 768w, https:\/\/hablemosclarotdf.com.ar\/wp-content\/uploads\/2025\/11\/photo_2025-11-18_22-33-12.jpg 1280w\" sizes=\"auto, (max-width: 300px) 100vw, 300px\" \/> <img loading=\"lazy\" decoding=\"async\" class=\"alignnone size-medium wp-image-58728\" src=\"https:\/\/hablemosclarotdf.com.ar\/wp-content\/uploads\/2025\/11\/photo_2025-11-18_22-33-16-300x214.jpg\" alt=\"\" width=\"300\" height=\"214\" srcset=\"https:\/\/hablemosclarotdf.com.ar\/wp-content\/uploads\/2025\/11\/photo_2025-11-18_22-33-16-300x214.jpg 300w, https:\/\/hablemosclarotdf.com.ar\/wp-content\/uploads\/2025\/11\/photo_2025-11-18_22-33-16-1024x730.jpg 1024w, https:\/\/hablemosclarotdf.com.ar\/wp-content\/uploads\/2025\/11\/photo_2025-11-18_22-33-16-768x548.jpg 768w, https:\/\/hablemosclarotdf.com.ar\/wp-content\/uploads\/2025\/11\/photo_2025-11-18_22-33-16.jpg 1280w\" sizes=\"auto, (max-width: 300px) 100vw, 300px\" \/><\/p>\n","protected":false},"excerpt":{"rendered":"<p>En el marco del Mes de la Salud Mental, el Municipio de R\u00edo Grande present\u00f3&#8230;<\/p>\n","protected":false},"author":1,"featured_media":58725,"comment_status":"closed","ping_status":"closed","sticky":false,"template":"","format":"standard","meta":{"footnotes":""},"categories":[3],"tags":[],"class_list":["post-58724","post","type-post","status-publish","format-standard","has-post-thumbnail","hentry","category-noticias"],"jetpack_featured_media_url":"https:\/\/hablemosclarotdf.com.ar\/wp-content\/uploads\/2025\/11\/photo_2025-11-18_22-33-04.jpg","_links":{"self":[{"href":"https:\/\/hablemosclarotdf.com.ar\/index.php?rest_route=\/wp\/v2\/posts\/58724","targetHints":{"allow":["GET"]}}],"collection":[{"href":"https:\/\/hablemosclarotdf.com.ar\/index.php?rest_route=\/wp\/v2\/posts"}],"about":[{"href":"https:\/\/hablemosclarotdf.com.ar\/index.php?rest_route=\/wp\/v2\/types\/post"}],"author":[{"embeddable":true,"href":"https:\/\/hablemosclarotdf.com.ar\/index.php?rest_route=\/wp\/v2\/users\/1"}],"replies":[{"embeddable":true,"href":"https:\/\/hablemosclarotdf.com.ar\/index.php?rest_route=%2Fwp%2Fv2%2Fcomments&post=58724"}],"version-history":[{"count":1,"href":"https:\/\/hablemosclarotdf.com.ar\/index.php?rest_route=\/wp\/v2\/posts\/58724\/revisions"}],"predecessor-version":[{"id":58729,"href":"https:\/\/hablemosclarotdf.com.ar\/index.php?rest_route=\/wp\/v2\/posts\/58724\/revisions\/58729"}],"wp:featuredmedia":[{"embeddable":true,"href":"https:\/\/hablemosclarotdf.com.ar\/index.php?rest_route=\/wp\/v2\/media\/58725"}],"wp:attachment":[{"href":"https:\/\/hablemosclarotdf.com.ar\/index.php?rest_route=%2Fwp%2Fv2%2Fmedia&parent=58724"}],"wp:term":[{"taxonomy":"category","embeddable":true,"href":"https:\/\/hablemosclarotdf.com.ar\/index.php?rest_route=%2Fwp%2Fv2%2Fcategories&post=58724"},{"taxonomy":"post_tag","embeddable":true,"href":"https:\/\/hablemosclarotdf.com.ar\/index.php?rest_route=%2Fwp%2Fv2%2Ftags&post=58724"}],"curies":[{"name":"wp","href":"https:\/\/api.w.org\/{rel}","templated":true}]}}