{"id":58691,"date":"2025-11-18T14:57:50","date_gmt":"2025-11-18T17:57:50","guid":{"rendered":"https:\/\/hablemosclarotdf.com.ar\/?p=58691"},"modified":"2025-11-18T14:57:50","modified_gmt":"2025-11-18T17:57:50","slug":"ushuaia-la-municipalidad-fue-reconocida-por-su-acompanamiento-en-la-alfabetizacion-de-jovenes-y-adultos-en-centros-comunitarios","status":"publish","type":"post","link":"https:\/\/hablemosclarotdf.com.ar\/?p=58691","title":{"rendered":"USHUAIA : LA MUNICIPALIDAD  FUE RECONOCIDA POR SU ACOMPA\u00d1AMIENTO EN LA ALFABETIZACI\u00d3N DE J\u00d3VENES Y ADULTOS, EN CENTROS COMUNITARIOS"},"content":{"rendered":"<p>La Secretar\u00eda de Pol\u00edticas Sociales, Sanitarias y de Derechos Humanos de la Municipalidad de Ushuaia, a cargo de Yanira Mart\u00ednez, asisti\u00f3 al Acto de finalizaci\u00f3n del Programa Provincial de Alfabetizaci\u00f3n de \u201cYo, s\u00ed puedo\u201d y del Programa Provincial \u201cPrimaria Intensiva\u201d, que se llev\u00f3 a cabo en el IPRA de Ushuaia.<\/p>\n<p>Durante la ceremonia, la Municipalidad de Ushuaia recibi\u00f3 un reconocimiento del Gobierno Provincial por su fundamental contribuci\u00f3n a la educaci\u00f3n de j\u00f3venes y adultos. La distinci\u00f3n fue otorgada debido a que la Municipalidad cede y acondiciona los Centros Comunitarios de la ciudad como espacios esenciales para el desarrollo de los encuentros de alfabetizaci\u00f3n.<\/p>\n<p>El evento fue presidido por el Ministro de Educaci\u00f3n, Lic. Pablo L\u00f3pez Silva, y cont\u00f3 con la destacada presencia del Gobernador de la Provincia de Tierra del Fuego, Ant\u00e1rtida e Islas del Atl\u00e1ntico Sur. Adem\u00e1s, asistieron legisladores provinciales, concejales y concejalas de la ciudad, subrayando la importancia institucional de los programas.<\/p>\n<p>Tras recibir el reconocimiento, la Secretaria Yanira Mart\u00ednez comparti\u00f3 su satisfacci\u00f3n:<br \/>\n&#8220;Este reconocimiento no es para la Secretar\u00eda, es para cada vecino y vecina que decidi\u00f3 dar este gran paso en su vida. Para nosotros, poner a disposici\u00f3n nuestros Centros Comunitarios es un orgullo y una obligaci\u00f3n. La Municipalidad de Ushuaia es la casa de todos, y es nuestro deber asegurar que cada rinc\u00f3n de la ciudad sea un espacio de encuentro, aprendizaje y oportunidades. La alfabetizaci\u00f3n es la llave m\u00e1s importante para la verdadera inclusi\u00f3n social, y seguiremos trabajando incansablemente con la Provincia para que ning\u00fan joven o adulto se quede atr\u00e1s.&#8221;<\/p>\n<p>La Municipalidad reafirma as\u00ed su compromiso con la Educaci\u00f3n Permanente de J\u00f3venes y Adultos, garantizando los espacios y el apoyo log\u00edstico necesarios para el \u00e9xito de estos programas vitales para la comunidad.<\/p>\n<p><img loading=\"lazy\" decoding=\"async\" class=\"alignnone size-medium wp-image-58693\" src=\"https:\/\/hablemosclarotdf.com.ar\/wp-content\/uploads\/2025\/11\/photo_2025-11-18_14-55-33-300x200.jpg\" alt=\"\" width=\"300\" height=\"200\" srcset=\"https:\/\/hablemosclarotdf.com.ar\/wp-content\/uploads\/2025\/11\/photo_2025-11-18_14-55-33-300x200.jpg 300w, https:\/\/hablemosclarotdf.com.ar\/wp-content\/uploads\/2025\/11\/photo_2025-11-18_14-55-33-1024x682.jpg 1024w, https:\/\/hablemosclarotdf.com.ar\/wp-content\/uploads\/2025\/11\/photo_2025-11-18_14-55-33-768x512.jpg 768w, https:\/\/hablemosclarotdf.com.ar\/wp-content\/uploads\/2025\/11\/photo_2025-11-18_14-55-33.jpg 1280w\" sizes=\"auto, (max-width: 300px) 100vw, 300px\" \/> <img loading=\"lazy\" decoding=\"async\" class=\"alignnone size-medium wp-image-58694\" src=\"https:\/\/hablemosclarotdf.com.ar\/wp-content\/uploads\/2025\/11\/photo_2025-11-18_14-55-37-300x200.jpg\" alt=\"\" width=\"300\" height=\"200\" srcset=\"https:\/\/hablemosclarotdf.com.ar\/wp-content\/uploads\/2025\/11\/photo_2025-11-18_14-55-37-300x200.jpg 300w, https:\/\/hablemosclarotdf.com.ar\/wp-content\/uploads\/2025\/11\/photo_2025-11-18_14-55-37-1024x682.jpg 1024w, https:\/\/hablemosclarotdf.com.ar\/wp-content\/uploads\/2025\/11\/photo_2025-11-18_14-55-37-768x512.jpg 768w, https:\/\/hablemosclarotdf.com.ar\/wp-content\/uploads\/2025\/11\/photo_2025-11-18_14-55-37.jpg 1280w\" sizes=\"auto, (max-width: 300px) 100vw, 300px\" \/> <img loading=\"lazy\" decoding=\"async\" class=\"alignnone size-medium wp-image-58695\" src=\"https:\/\/hablemosclarotdf.com.ar\/wp-content\/uploads\/2025\/11\/photo_2025-11-18_14-55-40-300x200.jpg\" alt=\"\" width=\"300\" height=\"200\" srcset=\"https:\/\/hablemosclarotdf.com.ar\/wp-content\/uploads\/2025\/11\/photo_2025-11-18_14-55-40-300x200.jpg 300w, https:\/\/hablemosclarotdf.com.ar\/wp-content\/uploads\/2025\/11\/photo_2025-11-18_14-55-40-1024x682.jpg 1024w, https:\/\/hablemosclarotdf.com.ar\/wp-content\/uploads\/2025\/11\/photo_2025-11-18_14-55-40-768x512.jpg 768w, https:\/\/hablemosclarotdf.com.ar\/wp-content\/uploads\/2025\/11\/photo_2025-11-18_14-55-40.jpg 1280w\" sizes=\"auto, (max-width: 300px) 100vw, 300px\" \/> <img loading=\"lazy\" decoding=\"async\" class=\"alignnone size-medium wp-image-58696\" src=\"https:\/\/hablemosclarotdf.com.ar\/wp-content\/uploads\/2025\/11\/photo_2025-11-18_14-55-45-300x200.jpg\" alt=\"\" width=\"300\" height=\"200\" srcset=\"https:\/\/hablemosclarotdf.com.ar\/wp-content\/uploads\/2025\/11\/photo_2025-11-18_14-55-45-300x200.jpg 300w, https:\/\/hablemosclarotdf.com.ar\/wp-content\/uploads\/2025\/11\/photo_2025-11-18_14-55-45-1024x682.jpg 1024w, https:\/\/hablemosclarotdf.com.ar\/wp-content\/uploads\/2025\/11\/photo_2025-11-18_14-55-45-768x512.jpg 768w, https:\/\/hablemosclarotdf.com.ar\/wp-content\/uploads\/2025\/11\/photo_2025-11-18_14-55-45.jpg 1280w\" sizes=\"auto, (max-width: 300px) 100vw, 300px\" \/> <img loading=\"lazy\" decoding=\"async\" class=\"alignnone size-medium wp-image-58697\" src=\"https:\/\/hablemosclarotdf.com.ar\/wp-content\/uploads\/2025\/11\/photo_2025-11-18_14-56-08-300x200.jpg\" alt=\"\" width=\"300\" height=\"200\" srcset=\"https:\/\/hablemosclarotdf.com.ar\/wp-content\/uploads\/2025\/11\/photo_2025-11-18_14-56-08-300x200.jpg 300w, https:\/\/hablemosclarotdf.com.ar\/wp-content\/uploads\/2025\/11\/photo_2025-11-18_14-56-08-1024x682.jpg 1024w, https:\/\/hablemosclarotdf.com.ar\/wp-content\/uploads\/2025\/11\/photo_2025-11-18_14-56-08-768x512.jpg 768w, https:\/\/hablemosclarotdf.com.ar\/wp-content\/uploads\/2025\/11\/photo_2025-11-18_14-56-08.jpg 1280w\" sizes=\"auto, (max-width: 300px) 100vw, 300px\" \/><\/p>\n","protected":false},"excerpt":{"rendered":"<p>La Secretar\u00eda de Pol\u00edticas Sociales, Sanitarias y de Derechos Humanos de la Municipalidad de Ushuaia,&#8230;<\/p>\n","protected":false},"author":1,"featured_media":58692,"comment_status":"closed","ping_status":"closed","sticky":false,"template":"","format":"standard","meta":{"footnotes":""},"categories":[3],"tags":[],"class_list":["post-58691","post","type-post","status-publish","format-standard","has-post-thumbnail","hentry","category-noticias"],"jetpack_featured_media_url":"https:\/\/hablemosclarotdf.com.ar\/wp-content\/uploads\/2025\/11\/photo_2025-11-18_14-55-25.jpg","_links":{"self":[{"href":"https:\/\/hablemosclarotdf.com.ar\/index.php?rest_route=\/wp\/v2\/posts\/58691","targetHints":{"allow":["GET"]}}],"collection":[{"href":"https:\/\/hablemosclarotdf.com.ar\/index.php?rest_route=\/wp\/v2\/posts"}],"about":[{"href":"https:\/\/hablemosclarotdf.com.ar\/index.php?rest_route=\/wp\/v2\/types\/post"}],"author":[{"embeddable":true,"href":"https:\/\/hablemosclarotdf.com.ar\/index.php?rest_route=\/wp\/v2\/users\/1"}],"replies":[{"embeddable":true,"href":"https:\/\/hablemosclarotdf.com.ar\/index.php?rest_route=%2Fwp%2Fv2%2Fcomments&post=58691"}],"version-history":[{"count":1,"href":"https:\/\/hablemosclarotdf.com.ar\/index.php?rest_route=\/wp\/v2\/posts\/58691\/revisions"}],"predecessor-version":[{"id":58698,"href":"https:\/\/hablemosclarotdf.com.ar\/index.php?rest_route=\/wp\/v2\/posts\/58691\/revisions\/58698"}],"wp:featuredmedia":[{"embeddable":true,"href":"https:\/\/hablemosclarotdf.com.ar\/index.php?rest_route=\/wp\/v2\/media\/58692"}],"wp:attachment":[{"href":"https:\/\/hablemosclarotdf.com.ar\/index.php?rest_route=%2Fwp%2Fv2%2Fmedia&parent=58691"}],"wp:term":[{"taxonomy":"category","embeddable":true,"href":"https:\/\/hablemosclarotdf.com.ar\/index.php?rest_route=%2Fwp%2Fv2%2Fcategories&post=58691"},{"taxonomy":"post_tag","embeddable":true,"href":"https:\/\/hablemosclarotdf.com.ar\/index.php?rest_route=%2Fwp%2Fv2%2Ftags&post=58691"}],"curies":[{"name":"wp","href":"https:\/\/api.w.org\/{rel}","templated":true}]}}