{"id":58688,"date":"2025-11-18T14:52:49","date_gmt":"2025-11-18T17:52:49","guid":{"rendered":"https:\/\/hablemosclarotdf.com.ar\/?p=58688"},"modified":"2025-11-18T14:52:49","modified_gmt":"2025-11-18T17:52:49","slug":"la-fundacion-del-banco-de-tierra-del-fuego-entrego-equipamiento-tecnologico-a-la-agencia-de-innovacion","status":"publish","type":"post","link":"https:\/\/hablemosclarotdf.com.ar\/?p=58688","title":{"rendered":"LA FUNDACI\u00d3N DEL BANCO DE TIERRA DEL FUEGO ENTREG\u00d3 EQUIPAMIENTO TECNOL\u00d3GICO A LA AGENCIA DE INNOVACI\u00d3N"},"content":{"rendered":"<p>La Fundaci\u00f3n del Banco de Tierra del Fuego entreg\u00f3 equipamiento tecnol\u00f3gico a la Agencia de Innovaci\u00f3n de la Provincia, destinado a fortalecer los espacios formativos de los Polos Creativos.<\/p>\n<p>La donaci\u00f3n incluye 10 tablets Xview y 6 impresoras 3D, que ser\u00e1n distribuidas en los Polos de Ushuaia, Tolhuin y R\u00edo Grande. Esta acci\u00f3n refuerza la articulaci\u00f3n p\u00fablico-privada en favor del desarrollo del conocimiento y la innovaci\u00f3n, ampliando la capacidad de los Polos como entornos de aprendizaje y producci\u00f3n tecnol\u00f3gica.<\/p>\n<p>Cabe destacar que la Fundaci\u00f3n Banco de Tierra del Fuego cumple un rol estrat\u00e9gico en el acompa\u00f1amiento de iniciativas educativas y de innovaci\u00f3n, promoviendo la formaci\u00f3n, la transformaci\u00f3n digital y la igualdad de oportunidades en toda la provincia.<\/p>\n<p>En este sentido, Ema Bejarano, secretaria de Gesti\u00f3n, Polos y F\u00e1bricas de Talento, se\u00f1al\u00f3 que \u201cla formaci\u00f3n en impresi\u00f3n y modelado 3D constituye una herramienta clave para el desarrollo de habilidades tecnol\u00f3gicas, creativas y productivas, generando oportunidades de emprendimiento, empleo y reconversi\u00f3n laboral, y permite fortalecer desde las infancias la l\u00f3gica, el pensamiento cr\u00edtico y la resoluci\u00f3n de problemas, pilares esenciales para el aprendizaje del siglo XXI\u201d.<\/p>\n<p>\u201cEsta donaci\u00f3n refleja la importancia del trabajo conjunto entre el sector p\u00fablico y privado&#8221;, dijo y sigui\u00f3: &#8220;nos permite seguir garantizando que cada persona, sin importar su lugar de residencia, pueda acceder a herramientas tecnol\u00f3gicas que ampl\u00edan sus posibilidades de aprendizaje, creaci\u00f3n y desarrollo&#8221;.<\/p>\n<p>Finalmente, agradeci\u00f3 &#8220;profundamente a la Fundaci\u00f3n del Banco de Tierra del Fuego por acompa\u00f1ar el crecimiento de los Polos Creativos y apostar al futuro de nuestra provincia&#8221;.<\/p>\n","protected":false},"excerpt":{"rendered":"<p>La Fundaci\u00f3n del Banco de Tierra del Fuego entreg\u00f3 equipamiento tecnol\u00f3gico a la Agencia de&#8230;<\/p>\n","protected":false},"author":1,"featured_media":58689,"comment_status":"closed","ping_status":"closed","sticky":false,"template":"","format":"standard","meta":{"footnotes":""},"categories":[3],"tags":[],"class_list":["post-58688","post","type-post","status-publish","format-standard","has-post-thumbnail","hentry","category-noticias"],"jetpack_featured_media_url":"https:\/\/hablemosclarotdf.com.ar\/wp-content\/uploads\/2025\/11\/photo_2025-11-18_14-52-01.jpg","_links":{"self":[{"href":"https:\/\/hablemosclarotdf.com.ar\/index.php?rest_route=\/wp\/v2\/posts\/58688","targetHints":{"allow":["GET"]}}],"collection":[{"href":"https:\/\/hablemosclarotdf.com.ar\/index.php?rest_route=\/wp\/v2\/posts"}],"about":[{"href":"https:\/\/hablemosclarotdf.com.ar\/index.php?rest_route=\/wp\/v2\/types\/post"}],"author":[{"embeddable":true,"href":"https:\/\/hablemosclarotdf.com.ar\/index.php?rest_route=\/wp\/v2\/users\/1"}],"replies":[{"embeddable":true,"href":"https:\/\/hablemosclarotdf.com.ar\/index.php?rest_route=%2Fwp%2Fv2%2Fcomments&post=58688"}],"version-history":[{"count":1,"href":"https:\/\/hablemosclarotdf.com.ar\/index.php?rest_route=\/wp\/v2\/posts\/58688\/revisions"}],"predecessor-version":[{"id":58690,"href":"https:\/\/hablemosclarotdf.com.ar\/index.php?rest_route=\/wp\/v2\/posts\/58688\/revisions\/58690"}],"wp:featuredmedia":[{"embeddable":true,"href":"https:\/\/hablemosclarotdf.com.ar\/index.php?rest_route=\/wp\/v2\/media\/58689"}],"wp:attachment":[{"href":"https:\/\/hablemosclarotdf.com.ar\/index.php?rest_route=%2Fwp%2Fv2%2Fmedia&parent=58688"}],"wp:term":[{"taxonomy":"category","embeddable":true,"href":"https:\/\/hablemosclarotdf.com.ar\/index.php?rest_route=%2Fwp%2Fv2%2Fcategories&post=58688"},{"taxonomy":"post_tag","embeddable":true,"href":"https:\/\/hablemosclarotdf.com.ar\/index.php?rest_route=%2Fwp%2Fv2%2Ftags&post=58688"}],"curies":[{"name":"wp","href":"https:\/\/api.w.org\/{rel}","templated":true}]}}