{"id":58677,"date":"2025-11-18T14:25:06","date_gmt":"2025-11-18T17:25:06","guid":{"rendered":"https:\/\/hablemosclarotdf.com.ar\/?p=58677"},"modified":"2025-11-18T14:25:06","modified_gmt":"2025-11-18T17:25:06","slug":"rio-grande-este-jueves-comienza-la-muestra-anual-de-los-talleres-del-centro-cultural-alem","status":"publish","type":"post","link":"https:\/\/hablemosclarotdf.com.ar\/?p=58677","title":{"rendered":"RIO GRANDE : ESTE JUEVES COMIENZA LA MUESTRA ANUAL DE LOS TALLERES DEL CENTRO CULTURAL ALEM"},"content":{"rendered":"<p>Riograndenses de todas las edades presentar\u00e1n sus trabajos sobre lo que aprendieron a lo largo del a\u00f1o. La muestra se realizar\u00e1 en la Casa de la Cultura, desde este jueves 20 al domingo 23 de noviembre. En los \u00faltimos 6 a\u00f1os de gesti\u00f3n municipal, el Alem sum\u00f3 18 nuevos talleres, actualmente son 35 los espacios culturales que se brindan a la comunidad.<\/p>\n<p>La Subsecretar\u00eda de Cultura ofrece diferentes talleres para las vecinas y vecinos. A trav\u00e9s de estas propuestas, se generan instancias de encuentro donde se llevan adelante nuevas habilidades y conocimientos.<\/p>\n<p>Desde este jueves 20 al domingo 23 de noviembre, se desarrollar\u00e1 la Muestra Anual de los Talleres Culturales del Alem donde cientos de riograndenses fueron parte. En esta oportunidad, la Casa de la Cultura ser\u00e1 el escenario donde compartir\u00e1n con sus familias y la comunidad en general.<\/p>\n<p>El jueves 20, a partir de las 20 horas, se presentar\u00e1n los talleres de Folklore, de Salsa y Bachata, de Danza Contempor\u00e1nea y el de Fermme Style. El viernes 21, tambi\u00e9n desde las 20 horas, ser\u00e1 el turno de los talleres de Teatro con la presentaci\u00f3n de la obra \u201cAnt\u00e1rtida\u201d dirigida por Floregeipsa Moreno; luego el de Teatro para las Infancias con \u201cHabitaci\u00f3n 12\u201d y \u201cDel otro lado del pozo\u201d dirigidas por Mat\u00edas Aburto.<\/p>\n<p>Mientras que el s\u00e1bado 22 de noviembre, a las 17 horas, estar\u00e1 la muestra de los talleres de Guitarra, Viol\u00edn, Bater\u00eda, Guitarra El\u00e9ctrica y de Piano. En tanto que, el domingo 23, a partir de las 19 horas, ser\u00e1 el turno de los talleres de Danzas \u00c1rabes, de Iniciaci\u00f3n a la Danza y el de Ritmos Urbanos.<\/p>\n<p>La emblem\u00e1tica Casa de la Cultura, ubicada en Elcano 179, con entrada libre y gratuita, con el objetivo de que los y las riograndenses conozcan el amplio abanico de actividades que se brindan en el Centro Cultural Alem.<\/p>\n<p>Adem\u00e1s, desde el 26 al 28 de noviembre continuar\u00e1n los cierres anuales. El mi\u00e9rcoles 26 se inaugurar\u00e1 la Muestra Est\u00e1tica donde se mostrar\u00e1n los trabajos elaborados en los talleres de Artes Pl\u00e1sticas, Cer\u00e1mica, Fotograf\u00eda, Amigurumis, Arte en Papel, Corte y Confecci\u00f3n, Papeler\u00eda Creativa, Patchwork, Crochet, Arte Textil y Bordado, T\u00e9cnicas de Dibujo, entre otros.<\/p>\n<p>Cabe destacar que, el viernes 28 a las 21 horas, se se llevar\u00e1 adelante una milonga a cargo del taller de Tango y Pilates y el acompa\u00f1amiento de la Orquesta Kayen, como cierre de toda la muestra. Esta parte del evento se llevar\u00e1 a cabo en el Centro Cultural Alem (Av. Belgrano y Alberdi), con entrada libre y gratuita.<\/p>\n<p>Mediante estas propuestas, el Municipio de R\u00edo Grande invita a las vecinas y vecinos a disfrutar del cierre anual de los talleres del Alem. Un espacio que, todos los a\u00f1os, recibe a las infancias, juventudes, adultos y personas mayores de nuestra ciudad, quienes construyen identidad y cultura en la ciudad.<\/p>\n<p><img loading=\"lazy\" decoding=\"async\" class=\"alignnone size-medium wp-image-58680\" src=\"https:\/\/hablemosclarotdf.com.ar\/wp-content\/uploads\/2025\/11\/photo_2025-11-18_14-23-14-224x300.jpg\" alt=\"\" width=\"224\" height=\"300\" srcset=\"https:\/\/hablemosclarotdf.com.ar\/wp-content\/uploads\/2025\/11\/photo_2025-11-18_14-23-14-224x300.jpg 224w, https:\/\/hablemosclarotdf.com.ar\/wp-content\/uploads\/2025\/11\/photo_2025-11-18_14-23-14-766x1024.jpg 766w, https:\/\/hablemosclarotdf.com.ar\/wp-content\/uploads\/2025\/11\/photo_2025-11-18_14-23-14-768x1027.jpg 768w, https:\/\/hablemosclarotdf.com.ar\/wp-content\/uploads\/2025\/11\/photo_2025-11-18_14-23-14-1148x1536.jpg 1148w, https:\/\/hablemosclarotdf.com.ar\/wp-content\/uploads\/2025\/11\/photo_2025-11-18_14-23-14-1531x2048.jpg 1531w, https:\/\/hablemosclarotdf.com.ar\/wp-content\/uploads\/2025\/11\/photo_2025-11-18_14-23-14-1024x1370.jpg 1024w, https:\/\/hablemosclarotdf.com.ar\/wp-content\/uploads\/2025\/11\/photo_2025-11-18_14-23-14.jpg 1914w\" sizes=\"auto, (max-width: 224px) 100vw, 224px\" \/><\/p>\n","protected":false},"excerpt":{"rendered":"<p>Riograndenses de todas las edades presentar\u00e1n sus trabajos sobre lo que aprendieron a lo largo&#8230;<\/p>\n","protected":false},"author":1,"featured_media":58679,"comment_status":"closed","ping_status":"closed","sticky":false,"template":"","format":"standard","meta":{"footnotes":""},"categories":[3],"tags":[],"class_list":["post-58677","post","type-post","status-publish","format-standard","has-post-thumbnail","hentry","category-noticias"],"jetpack_featured_media_url":"https:\/\/hablemosclarotdf.com.ar\/wp-content\/uploads\/2025\/11\/photo_2025-11-18_14-23-10-1.jpg","_links":{"self":[{"href":"https:\/\/hablemosclarotdf.com.ar\/index.php?rest_route=\/wp\/v2\/posts\/58677","targetHints":{"allow":["GET"]}}],"collection":[{"href":"https:\/\/hablemosclarotdf.com.ar\/index.php?rest_route=\/wp\/v2\/posts"}],"about":[{"href":"https:\/\/hablemosclarotdf.com.ar\/index.php?rest_route=\/wp\/v2\/types\/post"}],"author":[{"embeddable":true,"href":"https:\/\/hablemosclarotdf.com.ar\/index.php?rest_route=\/wp\/v2\/users\/1"}],"replies":[{"embeddable":true,"href":"https:\/\/hablemosclarotdf.com.ar\/index.php?rest_route=%2Fwp%2Fv2%2Fcomments&post=58677"}],"version-history":[{"count":1,"href":"https:\/\/hablemosclarotdf.com.ar\/index.php?rest_route=\/wp\/v2\/posts\/58677\/revisions"}],"predecessor-version":[{"id":58681,"href":"https:\/\/hablemosclarotdf.com.ar\/index.php?rest_route=\/wp\/v2\/posts\/58677\/revisions\/58681"}],"wp:featuredmedia":[{"embeddable":true,"href":"https:\/\/hablemosclarotdf.com.ar\/index.php?rest_route=\/wp\/v2\/media\/58679"}],"wp:attachment":[{"href":"https:\/\/hablemosclarotdf.com.ar\/index.php?rest_route=%2Fwp%2Fv2%2Fmedia&parent=58677"}],"wp:term":[{"taxonomy":"category","embeddable":true,"href":"https:\/\/hablemosclarotdf.com.ar\/index.php?rest_route=%2Fwp%2Fv2%2Fcategories&post=58677"},{"taxonomy":"post_tag","embeddable":true,"href":"https:\/\/hablemosclarotdf.com.ar\/index.php?rest_route=%2Fwp%2Fv2%2Ftags&post=58677"}],"curies":[{"name":"wp","href":"https:\/\/api.w.org\/{rel}","templated":true}]}}