{"id":58610,"date":"2025-11-18T11:32:32","date_gmt":"2025-11-18T14:32:32","guid":{"rendered":"https:\/\/hablemosclarotdf.com.ar\/?p=58610"},"modified":"2025-11-18T11:32:32","modified_gmt":"2025-11-18T14:32:32","slug":"rio-grande-el-presupuesto-2026-sostiene-servicios-publicos-inversion-social-y-obra-publica","status":"publish","type":"post","link":"https:\/\/hablemosclarotdf.com.ar\/?p=58610","title":{"rendered":"RIO GRANDE : \u201cEL PRESUPUESTO 2026 SOSTIENE SERVICIOS P\u00daBLICOS, INVERSI\u00d3N SOCIAL Y OBRA P\u00daBLICA\u201d"},"content":{"rendered":"<p>As\u00ed lo afirm\u00f3 la secretar\u00eda de Finanzas, Valeria Capotorto, en la presentaci\u00f3n del Proyecto de Presupuesto 2026 ante el Cuerpo de Concejales en R\u00edo Grande. El mismo asciende a 173 mil millones de pesos. Resalt\u00f3 la base s\u00f3lida que posee nuestra ciudad, para afrontar el contexto y los desaf\u00edos econ\u00f3micos a nivel nacional, como as\u00ed tambi\u00e9n el sostenimiento de los servicios p\u00fablicos y el mantenimiento de las estructuras.<\/p>\n<p>La funcionaria sostuvo que \u201cel presupuesto 2026 se formula bajo principios de prudencia, asumiendo la continuidad de las restricciones macro fiscales nacionales, el desaf\u00edo de mejorar la eficiencia tributaria y priorizar el gasto en servicios esenciales, infraestructura social y mantenimiento urbano\u201d.<\/p>\n<p>En esta l\u00ednea, afirm\u00f3 que \u201cel presupuesto presentado es realista, inclusivo y pol\u00edticamente s\u00f3lido. Garantiza la prestaci\u00f3n de servicios esenciales, sostiene la inversi\u00f3n en obra p\u00fablica con recursos propios y refuerza las pol\u00edticas sociales para acompa\u00f1ar a los sectores m\u00e1s vulnerables\u201d.<\/p>\n<p>Capotorto subray\u00f3 &#8220;la obligaci\u00f3n de sostener servicios p\u00fablicos esenciales en un contexto de ajuste nacional\u201d y enfatiz\u00f3 \u201cla decisi\u00f3n pol\u00edtica de mantener ejes de inversi\u00f3n social, innovaci\u00f3n institucional y fomentar el desarrollo productivo local&#8221;.<\/p>\n<p>En tanto remarc\u00f3 que \u201cdesde el Ejecutivo Municipal solicitamos al Concejo Deliberante el acompa\u00f1amiento para la aprobaci\u00f3n del Presupuesto 2026\u201d entendiendo que \u201cdetr\u00e1s de cada n\u00famero hay una decisi\u00f3n pol\u00edtica: cuidar a la gente y sostener el futuro de R\u00edo Grande\u201d.<\/p>\n<p><img loading=\"lazy\" decoding=\"async\" class=\"alignnone size-medium wp-image-58612\" src=\"https:\/\/hablemosclarotdf.com.ar\/wp-content\/uploads\/2025\/11\/photo_2025-11-18_11-31-22-300x200.jpg\" alt=\"\" width=\"300\" height=\"200\" srcset=\"https:\/\/hablemosclarotdf.com.ar\/wp-content\/uploads\/2025\/11\/photo_2025-11-18_11-31-22-300x200.jpg 300w, https:\/\/hablemosclarotdf.com.ar\/wp-content\/uploads\/2025\/11\/photo_2025-11-18_11-31-22-1024x682.jpg 1024w, https:\/\/hablemosclarotdf.com.ar\/wp-content\/uploads\/2025\/11\/photo_2025-11-18_11-31-22-768x512.jpg 768w, https:\/\/hablemosclarotdf.com.ar\/wp-content\/uploads\/2025\/11\/photo_2025-11-18_11-31-22.jpg 1280w\" sizes=\"auto, (max-width: 300px) 100vw, 300px\" \/> <img loading=\"lazy\" decoding=\"async\" class=\"alignnone size-medium wp-image-58613\" src=\"https:\/\/hablemosclarotdf.com.ar\/wp-content\/uploads\/2025\/11\/photo_2025-11-18_11-31-27-300x200.jpg\" alt=\"\" width=\"300\" height=\"200\" srcset=\"https:\/\/hablemosclarotdf.com.ar\/wp-content\/uploads\/2025\/11\/photo_2025-11-18_11-31-27-300x200.jpg 300w, https:\/\/hablemosclarotdf.com.ar\/wp-content\/uploads\/2025\/11\/photo_2025-11-18_11-31-27-1024x682.jpg 1024w, https:\/\/hablemosclarotdf.com.ar\/wp-content\/uploads\/2025\/11\/photo_2025-11-18_11-31-27-768x512.jpg 768w, https:\/\/hablemosclarotdf.com.ar\/wp-content\/uploads\/2025\/11\/photo_2025-11-18_11-31-27.jpg 1280w\" sizes=\"auto, (max-width: 300px) 100vw, 300px\" \/><\/p>\n","protected":false},"excerpt":{"rendered":"<p>As\u00ed lo afirm\u00f3 la secretar\u00eda de Finanzas, Valeria Capotorto, en la presentaci\u00f3n del Proyecto de&#8230;<\/p>\n","protected":false},"author":1,"featured_media":58611,"comment_status":"closed","ping_status":"closed","sticky":false,"template":"","format":"standard","meta":{"footnotes":""},"categories":[3],"tags":[],"class_list":["post-58610","post","type-post","status-publish","format-standard","has-post-thumbnail","hentry","category-noticias"],"jetpack_featured_media_url":"https:\/\/hablemosclarotdf.com.ar\/wp-content\/uploads\/2025\/11\/photo_2025-11-18_11-31-15.jpg","_links":{"self":[{"href":"https:\/\/hablemosclarotdf.com.ar\/index.php?rest_route=\/wp\/v2\/posts\/58610","targetHints":{"allow":["GET"]}}],"collection":[{"href":"https:\/\/hablemosclarotdf.com.ar\/index.php?rest_route=\/wp\/v2\/posts"}],"about":[{"href":"https:\/\/hablemosclarotdf.com.ar\/index.php?rest_route=\/wp\/v2\/types\/post"}],"author":[{"embeddable":true,"href":"https:\/\/hablemosclarotdf.com.ar\/index.php?rest_route=\/wp\/v2\/users\/1"}],"replies":[{"embeddable":true,"href":"https:\/\/hablemosclarotdf.com.ar\/index.php?rest_route=%2Fwp%2Fv2%2Fcomments&post=58610"}],"version-history":[{"count":1,"href":"https:\/\/hablemosclarotdf.com.ar\/index.php?rest_route=\/wp\/v2\/posts\/58610\/revisions"}],"predecessor-version":[{"id":58614,"href":"https:\/\/hablemosclarotdf.com.ar\/index.php?rest_route=\/wp\/v2\/posts\/58610\/revisions\/58614"}],"wp:featuredmedia":[{"embeddable":true,"href":"https:\/\/hablemosclarotdf.com.ar\/index.php?rest_route=\/wp\/v2\/media\/58611"}],"wp:attachment":[{"href":"https:\/\/hablemosclarotdf.com.ar\/index.php?rest_route=%2Fwp%2Fv2%2Fmedia&parent=58610"}],"wp:term":[{"taxonomy":"category","embeddable":true,"href":"https:\/\/hablemosclarotdf.com.ar\/index.php?rest_route=%2Fwp%2Fv2%2Fcategories&post=58610"},{"taxonomy":"post_tag","embeddable":true,"href":"https:\/\/hablemosclarotdf.com.ar\/index.php?rest_route=%2Fwp%2Fv2%2Ftags&post=58610"}],"curies":[{"name":"wp","href":"https:\/\/api.w.org\/{rel}","templated":true}]}}