{"id":58560,"date":"2025-11-17T18:06:15","date_gmt":"2025-11-17T21:06:15","guid":{"rendered":"https:\/\/hablemosclarotdf.com.ar\/?p=58560"},"modified":"2025-11-17T18:06:15","modified_gmt":"2025-11-17T21:06:15","slug":"escuchamos-y-no-dudamos-la-provincia-se-adhiere-a-16-dias-de-activismo-para-visibilizar-la-violencia-de-genero","status":"publish","type":"post","link":"https:\/\/hablemosclarotdf.com.ar\/?p=58560","title":{"rendered":"&#8220;ESCUCHAMOS Y NO DUDAMOS&#8221;: LA PROVINCIA SE ADHIERE A \u201816 D\u00cdAS DE ACTIVISMO\u2019 PARA VISIBILIZAR LA VIOLENCIA DE G\u00c9NERO"},"content":{"rendered":"<p>Se trata de la campa\u00f1a impulsada por la Agencia ONU Mujeres en el marco del 25 de noviembre, fecha en la que se conmemora el D\u00eda Internacional de la Eliminaci\u00f3n de la Violencia contra la Mujer y que tiene por objeto la visibilizaci\u00f3n de la problem\u00e1tica a nivel nacional e internacional.<\/p>\n<p>El Gobierno Provincial, a trav\u00e9s de la Secretaria de Derechos Humanos e Igualdad, se adhiri\u00f3 por segundo a\u00f1o consecutivo a la propuesta de ONU Mujeres y, en esta oportunidad, llevar\u00e1 a cabo acciones en las tres ciudades fueguinas.<\/p>\n<p>Sobre esto, la titular de Derechos Humanos e Igualdad provincial, Sonia Splausky, recalc\u00f3 que \u201ccon la campa\u00f1a llevamos un eslogan importante \u2018Escuchamos y no dudamos\u2019\u201d y manifest\u00f3 que \u201cnos parece m\u00e1s que importante, en estos momentos de retroceso en materia de derechos humanos y derechos humanos de las mujeres en particular, visibilizar, llevar adelante acciones y sensibilizar a la poblaci\u00f3n con estos temas\u201d.<\/p>\n<p>\u201cEntendemos que esta es una problem\u00e1tica que nos ocupa a todos y a todas, y es necesario seguir fortaleciendo, como lo viene haciendo la provincia, en materia de derechos humanos, en particular de las mujeres\u201d, finaliz\u00f3.<\/p>\n<p>Cabe destacar que la campa\u00f1a \u201916 d\u00edas de activismo\u2019 se denomina as\u00ed ya que comienza el 25 de noviembre, D\u00eda de la Lucha contra la Violencia por Motivos de G\u00e9nero, y finaliza el 10 de diciembre, D\u00eda Internacional de los Derechos Humanos.<\/p>\n<p>Cronograma de actividades en la provincia bajo el lema \u2018Escuchamos y no dudamos\u2019:<\/p>\n<p>R\u00cdO GRANDE<\/p>\n<p>\u2022 25 de noviembre, 18:30 h. Aquelarre Feminista y Encuentro Comunitario-Art\u00edstico Patio, Hostel Argentino &#8211; Av. San Mart\u00edn N\u00b0 64. Abierto a la comunidad.<\/p>\n<p>\u2022 1 de diciembre, de 13 a 16 h. \u201cCuidarnos es un Derecho\u201d Jornada de prevenci\u00f3n e informaci\u00f3n, Casa de la Alegr\u00eda, calle Las Azucenas N\u00b0 23, Margen Sur. Abierto a la comunidad.<\/p>\n<p>\u2022 4 de diciembre, 13 h. Presentaci\u00f3n de la Investigaci\u00f3n \u201cGestar, Parir y Nacer en Tierra del Fuego\u201d Mesa Interinstitucional de Parto Respetado, Centro Cultural Yaganes, Av. Belgrano N\u00b0 319. Abierto a la comunidad.<\/p>\n<p>TOLHUIN<\/p>\n<p>\u2022 26 de noviembre, 14 h. Conversatorios \u201cLos cuidados como Derecho Humano. Voces de las mujeres adultas\u201d, Rupatini N\u00b0 655. Abierto a la comunidad.<\/p>\n<p>\u2022 27 de noviembre, 14 h. \u201cSalud integral de las mujeres y acceso equitativo a derechos\u201d, Rupatini N\u00b0 655. Abierto a la comunidad.<\/p>\n<p>\u2022 1 de diciembre, 14 h. Charla \u201cPrevenci\u00f3n y se\u00f1ales de alerta: reconocer violencias cotidianas\u201d, Rupatini N\u00b0 655. Abierto a la comunidad.<\/p>\n<p>\u2022 2 de diciembre, 14 h. Conversatorio \u201cViolencia econ\u00f3mica y obligaciones parentales\u201d, Rupatini N\u00b0 655. Abierto a la comunidad.<\/p>\n<p>USHUAIA<\/p>\n<p>\u2022 10 de diciembre, 1er Congreso de Derechos Humanos e Igualdad de Tierra del Fuego AIAS. Lugar y horario a definir.<\/p>\n","protected":false},"excerpt":{"rendered":"<p>Se trata de la campa\u00f1a impulsada por la Agencia ONU Mujeres en el marco del&#8230;<\/p>\n","protected":false},"author":1,"featured_media":58561,"comment_status":"closed","ping_status":"closed","sticky":false,"template":"","format":"standard","meta":{"footnotes":""},"categories":[3],"tags":[],"class_list":["post-58560","post","type-post","status-publish","format-standard","has-post-thumbnail","hentry","category-noticias"],"jetpack_featured_media_url":"https:\/\/hablemosclarotdf.com.ar\/wp-content\/uploads\/2025\/11\/photo_2025-11-17_18-05-25.jpg","_links":{"self":[{"href":"https:\/\/hablemosclarotdf.com.ar\/index.php?rest_route=\/wp\/v2\/posts\/58560","targetHints":{"allow":["GET"]}}],"collection":[{"href":"https:\/\/hablemosclarotdf.com.ar\/index.php?rest_route=\/wp\/v2\/posts"}],"about":[{"href":"https:\/\/hablemosclarotdf.com.ar\/index.php?rest_route=\/wp\/v2\/types\/post"}],"author":[{"embeddable":true,"href":"https:\/\/hablemosclarotdf.com.ar\/index.php?rest_route=\/wp\/v2\/users\/1"}],"replies":[{"embeddable":true,"href":"https:\/\/hablemosclarotdf.com.ar\/index.php?rest_route=%2Fwp%2Fv2%2Fcomments&post=58560"}],"version-history":[{"count":1,"href":"https:\/\/hablemosclarotdf.com.ar\/index.php?rest_route=\/wp\/v2\/posts\/58560\/revisions"}],"predecessor-version":[{"id":58562,"href":"https:\/\/hablemosclarotdf.com.ar\/index.php?rest_route=\/wp\/v2\/posts\/58560\/revisions\/58562"}],"wp:featuredmedia":[{"embeddable":true,"href":"https:\/\/hablemosclarotdf.com.ar\/index.php?rest_route=\/wp\/v2\/media\/58561"}],"wp:attachment":[{"href":"https:\/\/hablemosclarotdf.com.ar\/index.php?rest_route=%2Fwp%2Fv2%2Fmedia&parent=58560"}],"wp:term":[{"taxonomy":"category","embeddable":true,"href":"https:\/\/hablemosclarotdf.com.ar\/index.php?rest_route=%2Fwp%2Fv2%2Fcategories&post=58560"},{"taxonomy":"post_tag","embeddable":true,"href":"https:\/\/hablemosclarotdf.com.ar\/index.php?rest_route=%2Fwp%2Fv2%2Ftags&post=58560"}],"curies":[{"name":"wp","href":"https:\/\/api.w.org\/{rel}","templated":true}]}}