{"id":58554,"date":"2025-11-17T18:03:42","date_gmt":"2025-11-17T21:03:42","guid":{"rendered":"https:\/\/hablemosclarotdf.com.ar\/?p=58554"},"modified":"2025-11-17T18:03:42","modified_gmt":"2025-11-17T21:03:42","slug":"rio-grande-el-municipio-finalizo-el-taller-de-lengua-de-senas-argentina-para-personal-municipal","status":"publish","type":"post","link":"https:\/\/hablemosclarotdf.com.ar\/?p=58554","title":{"rendered":"RIO GRANDE : EL MUNICIPIO FINALIZ\u00d3 EL TALLER DE LENGUA DE SE\u00d1AS ARGENTINA PARA PERSONAL MUNICIPAL"},"content":{"rendered":"<p>El Municipio de R\u00edo Grande, a trav\u00e9s de la Secretar\u00eda de G\u00e9nero y Desarrollo Comunitario, finaliz\u00f3 el Taller de Lengua de Se\u00f1as Argentina (LSA) dictado en conjunto con la Asociaci\u00f3n Civil para la Inclusi\u00f3n \u201cChen Haitken \u2013 Mir\u00e1 Bien Mis Manos\u201d.<\/p>\n<p>El espacio formativo estuvo destinado a trabajadoras y trabajadores municipales que se desempe\u00f1an en \u00e1reas de atenci\u00f3n al p\u00fablico, con el fin de mejorar la comunicaci\u00f3n con personas sordas y garantizar una atenci\u00f3n m\u00e1s inclusiva, respetuosa y accesible.<\/p>\n<p>Durante el taller se abordaron contenidos fundamentales de la Lengua de Se\u00f1as Argentina, as\u00ed como aspectos culturales de la comunidad sorda, promoviendo el respeto por su identidad ling\u00fc\u00edstica y contribuyendo a derribar estigmas y barreras comunicacionales.<\/p>\n<p>En esta l\u00ednea, la secretaria de G\u00e9nero y Desarrollo Comunitario, Ivana Ybars, destac\u00f3 la importancia de esta propuesta y se\u00f1al\u00f3 que &#8220;para nosotros fue fundamental realizar este taller de Lengua de Se\u00f1as Argentina con el personal municipal. Creo firmemente que el acceso a la comunicaci\u00f3n es un derecho y que, como Estado, tenemos la responsabilidad de garantizar entornos m\u00e1s inclusivos&#8221;.<\/p>\n<p>\u201cCada trabajador y trabajadora que se capacita en LSA ampl\u00eda las puertas del Municipio y mejora la calidad del acompa\u00f1amiento que brindamos. Estos espacios de formaci\u00f3n nos permiten construir una atenci\u00f3n m\u00e1s cercana, respetuosa y accesible para toda la comunidad\u201d, a\u00f1adi\u00f3.<\/p>\n<p>Esta capacitaci\u00f3n se consolid\u00f3 como un paso m\u00e1s hacia la construcci\u00f3n de una R\u00edo Grande que garantiza derechos y brinda servicios p\u00fablicos de calidad para todas y todos.<\/p>\n<p>La iniciativa forma parte de una pol\u00edtica p\u00fablica que promueve la accesibilidad en todas sus dimensiones, reafirmando el compromiso del Estado municipal con la inclusi\u00f3n y la equidad. Mediante estas propuestas, nuestra ciudad contin\u00faa avanzando hacia una comunidad m\u00e1s justa y diversa para cada vecino y vecina.<\/p>\n<p><img loading=\"lazy\" decoding=\"async\" class=\"alignnone size-medium wp-image-58556\" src=\"https:\/\/hablemosclarotdf.com.ar\/wp-content\/uploads\/2025\/11\/photo_2025-11-17_18-02-19-300x200.jpg\" alt=\"\" width=\"300\" height=\"200\" srcset=\"https:\/\/hablemosclarotdf.com.ar\/wp-content\/uploads\/2025\/11\/photo_2025-11-17_18-02-19-300x200.jpg 300w, https:\/\/hablemosclarotdf.com.ar\/wp-content\/uploads\/2025\/11\/photo_2025-11-17_18-02-19-1024x682.jpg 1024w, https:\/\/hablemosclarotdf.com.ar\/wp-content\/uploads\/2025\/11\/photo_2025-11-17_18-02-19-768x512.jpg 768w, https:\/\/hablemosclarotdf.com.ar\/wp-content\/uploads\/2025\/11\/photo_2025-11-17_18-02-19.jpg 1280w\" sizes=\"auto, (max-width: 300px) 100vw, 300px\" \/> <img loading=\"lazy\" decoding=\"async\" class=\"alignnone size-medium wp-image-58557\" src=\"https:\/\/hablemosclarotdf.com.ar\/wp-content\/uploads\/2025\/11\/photo_2025-11-17_18-02-22-300x200.jpg\" alt=\"\" width=\"300\" height=\"200\" srcset=\"https:\/\/hablemosclarotdf.com.ar\/wp-content\/uploads\/2025\/11\/photo_2025-11-17_18-02-22-300x200.jpg 300w, https:\/\/hablemosclarotdf.com.ar\/wp-content\/uploads\/2025\/11\/photo_2025-11-17_18-02-22-1024x682.jpg 1024w, https:\/\/hablemosclarotdf.com.ar\/wp-content\/uploads\/2025\/11\/photo_2025-11-17_18-02-22-768x512.jpg 768w, https:\/\/hablemosclarotdf.com.ar\/wp-content\/uploads\/2025\/11\/photo_2025-11-17_18-02-22.jpg 1280w\" sizes=\"auto, (max-width: 300px) 100vw, 300px\" \/> <img loading=\"lazy\" decoding=\"async\" class=\"alignnone size-medium wp-image-58558\" src=\"https:\/\/hablemosclarotdf.com.ar\/wp-content\/uploads\/2025\/11\/photo_2025-11-17_18-02-26-300x200.jpg\" alt=\"\" width=\"300\" height=\"200\" srcset=\"https:\/\/hablemosclarotdf.com.ar\/wp-content\/uploads\/2025\/11\/photo_2025-11-17_18-02-26-300x200.jpg 300w, https:\/\/hablemosclarotdf.com.ar\/wp-content\/uploads\/2025\/11\/photo_2025-11-17_18-02-26-1024x682.jpg 1024w, https:\/\/hablemosclarotdf.com.ar\/wp-content\/uploads\/2025\/11\/photo_2025-11-17_18-02-26-768x512.jpg 768w, https:\/\/hablemosclarotdf.com.ar\/wp-content\/uploads\/2025\/11\/photo_2025-11-17_18-02-26.jpg 1280w\" sizes=\"auto, (max-width: 300px) 100vw, 300px\" \/><\/p>\n","protected":false},"excerpt":{"rendered":"<p>El Municipio de R\u00edo Grande, a trav\u00e9s de la Secretar\u00eda de G\u00e9nero y Desarrollo Comunitario,&#8230;<\/p>\n","protected":false},"author":1,"featured_media":58555,"comment_status":"closed","ping_status":"closed","sticky":false,"template":"","format":"standard","meta":{"footnotes":""},"categories":[3],"tags":[],"class_list":["post-58554","post","type-post","status-publish","format-standard","has-post-thumbnail","hentry","category-noticias"],"jetpack_featured_media_url":"https:\/\/hablemosclarotdf.com.ar\/wp-content\/uploads\/2025\/11\/photo_2025-11-17_18-02-11.jpg","_links":{"self":[{"href":"https:\/\/hablemosclarotdf.com.ar\/index.php?rest_route=\/wp\/v2\/posts\/58554","targetHints":{"allow":["GET"]}}],"collection":[{"href":"https:\/\/hablemosclarotdf.com.ar\/index.php?rest_route=\/wp\/v2\/posts"}],"about":[{"href":"https:\/\/hablemosclarotdf.com.ar\/index.php?rest_route=\/wp\/v2\/types\/post"}],"author":[{"embeddable":true,"href":"https:\/\/hablemosclarotdf.com.ar\/index.php?rest_route=\/wp\/v2\/users\/1"}],"replies":[{"embeddable":true,"href":"https:\/\/hablemosclarotdf.com.ar\/index.php?rest_route=%2Fwp%2Fv2%2Fcomments&post=58554"}],"version-history":[{"count":1,"href":"https:\/\/hablemosclarotdf.com.ar\/index.php?rest_route=\/wp\/v2\/posts\/58554\/revisions"}],"predecessor-version":[{"id":58559,"href":"https:\/\/hablemosclarotdf.com.ar\/index.php?rest_route=\/wp\/v2\/posts\/58554\/revisions\/58559"}],"wp:featuredmedia":[{"embeddable":true,"href":"https:\/\/hablemosclarotdf.com.ar\/index.php?rest_route=\/wp\/v2\/media\/58555"}],"wp:attachment":[{"href":"https:\/\/hablemosclarotdf.com.ar\/index.php?rest_route=%2Fwp%2Fv2%2Fmedia&parent=58554"}],"wp:term":[{"taxonomy":"category","embeddable":true,"href":"https:\/\/hablemosclarotdf.com.ar\/index.php?rest_route=%2Fwp%2Fv2%2Fcategories&post=58554"},{"taxonomy":"post_tag","embeddable":true,"href":"https:\/\/hablemosclarotdf.com.ar\/index.php?rest_route=%2Fwp%2Fv2%2Ftags&post=58554"}],"curies":[{"name":"wp","href":"https:\/\/api.w.org\/{rel}","templated":true}]}}