{"id":58523,"date":"2025-11-17T15:37:19","date_gmt":"2025-11-17T18:37:19","guid":{"rendered":"https:\/\/hablemosclarotdf.com.ar\/?p=58523"},"modified":"2025-11-17T15:37:19","modified_gmt":"2025-11-17T18:37:19","slug":"rio-grande-gran-jornada-en-el-cierre-de-talleres-hecho-en-el-espacio","status":"publish","type":"post","link":"https:\/\/hablemosclarotdf.com.ar\/?p=58523","title":{"rendered":"RIO GRANDE : GRAN JORNADA EN EL CIERRE DE TALLERES \u201cHECHO EN EL ESPACIO\u201d"},"content":{"rendered":"<p>El Municipio de R\u00edo Grande, a trav\u00e9s de la Secretar\u00eda de Gesti\u00f3n Ciudadana, llev\u00f3 adelante con gran convocatoria el cierre de talleres y muestra interactiva \u201cHecho en el Espacio\u201d, una propuesta que reuni\u00f3 a m\u00e1s de 300 vecinos y vecinas en las instalaciones del Espacio Tecnol\u00f3gico.<\/p>\n<p>La jornada permiti\u00f3 que las familias, estudiantes y personas de todas las edades recorrieran las distintas aulas donde se exhibieron los trabajos desarrollados durante el a\u00f1o en disciplinas como programaci\u00f3n, rob\u00f3tica, dise\u00f1o gr\u00e1fico, dibujo digital e impresi\u00f3n 3D.<\/p>\n<p>El evento comenz\u00f3 con un streaming en vivo protagonizado por los propios estudiantes, quienes relataron c\u00f3mo fue transitar los talleres y qu\u00e9 signific\u00f3 para ellos apropiarse de herramientas digitales, art\u00edsticas y tecnol\u00f3gicas. Ese primer momento abri\u00f3 paso a un recorrido donde las familias pudieron ingresar a cada aula, conversar con los equipos y descubrir el trabajo que se realiz\u00f3 durante todo el a\u00f1o.<\/p>\n<p>En este marco, la directora de Promoci\u00f3n de Econom\u00eda del Conocimiento, Andrea Artigues, destac\u00f3 que \u201cla muestra anual es una oportunidad para compartir todo lo que hicimos durante el a\u00f1o: formaci\u00f3n disciplinar, experiencias inmersivas y trabajo articulado con instituciones educativas de la ciudad\u201d.<\/p>\n<p>Asimismo, subray\u00f3 el rol de la comunidad en la construcci\u00f3n de estos espacios al se\u00f1alar que \u201ces valioso ver c\u00f3mo la comunidad se apropia de estos espacios y los convierte en oportunidades reales de aprendizaje\u201d.<\/p>\n<p>Finalmente, Artigues remarc\u00f3 el sentido profundo de esta propuesta al afirmar que \u201cesta muestra resume ese esfuerzo colectivo y el compromiso que tenemos con una ciudad que crece de la mano de la tecnolog\u00eda\u201d.<\/p>\n<p>Con actividades abiertas, gratuitas y accesibles, \u201cHecho en el Espacio\u201d reafirma el compromiso del Municipio con la inclusi\u00f3n digital, la promoci\u00f3n de nuevas vocaciones y el fortalecimiento de habilidades que acompa\u00f1an el desarrollo tecnol\u00f3gico de R\u00edo Grande.<\/p>\n<p><img loading=\"lazy\" decoding=\"async\" class=\"alignnone size-medium wp-image-58525\" src=\"https:\/\/hablemosclarotdf.com.ar\/wp-content\/uploads\/2025\/11\/photo_2025-11-17_15-35-23-300x199.jpg\" alt=\"\" width=\"300\" height=\"199\" srcset=\"https:\/\/hablemosclarotdf.com.ar\/wp-content\/uploads\/2025\/11\/photo_2025-11-17_15-35-23-300x199.jpg 300w, https:\/\/hablemosclarotdf.com.ar\/wp-content\/uploads\/2025\/11\/photo_2025-11-17_15-35-23-1024x681.jpg 1024w, https:\/\/hablemosclarotdf.com.ar\/wp-content\/uploads\/2025\/11\/photo_2025-11-17_15-35-23-768x511.jpg 768w, https:\/\/hablemosclarotdf.com.ar\/wp-content\/uploads\/2025\/11\/photo_2025-11-17_15-35-23-1536x1021.jpg 1536w, https:\/\/hablemosclarotdf.com.ar\/wp-content\/uploads\/2025\/11\/photo_2025-11-17_15-35-23-2048x1362.jpg 2048w\" sizes=\"auto, (max-width: 300px) 100vw, 300px\" \/> <img loading=\"lazy\" decoding=\"async\" class=\"alignnone size-medium wp-image-58526\" src=\"https:\/\/hablemosclarotdf.com.ar\/wp-content\/uploads\/2025\/11\/photo_2025-11-17_15-35-27-300x200.jpg\" alt=\"\" width=\"300\" height=\"200\" srcset=\"https:\/\/hablemosclarotdf.com.ar\/wp-content\/uploads\/2025\/11\/photo_2025-11-17_15-35-27-300x200.jpg 300w, https:\/\/hablemosclarotdf.com.ar\/wp-content\/uploads\/2025\/11\/photo_2025-11-17_15-35-27-1024x682.jpg 1024w, https:\/\/hablemosclarotdf.com.ar\/wp-content\/uploads\/2025\/11\/photo_2025-11-17_15-35-27-768x512.jpg 768w, https:\/\/hablemosclarotdf.com.ar\/wp-content\/uploads\/2025\/11\/photo_2025-11-17_15-35-27-1536x1024.jpg 1536w, https:\/\/hablemosclarotdf.com.ar\/wp-content\/uploads\/2025\/11\/photo_2025-11-17_15-35-27-2048x1365.jpg 2048w\" sizes=\"auto, (max-width: 300px) 100vw, 300px\" \/> <img loading=\"lazy\" decoding=\"async\" class=\"alignnone size-medium wp-image-58527\" src=\"https:\/\/hablemosclarotdf.com.ar\/wp-content\/uploads\/2025\/11\/photo_2025-11-17_15-35-31-300x200.jpg\" alt=\"\" width=\"300\" height=\"200\" srcset=\"https:\/\/hablemosclarotdf.com.ar\/wp-content\/uploads\/2025\/11\/photo_2025-11-17_15-35-31-300x200.jpg 300w, https:\/\/hablemosclarotdf.com.ar\/wp-content\/uploads\/2025\/11\/photo_2025-11-17_15-35-31-1024x682.jpg 1024w, https:\/\/hablemosclarotdf.com.ar\/wp-content\/uploads\/2025\/11\/photo_2025-11-17_15-35-31-768x512.jpg 768w, https:\/\/hablemosclarotdf.com.ar\/wp-content\/uploads\/2025\/11\/photo_2025-11-17_15-35-31-1536x1024.jpg 1536w, https:\/\/hablemosclarotdf.com.ar\/wp-content\/uploads\/2025\/11\/photo_2025-11-17_15-35-31-2048x1365.jpg 2048w\" sizes=\"auto, (max-width: 300px) 100vw, 300px\" \/> <img loading=\"lazy\" decoding=\"async\" class=\"alignnone size-medium wp-image-58528\" src=\"https:\/\/hablemosclarotdf.com.ar\/wp-content\/uploads\/2025\/11\/photo_2025-11-17_15-35-35-300x200.jpg\" alt=\"\" width=\"300\" height=\"200\" srcset=\"https:\/\/hablemosclarotdf.com.ar\/wp-content\/uploads\/2025\/11\/photo_2025-11-17_15-35-35-300x200.jpg 300w, https:\/\/hablemosclarotdf.com.ar\/wp-content\/uploads\/2025\/11\/photo_2025-11-17_15-35-35-1024x682.jpg 1024w, https:\/\/hablemosclarotdf.com.ar\/wp-content\/uploads\/2025\/11\/photo_2025-11-17_15-35-35-768x512.jpg 768w, https:\/\/hablemosclarotdf.com.ar\/wp-content\/uploads\/2025\/11\/photo_2025-11-17_15-35-35-1536x1024.jpg 1536w, https:\/\/hablemosclarotdf.com.ar\/wp-content\/uploads\/2025\/11\/photo_2025-11-17_15-35-35-2048x1365.jpg 2048w\" sizes=\"auto, (max-width: 300px) 100vw, 300px\" \/> <img loading=\"lazy\" decoding=\"async\" class=\"alignnone size-medium wp-image-58529\" src=\"https:\/\/hablemosclarotdf.com.ar\/wp-content\/uploads\/2025\/11\/photo_2025-11-17_15-35-39-300x200.jpg\" alt=\"\" width=\"300\" height=\"200\" srcset=\"https:\/\/hablemosclarotdf.com.ar\/wp-content\/uploads\/2025\/11\/photo_2025-11-17_15-35-39-300x200.jpg 300w, https:\/\/hablemosclarotdf.com.ar\/wp-content\/uploads\/2025\/11\/photo_2025-11-17_15-35-39-1024x682.jpg 1024w, https:\/\/hablemosclarotdf.com.ar\/wp-content\/uploads\/2025\/11\/photo_2025-11-17_15-35-39-768x512.jpg 768w, https:\/\/hablemosclarotdf.com.ar\/wp-content\/uploads\/2025\/11\/photo_2025-11-17_15-35-39-1536x1024.jpg 1536w, https:\/\/hablemosclarotdf.com.ar\/wp-content\/uploads\/2025\/11\/photo_2025-11-17_15-35-39-2048x1365.jpg 2048w\" sizes=\"auto, (max-width: 300px) 100vw, 300px\" \/><\/p>\n","protected":false},"excerpt":{"rendered":"<p>El Municipio de R\u00edo Grande, a trav\u00e9s de la Secretar\u00eda de Gesti\u00f3n Ciudadana, llev\u00f3 adelante&#8230;<\/p>\n","protected":false},"author":1,"featured_media":58524,"comment_status":"closed","ping_status":"closed","sticky":false,"template":"","format":"standard","meta":{"footnotes":""},"categories":[3],"tags":[],"class_list":["post-58523","post","type-post","status-publish","format-standard","has-post-thumbnail","hentry","category-noticias"],"jetpack_featured_media_url":"https:\/\/hablemosclarotdf.com.ar\/wp-content\/uploads\/2025\/11\/photo_2025-11-17_15-35-15.jpg","_links":{"self":[{"href":"https:\/\/hablemosclarotdf.com.ar\/index.php?rest_route=\/wp\/v2\/posts\/58523","targetHints":{"allow":["GET"]}}],"collection":[{"href":"https:\/\/hablemosclarotdf.com.ar\/index.php?rest_route=\/wp\/v2\/posts"}],"about":[{"href":"https:\/\/hablemosclarotdf.com.ar\/index.php?rest_route=\/wp\/v2\/types\/post"}],"author":[{"embeddable":true,"href":"https:\/\/hablemosclarotdf.com.ar\/index.php?rest_route=\/wp\/v2\/users\/1"}],"replies":[{"embeddable":true,"href":"https:\/\/hablemosclarotdf.com.ar\/index.php?rest_route=%2Fwp%2Fv2%2Fcomments&post=58523"}],"version-history":[{"count":1,"href":"https:\/\/hablemosclarotdf.com.ar\/index.php?rest_route=\/wp\/v2\/posts\/58523\/revisions"}],"predecessor-version":[{"id":58530,"href":"https:\/\/hablemosclarotdf.com.ar\/index.php?rest_route=\/wp\/v2\/posts\/58523\/revisions\/58530"}],"wp:featuredmedia":[{"embeddable":true,"href":"https:\/\/hablemosclarotdf.com.ar\/index.php?rest_route=\/wp\/v2\/media\/58524"}],"wp:attachment":[{"href":"https:\/\/hablemosclarotdf.com.ar\/index.php?rest_route=%2Fwp%2Fv2%2Fmedia&parent=58523"}],"wp:term":[{"taxonomy":"category","embeddable":true,"href":"https:\/\/hablemosclarotdf.com.ar\/index.php?rest_route=%2Fwp%2Fv2%2Fcategories&post=58523"},{"taxonomy":"post_tag","embeddable":true,"href":"https:\/\/hablemosclarotdf.com.ar\/index.php?rest_route=%2Fwp%2Fv2%2Ftags&post=58523"}],"curies":[{"name":"wp","href":"https:\/\/api.w.org\/{rel}","templated":true}]}}