{"id":58506,"date":"2025-11-17T12:58:12","date_gmt":"2025-11-17T15:58:12","guid":{"rendered":"https:\/\/hablemosclarotdf.com.ar\/?p=58506"},"modified":"2025-11-17T12:58:12","modified_gmt":"2025-11-17T15:58:12","slug":"riograndenses-disfrutaron-del-festival-del-asado-mas-austral-del-mundo","status":"publish","type":"post","link":"https:\/\/hablemosclarotdf.com.ar\/?p=58506","title":{"rendered":"RIOGRANDENSES DISFRUTARON DEL FESTIVAL DEL ASADO M\u00c1S AUSTRAL DEL MUNDO"},"content":{"rendered":"<p>Nuestra ciudad festej\u00f3 una nueva edici\u00f3n de este importante evento que reuni\u00f3 a los mejores asadores para el disfrute en comunidad. Del evento participaron emprendedores, artesanos y artistas locales, quienes ofrecieron productos locales.<\/p>\n<p>El Museo Municipal \u201cVirginia Choquintel\u201d fue escenario del Festival del Asado m\u00e1s Austral del Mundo, evento organizado por la Agrupaci\u00f3n Gaucha \u201cGaucho Fueguino\u201d dirigida por Carlos Miranda, con el acompa\u00f1amiento del Municipio de R\u00edo Grande. Los asadores concursaron en las categor\u00edas de mejor asado tendido como a la estaca, una tradici\u00f3n gastron\u00f3mica que las familias disfrutaron junto a propuestas musicales y stands de emprendedores y artesanos.<\/p>\n<p>El podio de la competencia \u201cAsado a la estaca\u201d fue conformado, en el 3\u00b0 lugar, \u201cDon Juan\u201d de R\u00edo Grande; en el 2\u00b0 lugar \u201cEstaca Pampa\u201d de La Pampa; y en 1\u00b0 lugar \u201cLos hijos de Tita y Tito Pad\u00edn\u201d de Ushuaia. Mientras que en la categor\u00eda \u201cAsado tendido\u201d qued\u00f3 en 3\u00aa puesto \u201cCentro de retirados de la Polic\u00eda Territorial\u201d de R\u00edo Grande; en 2\u00b0 puesto \u201cLos Sancochos\u201d de Tolhuin y en 1\u00b0 puesto \u201cLa Ponderosa\u201d de R\u00edo Grande. El jurado estuvo a cargo de Juan Duarte y Carlos Miranda.<\/p>\n<p>Adem\u00e1s de los sabores de la parrilla con platos \u00fanicos de gastronom\u00eda local, los presentes se deleitaron con las presentaciones de Soles que Dejan Huella; Xiomara y Los Rancheros.<\/p>\n<p>El Municipio impulsa permanentemente eventos donde se celebran nuestros sabores, costumbres y enriquecen el encuentro de las familias riograndenses.<\/p>\n<p><img loading=\"lazy\" decoding=\"async\" class=\"alignnone size-medium wp-image-58508\" src=\"https:\/\/hablemosclarotdf.com.ar\/wp-content\/uploads\/2025\/11\/photo_2025-11-17_12-56-34-300x200.jpg\" alt=\"\" width=\"300\" height=\"200\" srcset=\"https:\/\/hablemosclarotdf.com.ar\/wp-content\/uploads\/2025\/11\/photo_2025-11-17_12-56-34-300x200.jpg 300w, https:\/\/hablemosclarotdf.com.ar\/wp-content\/uploads\/2025\/11\/photo_2025-11-17_12-56-34-1024x682.jpg 1024w, https:\/\/hablemosclarotdf.com.ar\/wp-content\/uploads\/2025\/11\/photo_2025-11-17_12-56-34-768x512.jpg 768w, https:\/\/hablemosclarotdf.com.ar\/wp-content\/uploads\/2025\/11\/photo_2025-11-17_12-56-34-1536x1023.jpg 1536w, https:\/\/hablemosclarotdf.com.ar\/wp-content\/uploads\/2025\/11\/photo_2025-11-17_12-56-34.jpg 1600w\" sizes=\"auto, (max-width: 300px) 100vw, 300px\" \/> <img loading=\"lazy\" decoding=\"async\" class=\"alignnone size-medium wp-image-58509\" src=\"https:\/\/hablemosclarotdf.com.ar\/wp-content\/uploads\/2025\/11\/photo_2025-11-17_12-56-38-300x200.jpg\" alt=\"\" width=\"300\" height=\"200\" srcset=\"https:\/\/hablemosclarotdf.com.ar\/wp-content\/uploads\/2025\/11\/photo_2025-11-17_12-56-38-300x200.jpg 300w, https:\/\/hablemosclarotdf.com.ar\/wp-content\/uploads\/2025\/11\/photo_2025-11-17_12-56-38-1024x682.jpg 1024w, https:\/\/hablemosclarotdf.com.ar\/wp-content\/uploads\/2025\/11\/photo_2025-11-17_12-56-38-768x512.jpg 768w, https:\/\/hablemosclarotdf.com.ar\/wp-content\/uploads\/2025\/11\/photo_2025-11-17_12-56-38-1536x1023.jpg 1536w, https:\/\/hablemosclarotdf.com.ar\/wp-content\/uploads\/2025\/11\/photo_2025-11-17_12-56-38.jpg 1600w\" sizes=\"auto, (max-width: 300px) 100vw, 300px\" \/> <img loading=\"lazy\" decoding=\"async\" class=\"alignnone size-medium wp-image-58510\" src=\"https:\/\/hablemosclarotdf.com.ar\/wp-content\/uploads\/2025\/11\/photo_2025-11-17_12-56-49-300x200.jpg\" alt=\"\" width=\"300\" height=\"200\" srcset=\"https:\/\/hablemosclarotdf.com.ar\/wp-content\/uploads\/2025\/11\/photo_2025-11-17_12-56-49-300x200.jpg 300w, https:\/\/hablemosclarotdf.com.ar\/wp-content\/uploads\/2025\/11\/photo_2025-11-17_12-56-49-1024x682.jpg 1024w, https:\/\/hablemosclarotdf.com.ar\/wp-content\/uploads\/2025\/11\/photo_2025-11-17_12-56-49-768x512.jpg 768w, https:\/\/hablemosclarotdf.com.ar\/wp-content\/uploads\/2025\/11\/photo_2025-11-17_12-56-49-1536x1023.jpg 1536w, https:\/\/hablemosclarotdf.com.ar\/wp-content\/uploads\/2025\/11\/photo_2025-11-17_12-56-49.jpg 1600w\" sizes=\"auto, (max-width: 300px) 100vw, 300px\" \/> <img loading=\"lazy\" decoding=\"async\" class=\"alignnone size-medium wp-image-58511\" src=\"https:\/\/hablemosclarotdf.com.ar\/wp-content\/uploads\/2025\/11\/photo_2025-11-17_12-56-56-300x169.jpg\" alt=\"\" width=\"300\" height=\"169\" srcset=\"https:\/\/hablemosclarotdf.com.ar\/wp-content\/uploads\/2025\/11\/photo_2025-11-17_12-56-56-300x169.jpg 300w, https:\/\/hablemosclarotdf.com.ar\/wp-content\/uploads\/2025\/11\/photo_2025-11-17_12-56-56-1024x576.jpg 1024w, https:\/\/hablemosclarotdf.com.ar\/wp-content\/uploads\/2025\/11\/photo_2025-11-17_12-56-56-768x432.jpg 768w, https:\/\/hablemosclarotdf.com.ar\/wp-content\/uploads\/2025\/11\/photo_2025-11-17_12-56-56.jpg 1280w\" sizes=\"auto, (max-width: 300px) 100vw, 300px\" \/> <img loading=\"lazy\" decoding=\"async\" class=\"alignnone size-medium wp-image-58512\" src=\"https:\/\/hablemosclarotdf.com.ar\/wp-content\/uploads\/2025\/11\/photo_2025-11-17_12-57-00-300x169.jpg\" alt=\"\" width=\"300\" height=\"169\" srcset=\"https:\/\/hablemosclarotdf.com.ar\/wp-content\/uploads\/2025\/11\/photo_2025-11-17_12-57-00-300x169.jpg 300w, https:\/\/hablemosclarotdf.com.ar\/wp-content\/uploads\/2025\/11\/photo_2025-11-17_12-57-00-1024x576.jpg 1024w, https:\/\/hablemosclarotdf.com.ar\/wp-content\/uploads\/2025\/11\/photo_2025-11-17_12-57-00-768x432.jpg 768w, https:\/\/hablemosclarotdf.com.ar\/wp-content\/uploads\/2025\/11\/photo_2025-11-17_12-57-00.jpg 1280w\" sizes=\"auto, (max-width: 300px) 100vw, 300px\" \/><\/p>\n","protected":false},"excerpt":{"rendered":"<p>Nuestra ciudad festej\u00f3 una nueva edici\u00f3n de este importante evento que reuni\u00f3 a los mejores&#8230;<\/p>\n","protected":false},"author":1,"featured_media":58507,"comment_status":"closed","ping_status":"closed","sticky":false,"template":"","format":"standard","meta":{"footnotes":""},"categories":[3],"tags":[],"class_list":["post-58506","post","type-post","status-publish","format-standard","has-post-thumbnail","hentry","category-noticias"],"jetpack_featured_media_url":"https:\/\/hablemosclarotdf.com.ar\/wp-content\/uploads\/2025\/11\/photo_2025-11-17_12-56-29.jpg","_links":{"self":[{"href":"https:\/\/hablemosclarotdf.com.ar\/index.php?rest_route=\/wp\/v2\/posts\/58506","targetHints":{"allow":["GET"]}}],"collection":[{"href":"https:\/\/hablemosclarotdf.com.ar\/index.php?rest_route=\/wp\/v2\/posts"}],"about":[{"href":"https:\/\/hablemosclarotdf.com.ar\/index.php?rest_route=\/wp\/v2\/types\/post"}],"author":[{"embeddable":true,"href":"https:\/\/hablemosclarotdf.com.ar\/index.php?rest_route=\/wp\/v2\/users\/1"}],"replies":[{"embeddable":true,"href":"https:\/\/hablemosclarotdf.com.ar\/index.php?rest_route=%2Fwp%2Fv2%2Fcomments&post=58506"}],"version-history":[{"count":1,"href":"https:\/\/hablemosclarotdf.com.ar\/index.php?rest_route=\/wp\/v2\/posts\/58506\/revisions"}],"predecessor-version":[{"id":58513,"href":"https:\/\/hablemosclarotdf.com.ar\/index.php?rest_route=\/wp\/v2\/posts\/58506\/revisions\/58513"}],"wp:featuredmedia":[{"embeddable":true,"href":"https:\/\/hablemosclarotdf.com.ar\/index.php?rest_route=\/wp\/v2\/media\/58507"}],"wp:attachment":[{"href":"https:\/\/hablemosclarotdf.com.ar\/index.php?rest_route=%2Fwp%2Fv2%2Fmedia&parent=58506"}],"wp:term":[{"taxonomy":"category","embeddable":true,"href":"https:\/\/hablemosclarotdf.com.ar\/index.php?rest_route=%2Fwp%2Fv2%2Fcategories&post=58506"},{"taxonomy":"post_tag","embeddable":true,"href":"https:\/\/hablemosclarotdf.com.ar\/index.php?rest_route=%2Fwp%2Fv2%2Ftags&post=58506"}],"curies":[{"name":"wp","href":"https:\/\/api.w.org\/{rel}","templated":true}]}}