{"id":58497,"date":"2025-11-17T12:15:22","date_gmt":"2025-11-17T15:15:22","guid":{"rendered":"https:\/\/hablemosclarotdf.com.ar\/?p=58497"},"modified":"2025-11-17T12:15:22","modified_gmt":"2025-11-17T15:15:22","slug":"suspension-de-clases-en-el-turno-tarde-en-rio-grande-por-viento-3","status":"publish","type":"post","link":"https:\/\/hablemosclarotdf.com.ar\/?p=58497","title":{"rendered":"SUSPENSI\u00d3N DE CLASES EN EL TURNO TARDE EN R\u00cdO GRANDE POR VIENTO"},"content":{"rendered":"<p>El Ministerio de Educaci\u00f3n de la provincia, informa que por recomendaci\u00f3n de la Secretar\u00eda de Protecci\u00f3n Civil se suspenden las actividades este lunes 17 de noviembre en el turno tarde, en los establecimientos educativos de todos los niveles y modalidades de la ciudad de R\u00edo Grande, debido a la alerta meteorol\u00f3gica por viento emitida por el Servicio Meteorol\u00f3gico Nacional.<\/p>\n<p>En el transcurso de la tarde, se comunicar\u00e1 sobre la situaci\u00f3n del turno vespertino.<\/p>\n","protected":false},"excerpt":{"rendered":"<p>El Ministerio de Educaci\u00f3n de la provincia, informa que por recomendaci\u00f3n de la Secretar\u00eda de&#8230;<\/p>\n","protected":false},"author":1,"featured_media":58498,"comment_status":"closed","ping_status":"closed","sticky":false,"template":"","format":"standard","meta":{"footnotes":""},"categories":[3],"tags":[],"class_list":["post-58497","post","type-post","status-publish","format-standard","has-post-thumbnail","hentry","category-noticias"],"jetpack_featured_media_url":"https:\/\/hablemosclarotdf.com.ar\/wp-content\/uploads\/2025\/11\/photo_2025-11-17_12-13-40.jpg","_links":{"self":[{"href":"https:\/\/hablemosclarotdf.com.ar\/index.php?rest_route=\/wp\/v2\/posts\/58497","targetHints":{"allow":["GET"]}}],"collection":[{"href":"https:\/\/hablemosclarotdf.com.ar\/index.php?rest_route=\/wp\/v2\/posts"}],"about":[{"href":"https:\/\/hablemosclarotdf.com.ar\/index.php?rest_route=\/wp\/v2\/types\/post"}],"author":[{"embeddable":true,"href":"https:\/\/hablemosclarotdf.com.ar\/index.php?rest_route=\/wp\/v2\/users\/1"}],"replies":[{"embeddable":true,"href":"https:\/\/hablemosclarotdf.com.ar\/index.php?rest_route=%2Fwp%2Fv2%2Fcomments&post=58497"}],"version-history":[{"count":1,"href":"https:\/\/hablemosclarotdf.com.ar\/index.php?rest_route=\/wp\/v2\/posts\/58497\/revisions"}],"predecessor-version":[{"id":58499,"href":"https:\/\/hablemosclarotdf.com.ar\/index.php?rest_route=\/wp\/v2\/posts\/58497\/revisions\/58499"}],"wp:featuredmedia":[{"embeddable":true,"href":"https:\/\/hablemosclarotdf.com.ar\/index.php?rest_route=\/wp\/v2\/media\/58498"}],"wp:attachment":[{"href":"https:\/\/hablemosclarotdf.com.ar\/index.php?rest_route=%2Fwp%2Fv2%2Fmedia&parent=58497"}],"wp:term":[{"taxonomy":"category","embeddable":true,"href":"https:\/\/hablemosclarotdf.com.ar\/index.php?rest_route=%2Fwp%2Fv2%2Fcategories&post=58497"},{"taxonomy":"post_tag","embeddable":true,"href":"https:\/\/hablemosclarotdf.com.ar\/index.php?rest_route=%2Fwp%2Fv2%2Ftags&post=58497"}],"curies":[{"name":"wp","href":"https:\/\/api.w.org\/{rel}","templated":true}]}}