{"id":58487,"date":"2025-11-17T12:00:28","date_gmt":"2025-11-17T15:00:28","guid":{"rendered":"https:\/\/hablemosclarotdf.com.ar\/?p=58487"},"modified":"2025-11-17T12:00:28","modified_gmt":"2025-11-17T15:00:28","slug":"delegacion-fueguina-viaja-a-chile-para-competir-en-los-iv-juegos-binacionales-para-araucania","status":"publish","type":"post","link":"https:\/\/hablemosclarotdf.com.ar\/?p=58487","title":{"rendered":"DELEGACI\u00d3N FUEGUINA VIAJA A CHILE PARA COMPETIR EN LOS IV JUEGOS BINACIONALES PARA ARAUCAN\u00cdA"},"content":{"rendered":"<p>La delegaci\u00f3n deportiva de Tierra del Fuego, partir\u00e1 este martes 18 de noviembre rumbo a la cuarta edici\u00f3n de los Juegos Binacionales ParaAraucan\u00eda, que se desarrollar\u00e1 en la ciudad chilena de Punta Arenas, Regi\u00f3n de Magallanes, hasta el 22 del corriente mes.<\/p>\n<p>Este evento convoca a toda la regi\u00f3n patag\u00f3nica argentino-chilena, reuniendo a las provincias de Tierra del Fuego, Santa Cruz, Chubut, R\u00edo Negro, La Pampa y Neuqu\u00e9n por Argentina; y a las regiones chilenas de \u00d1uble, B\u00edo B\u00edo, Araucan\u00eda, Los Lagos, Los R\u00edos, Ays\u00e9n y Magallanes. En total, se espera la participaci\u00f3n de m\u00e1s de 500 personas entre atletas, entrenadores y delegados, consolidando estos juegos como un gran encuentro de integraci\u00f3n y deporte.<\/p>\n<p>El itinerario de viaje comenzar\u00e1 a primera hora del martes desde la ciudad de Ushuaia, para completar la delegaci\u00f3n en R\u00edo Grande con todos los integrantes: deportistas, entrenadores, delegados y colaboradores. Est\u00e1 previsto que la comitiva arribe a Punta Arenas durante la noche del mismo d\u00eda.<\/p>\n<p>El mismo martes 18, tras la llegada, se proceder\u00e1 con el proceso de acreditaci\u00f3n y se realizar\u00e1n los congresillos t\u00e9cnicos de las dos disciplinas que estar\u00e1n en competencia: atletismo y nataci\u00f3n.<\/p>\n<p>La actividad competitiva iniciar\u00e1 oficialmente el mi\u00e9rcoles 19 en el Estadio Fiscal \u201cAntonio R\u00edspoli D\u00edaz\u201d y la Piscina Fiscal. El acto inaugural est\u00e1 programado para las 20:00 horas en el Gimnasio Fiscal de Punta Arenas.<\/p>\n<p>La provincia estar\u00e1 representada por un destacado grupo de atletas en las distintas disciplinas:<\/p>\n<p>Atletismo<\/p>\n<p>Rama Masculina: A cargo del entrenador Nahuel Vel\u00e1zquez, competir\u00e1n Vladimir Beker, Cristian D\u00edaz, Daniel Godoy, Lautaro Jaaramillo, Juan Maza y V\u00edctor Valor.<\/p>\n<p>Rama Femenina: Estar\u00e1 conformada por Florencia Aguilar, Mahia Alonso, Noelia C\u00e1rdenas, Agustina Dautel, Luc\u00eda Mart\u00ednez y Luisana Romero.<\/p>\n<p>Nataci\u00f3n<\/p>\n<p>Rama Masculina: Bajo la direcci\u00f3n del entrenador Sergio Crocetti, los representantes ser\u00e1n Mateo Baroni, Emanuel Beker, Thiago Mar\u00edn Quispe, Renzo Ricaldez e Ian S\u00e1nchez.<\/p>\n<p>Rama Femenina: Competir\u00e1n Milagros C\u00e1rcamo, Laura De Vito, Emma Geller, Candela Molla y Ana Varela.<\/p>\n<p>Desde la Secretar\u00eda de Deportes de la provincia, se destac\u00f3 la importancia de esta participaci\u00f3n que fortalece los lazos deportivos y culturales con la hermana Rep\u00fablica de Chile, deseando el mayor de los \u00e9xitos a los y las deportistas fueguinos.<\/p>\n<p><img loading=\"lazy\" decoding=\"async\" class=\"alignnone size-medium wp-image-58489\" src=\"https:\/\/hablemosclarotdf.com.ar\/wp-content\/uploads\/2025\/11\/photo_2025-11-17_11-58-24-300x200.jpg\" alt=\"\" width=\"300\" height=\"200\" srcset=\"https:\/\/hablemosclarotdf.com.ar\/wp-content\/uploads\/2025\/11\/photo_2025-11-17_11-58-24-300x200.jpg 300w, https:\/\/hablemosclarotdf.com.ar\/wp-content\/uploads\/2025\/11\/photo_2025-11-17_11-58-24-1024x682.jpg 1024w, https:\/\/hablemosclarotdf.com.ar\/wp-content\/uploads\/2025\/11\/photo_2025-11-17_11-58-24-768x512.jpg 768w, https:\/\/hablemosclarotdf.com.ar\/wp-content\/uploads\/2025\/11\/photo_2025-11-17_11-58-24.jpg 1280w\" sizes=\"auto, (max-width: 300px) 100vw, 300px\" \/> <img loading=\"lazy\" decoding=\"async\" class=\"alignnone size-medium wp-image-58490\" src=\"https:\/\/hablemosclarotdf.com.ar\/wp-content\/uploads\/2025\/11\/photo_2025-11-17_11-58-28-300x200.jpg\" alt=\"\" width=\"300\" height=\"200\" srcset=\"https:\/\/hablemosclarotdf.com.ar\/wp-content\/uploads\/2025\/11\/photo_2025-11-17_11-58-28-300x200.jpg 300w, https:\/\/hablemosclarotdf.com.ar\/wp-content\/uploads\/2025\/11\/photo_2025-11-17_11-58-28-1024x683.jpg 1024w, https:\/\/hablemosclarotdf.com.ar\/wp-content\/uploads\/2025\/11\/photo_2025-11-17_11-58-28-768x512.jpg 768w, https:\/\/hablemosclarotdf.com.ar\/wp-content\/uploads\/2025\/11\/photo_2025-11-17_11-58-28.jpg 1274w\" sizes=\"auto, (max-width: 300px) 100vw, 300px\" \/> <img loading=\"lazy\" decoding=\"async\" class=\"alignnone size-medium wp-image-58491\" src=\"https:\/\/hablemosclarotdf.com.ar\/wp-content\/uploads\/2025\/11\/photo_2025-11-17_11-58-32-300x200.jpg\" alt=\"\" width=\"300\" height=\"200\" srcset=\"https:\/\/hablemosclarotdf.com.ar\/wp-content\/uploads\/2025\/11\/photo_2025-11-17_11-58-32-300x200.jpg 300w, https:\/\/hablemosclarotdf.com.ar\/wp-content\/uploads\/2025\/11\/photo_2025-11-17_11-58-32-1024x682.jpg 1024w, https:\/\/hablemosclarotdf.com.ar\/wp-content\/uploads\/2025\/11\/photo_2025-11-17_11-58-32-768x511.jpg 768w, https:\/\/hablemosclarotdf.com.ar\/wp-content\/uploads\/2025\/11\/photo_2025-11-17_11-58-32.jpg 1280w\" sizes=\"auto, (max-width: 300px) 100vw, 300px\" \/> <img loading=\"lazy\" decoding=\"async\" class=\"alignnone size-medium wp-image-58492\" src=\"https:\/\/hablemosclarotdf.com.ar\/wp-content\/uploads\/2025\/11\/photo_2025-11-17_11-58-40-300x200.jpg\" alt=\"\" width=\"300\" height=\"200\" srcset=\"https:\/\/hablemosclarotdf.com.ar\/wp-content\/uploads\/2025\/11\/photo_2025-11-17_11-58-40-300x200.jpg 300w, https:\/\/hablemosclarotdf.com.ar\/wp-content\/uploads\/2025\/11\/photo_2025-11-17_11-58-40-1024x682.jpg 1024w, https:\/\/hablemosclarotdf.com.ar\/wp-content\/uploads\/2025\/11\/photo_2025-11-17_11-58-40-768x512.jpg 768w, https:\/\/hablemosclarotdf.com.ar\/wp-content\/uploads\/2025\/11\/photo_2025-11-17_11-58-40.jpg 1280w\" sizes=\"auto, (max-width: 300px) 100vw, 300px\" \/> <img loading=\"lazy\" decoding=\"async\" class=\"alignnone size-medium wp-image-58493\" src=\"https:\/\/hablemosclarotdf.com.ar\/wp-content\/uploads\/2025\/11\/photo_2025-11-17_11-58-45-300x200.jpg\" alt=\"\" width=\"300\" height=\"200\" srcset=\"https:\/\/hablemosclarotdf.com.ar\/wp-content\/uploads\/2025\/11\/photo_2025-11-17_11-58-45-300x200.jpg 300w, https:\/\/hablemosclarotdf.com.ar\/wp-content\/uploads\/2025\/11\/photo_2025-11-17_11-58-45-1024x682.jpg 1024w, https:\/\/hablemosclarotdf.com.ar\/wp-content\/uploads\/2025\/11\/photo_2025-11-17_11-58-45-768x512.jpg 768w, https:\/\/hablemosclarotdf.com.ar\/wp-content\/uploads\/2025\/11\/photo_2025-11-17_11-58-45.jpg 1280w\" sizes=\"auto, (max-width: 300px) 100vw, 300px\" \/> <img loading=\"lazy\" decoding=\"async\" class=\"alignnone size-medium wp-image-58494\" src=\"https:\/\/hablemosclarotdf.com.ar\/wp-content\/uploads\/2025\/11\/photo_2025-11-17_11-58-49-300x200.jpg\" alt=\"\" width=\"300\" height=\"200\" srcset=\"https:\/\/hablemosclarotdf.com.ar\/wp-content\/uploads\/2025\/11\/photo_2025-11-17_11-58-49-300x200.jpg 300w, https:\/\/hablemosclarotdf.com.ar\/wp-content\/uploads\/2025\/11\/photo_2025-11-17_11-58-49-1024x683.jpg 1024w, https:\/\/hablemosclarotdf.com.ar\/wp-content\/uploads\/2025\/11\/photo_2025-11-17_11-58-49-768x512.jpg 768w, https:\/\/hablemosclarotdf.com.ar\/wp-content\/uploads\/2025\/11\/photo_2025-11-17_11-58-49.jpg 1135w\" sizes=\"auto, (max-width: 300px) 100vw, 300px\" \/> <img loading=\"lazy\" decoding=\"async\" class=\"alignnone size-medium wp-image-58495\" src=\"https:\/\/hablemosclarotdf.com.ar\/wp-content\/uploads\/2025\/11\/photo_2025-11-17_11-58-54-300x200.jpg\" alt=\"\" width=\"300\" height=\"200\" srcset=\"https:\/\/hablemosclarotdf.com.ar\/wp-content\/uploads\/2025\/11\/photo_2025-11-17_11-58-54-300x200.jpg 300w, https:\/\/hablemosclarotdf.com.ar\/wp-content\/uploads\/2025\/11\/photo_2025-11-17_11-58-54-1024x682.jpg 1024w, https:\/\/hablemosclarotdf.com.ar\/wp-content\/uploads\/2025\/11\/photo_2025-11-17_11-58-54-768x512.jpg 768w, https:\/\/hablemosclarotdf.com.ar\/wp-content\/uploads\/2025\/11\/photo_2025-11-17_11-58-54.jpg 1280w\" sizes=\"auto, (max-width: 300px) 100vw, 300px\" \/><\/p>\n","protected":false},"excerpt":{"rendered":"<p>La delegaci\u00f3n deportiva de Tierra del Fuego, partir\u00e1 este martes 18 de noviembre rumbo a&#8230;<\/p>\n","protected":false},"author":1,"featured_media":58488,"comment_status":"closed","ping_status":"closed","sticky":false,"template":"","format":"standard","meta":{"footnotes":""},"categories":[3],"tags":[],"class_list":["post-58487","post","type-post","status-publish","format-standard","has-post-thumbnail","hentry","category-noticias"],"jetpack_featured_media_url":"https:\/\/hablemosclarotdf.com.ar\/wp-content\/uploads\/2025\/11\/photo_2025-11-17_11-58-19.jpg","_links":{"self":[{"href":"https:\/\/hablemosclarotdf.com.ar\/index.php?rest_route=\/wp\/v2\/posts\/58487","targetHints":{"allow":["GET"]}}],"collection":[{"href":"https:\/\/hablemosclarotdf.com.ar\/index.php?rest_route=\/wp\/v2\/posts"}],"about":[{"href":"https:\/\/hablemosclarotdf.com.ar\/index.php?rest_route=\/wp\/v2\/types\/post"}],"author":[{"embeddable":true,"href":"https:\/\/hablemosclarotdf.com.ar\/index.php?rest_route=\/wp\/v2\/users\/1"}],"replies":[{"embeddable":true,"href":"https:\/\/hablemosclarotdf.com.ar\/index.php?rest_route=%2Fwp%2Fv2%2Fcomments&post=58487"}],"version-history":[{"count":1,"href":"https:\/\/hablemosclarotdf.com.ar\/index.php?rest_route=\/wp\/v2\/posts\/58487\/revisions"}],"predecessor-version":[{"id":58496,"href":"https:\/\/hablemosclarotdf.com.ar\/index.php?rest_route=\/wp\/v2\/posts\/58487\/revisions\/58496"}],"wp:featuredmedia":[{"embeddable":true,"href":"https:\/\/hablemosclarotdf.com.ar\/index.php?rest_route=\/wp\/v2\/media\/58488"}],"wp:attachment":[{"href":"https:\/\/hablemosclarotdf.com.ar\/index.php?rest_route=%2Fwp%2Fv2%2Fmedia&parent=58487"}],"wp:term":[{"taxonomy":"category","embeddable":true,"href":"https:\/\/hablemosclarotdf.com.ar\/index.php?rest_route=%2Fwp%2Fv2%2Fcategories&post=58487"},{"taxonomy":"post_tag","embeddable":true,"href":"https:\/\/hablemosclarotdf.com.ar\/index.php?rest_route=%2Fwp%2Fv2%2Ftags&post=58487"}],"curies":[{"name":"wp","href":"https:\/\/api.w.org\/{rel}","templated":true}]}}