{"id":58458,"date":"2025-11-17T11:49:10","date_gmt":"2025-11-17T14:49:10","guid":{"rendered":"https:\/\/hablemosclarotdf.com.ar\/?p=58458"},"modified":"2025-11-17T11:49:10","modified_gmt":"2025-11-17T14:49:10","slug":"rio-grande-refuerza-su-compromiso-en-la-lucha-contra-el-vih","status":"publish","type":"post","link":"https:\/\/hablemosclarotdf.com.ar\/?p=58458","title":{"rendered":"R\u00cdO GRANDE REFUERZA SU COMPROMISO EN LA LUCHA CONTRA EL VIH"},"content":{"rendered":"<p>El Municipio organiz\u00f3 las \u201cJornadas en Prevenci\u00f3n Combinada del VIH&#8221;, un encuentro que reuni\u00f3 a equipos municipales, organismos internacionales y expertos en salud para avanzar en pol\u00edticas p\u00fablicas inclusivas y fortalecer la prevenci\u00f3n. Adem\u00e1s, es importante destacar que se llev\u00f3 adelante la firma de la Declaraci\u00f3n de Par\u00eds, donde R\u00edo Grande se incorpora a la red de municipios comprometidos con la respuesta al VIH.<\/p>\n<p>El Municipio de R\u00edo Grande fue anfitri\u00f3n de las \u201cJornadas en Prevenci\u00f3n Combinada del VIH: Implementaci\u00f3n de Pol\u00edticas P\u00fablicas en Municipios Adheridos a la Declaraci\u00f3n de Par\u00eds\u201d. Este evento reuni\u00f3 a diferentes actores estrat\u00e9gicos: equipos t\u00e9cnicos de la Secretar\u00eda de Salud, de la Secretar\u00eda de G\u00e9nero y Desarrollo Comunitario, as\u00ed como del \u00e1rea de Juventudes en pos de fortalecer -desde una perspectiva transversal- la lucha contra el VIH.<\/p>\n<p>Las jornadas contaron con la participaci\u00f3n de representantes del Programa de Naciones Unidas para el Desarrollo (PNUD) y ONUSIDA, las cuales se desarrollaron en un contexto de compromiso renovado para avanzar hacia una sociedad m\u00e1s justa, inclusiva y saludable con el objetivo de optimizar las pol\u00edticas p\u00fablicas y las acciones implementadas en el Municipio, mediante la prevenci\u00f3n combinada y la cooperaci\u00f3n.<\/p>\n<p>Uno de los momentos m\u00e1s importantes y significativos fue la firma oficial de la Declaraci\u00f3n de Par\u00eds, a trav\u00e9s de la cual el Municipio de R\u00edo Grande se incorpor\u00f3 formalmente a la Red de Municipios Comprometidos con la Respuesta al VIH. Durante el acto, estuvieron presentes Clarisa Brezzo, asesora en Informaci\u00f3n Estrat\u00e9gica de ONUSIDA para Argentina, Chile, Paraguay y Uruguay; e Ivana Ybars, secretaria de G\u00e9nero y Desarrollo Comunitario, en representaci\u00f3n del Municipio.<\/p>\n<p>Al respecto, Ybars destac\u00f3 que &#8220;la adhesi\u00f3n de R\u00edo Grande a la Declaraci\u00f3n de Par\u00eds reafirma el compromiso del Municipio con una respuesta integral, basada en derechos y libre de estigmas frente al VIH&#8221;. En esa misma l\u00ednea, afirm\u00f3 que, &#8220;como Municipio, asumimos la responsabilidad de fortalecer la prevenci\u00f3n, ampliar el acceso a informaci\u00f3n y cuidados, garantizando pol\u00edticas p\u00fablicas que protejan a toda la comunidad&#8221;.<\/p>\n<p>Luego de la firma, la capacitaci\u00f3n continu\u00f3 con distintas presentaciones que estuvieron a cargo de destacados profesionales. Diego Borisonik, asociado de Programa de Desarrollo Inclusivo de PNUD, quien expuso sobre la Red Nacional de Municipio Comprometidos con la Respuesta al VIH.<\/p>\n<p>Posteriormente, sigui\u00f3 Sergio Maulen, coordinador de la Agencia UNRAF que disert\u00f3 en 2 bloques. Por un lado, trat\u00f3 sobre \u201cPrevenci\u00f3n Combinada: Conceptos y adaptaci\u00f3n local\u201d; mientras que en el otro profundiz\u00f3 en la \u201cPrevenci\u00f3n Combinada con enfoque en evaluaci\u00f3n de riesgos y servicios de prevenci\u00f3n para poblaciones claves\u201d, donde brind\u00f3 herramientas y perspectivas fundamentales para la implementaci\u00f3n local.<\/p>\n<p>Las jornadas fueron una instancia clave para consolidar esfuerzos, fortalecer alianzas y reafirmar el compromiso del Municipio de R\u00edo Grande con la salud comunitaria. La participaci\u00f3n activa y el intercambio de saberes impulsaron la construcci\u00f3n de una R\u00edo Grande m\u00e1s saludable, reflejando la dedicaci\u00f3n de la comunidad en la erradicaci\u00f3n del VIH.<\/p>\n<p><img loading=\"lazy\" decoding=\"async\" class=\"alignnone size-medium wp-image-58460\" src=\"https:\/\/hablemosclarotdf.com.ar\/wp-content\/uploads\/2025\/11\/photo_2025-11-17_11-47-28-300x200.jpg\" alt=\"\" width=\"300\" height=\"200\" srcset=\"https:\/\/hablemosclarotdf.com.ar\/wp-content\/uploads\/2025\/11\/photo_2025-11-17_11-47-28-300x200.jpg 300w, https:\/\/hablemosclarotdf.com.ar\/wp-content\/uploads\/2025\/11\/photo_2025-11-17_11-47-28-1024x682.jpg 1024w, https:\/\/hablemosclarotdf.com.ar\/wp-content\/uploads\/2025\/11\/photo_2025-11-17_11-47-28-768x512.jpg 768w, https:\/\/hablemosclarotdf.com.ar\/wp-content\/uploads\/2025\/11\/photo_2025-11-17_11-47-28.jpg 1280w\" sizes=\"auto, (max-width: 300px) 100vw, 300px\" \/> <img loading=\"lazy\" decoding=\"async\" class=\"alignnone size-medium wp-image-58461\" src=\"https:\/\/hablemosclarotdf.com.ar\/wp-content\/uploads\/2025\/11\/photo_2025-11-17_11-47-32-300x200.jpg\" alt=\"\" width=\"300\" height=\"200\" srcset=\"https:\/\/hablemosclarotdf.com.ar\/wp-content\/uploads\/2025\/11\/photo_2025-11-17_11-47-32-300x200.jpg 300w, https:\/\/hablemosclarotdf.com.ar\/wp-content\/uploads\/2025\/11\/photo_2025-11-17_11-47-32-1024x682.jpg 1024w, https:\/\/hablemosclarotdf.com.ar\/wp-content\/uploads\/2025\/11\/photo_2025-11-17_11-47-32-768x512.jpg 768w, https:\/\/hablemosclarotdf.com.ar\/wp-content\/uploads\/2025\/11\/photo_2025-11-17_11-47-32.jpg 1280w\" sizes=\"auto, (max-width: 300px) 100vw, 300px\" \/> <img loading=\"lazy\" decoding=\"async\" class=\"alignnone size-medium wp-image-58462\" src=\"https:\/\/hablemosclarotdf.com.ar\/wp-content\/uploads\/2025\/11\/photo_2025-11-17_11-47-37-300x200.jpg\" alt=\"\" width=\"300\" height=\"200\" srcset=\"https:\/\/hablemosclarotdf.com.ar\/wp-content\/uploads\/2025\/11\/photo_2025-11-17_11-47-37-300x200.jpg 300w, https:\/\/hablemosclarotdf.com.ar\/wp-content\/uploads\/2025\/11\/photo_2025-11-17_11-47-37-1024x682.jpg 1024w, https:\/\/hablemosclarotdf.com.ar\/wp-content\/uploads\/2025\/11\/photo_2025-11-17_11-47-37-768x512.jpg 768w, https:\/\/hablemosclarotdf.com.ar\/wp-content\/uploads\/2025\/11\/photo_2025-11-17_11-47-37.jpg 1280w\" sizes=\"auto, (max-width: 300px) 100vw, 300px\" \/><\/p>\n","protected":false},"excerpt":{"rendered":"<p>El Municipio organiz\u00f3 las \u201cJornadas en Prevenci\u00f3n Combinada del VIH&#8221;, un encuentro que reuni\u00f3 a&#8230;<\/p>\n","protected":false},"author":1,"featured_media":58459,"comment_status":"closed","ping_status":"closed","sticky":false,"template":"","format":"standard","meta":{"footnotes":""},"categories":[3],"tags":[],"class_list":["post-58458","post","type-post","status-publish","format-standard","has-post-thumbnail","hentry","category-noticias"],"jetpack_featured_media_url":"https:\/\/hablemosclarotdf.com.ar\/wp-content\/uploads\/2025\/11\/photo_2025-11-17_11-47-24.jpg","_links":{"self":[{"href":"https:\/\/hablemosclarotdf.com.ar\/index.php?rest_route=\/wp\/v2\/posts\/58458","targetHints":{"allow":["GET"]}}],"collection":[{"href":"https:\/\/hablemosclarotdf.com.ar\/index.php?rest_route=\/wp\/v2\/posts"}],"about":[{"href":"https:\/\/hablemosclarotdf.com.ar\/index.php?rest_route=\/wp\/v2\/types\/post"}],"author":[{"embeddable":true,"href":"https:\/\/hablemosclarotdf.com.ar\/index.php?rest_route=\/wp\/v2\/users\/1"}],"replies":[{"embeddable":true,"href":"https:\/\/hablemosclarotdf.com.ar\/index.php?rest_route=%2Fwp%2Fv2%2Fcomments&post=58458"}],"version-history":[{"count":1,"href":"https:\/\/hablemosclarotdf.com.ar\/index.php?rest_route=\/wp\/v2\/posts\/58458\/revisions"}],"predecessor-version":[{"id":58463,"href":"https:\/\/hablemosclarotdf.com.ar\/index.php?rest_route=\/wp\/v2\/posts\/58458\/revisions\/58463"}],"wp:featuredmedia":[{"embeddable":true,"href":"https:\/\/hablemosclarotdf.com.ar\/index.php?rest_route=\/wp\/v2\/media\/58459"}],"wp:attachment":[{"href":"https:\/\/hablemosclarotdf.com.ar\/index.php?rest_route=%2Fwp%2Fv2%2Fmedia&parent=58458"}],"wp:term":[{"taxonomy":"category","embeddable":true,"href":"https:\/\/hablemosclarotdf.com.ar\/index.php?rest_route=%2Fwp%2Fv2%2Fcategories&post=58458"},{"taxonomy":"post_tag","embeddable":true,"href":"https:\/\/hablemosclarotdf.com.ar\/index.php?rest_route=%2Fwp%2Fv2%2Ftags&post=58458"}],"curies":[{"name":"wp","href":"https:\/\/api.w.org\/{rel}","templated":true}]}}