{"id":58431,"date":"2025-11-17T00:06:44","date_gmt":"2025-11-17T03:06:44","guid":{"rendered":"https:\/\/hablemosclarotdf.com.ar\/?p=58431"},"modified":"2025-11-17T00:06:44","modified_gmt":"2025-11-17T03:06:44","slug":"rio-grande-condolencias-34","status":"publish","type":"post","link":"https:\/\/hablemosclarotdf.com.ar\/?p=58431","title":{"rendered":"RIO GRANDE :CONDOLENCIAS"},"content":{"rendered":"<p>El intendente Mart\u00edn P\u00e9rez, miembros de Gabinete y trabajadores municipales expresan su m\u00e1s profundo pesar por el fallecimiento de Alberto Scariot, querido vecino y trabajador municipal.<\/p>\n<p>Alberto se desempe\u00f1aba en el \u00e1rea de Medio Ambiente. Por su compromiso, amabilidad y compa\u00f1erismo, ser\u00e1 recordado con gran respeto y cari\u00f1o por quienes tuvieron la dicha de conocerlo.<\/p>\n<p>El Intendente y trabajadores municipales acompa\u00f1an con afecto a sus familiares y seres queridos, deseando que encuentren consuelo y paz en este dif\u00edcil momento.<\/p>\n","protected":false},"excerpt":{"rendered":"<p>El intendente Mart\u00edn P\u00e9rez, miembros de Gabinete y trabajadores municipales expresan su m\u00e1s profundo pesar&#8230;<\/p>\n","protected":false},"author":1,"featured_media":58432,"comment_status":"closed","ping_status":"closed","sticky":false,"template":"","format":"standard","meta":{"footnotes":""},"categories":[3],"tags":[],"class_list":["post-58431","post","type-post","status-publish","format-standard","has-post-thumbnail","hentry","category-noticias"],"jetpack_featured_media_url":"https:\/\/hablemosclarotdf.com.ar\/wp-content\/uploads\/2025\/11\/download.jpg","_links":{"self":[{"href":"https:\/\/hablemosclarotdf.com.ar\/index.php?rest_route=\/wp\/v2\/posts\/58431","targetHints":{"allow":["GET"]}}],"collection":[{"href":"https:\/\/hablemosclarotdf.com.ar\/index.php?rest_route=\/wp\/v2\/posts"}],"about":[{"href":"https:\/\/hablemosclarotdf.com.ar\/index.php?rest_route=\/wp\/v2\/types\/post"}],"author":[{"embeddable":true,"href":"https:\/\/hablemosclarotdf.com.ar\/index.php?rest_route=\/wp\/v2\/users\/1"}],"replies":[{"embeddable":true,"href":"https:\/\/hablemosclarotdf.com.ar\/index.php?rest_route=%2Fwp%2Fv2%2Fcomments&post=58431"}],"version-history":[{"count":1,"href":"https:\/\/hablemosclarotdf.com.ar\/index.php?rest_route=\/wp\/v2\/posts\/58431\/revisions"}],"predecessor-version":[{"id":58433,"href":"https:\/\/hablemosclarotdf.com.ar\/index.php?rest_route=\/wp\/v2\/posts\/58431\/revisions\/58433"}],"wp:featuredmedia":[{"embeddable":true,"href":"https:\/\/hablemosclarotdf.com.ar\/index.php?rest_route=\/wp\/v2\/media\/58432"}],"wp:attachment":[{"href":"https:\/\/hablemosclarotdf.com.ar\/index.php?rest_route=%2Fwp%2Fv2%2Fmedia&parent=58431"}],"wp:term":[{"taxonomy":"category","embeddable":true,"href":"https:\/\/hablemosclarotdf.com.ar\/index.php?rest_route=%2Fwp%2Fv2%2Fcategories&post=58431"},{"taxonomy":"post_tag","embeddable":true,"href":"https:\/\/hablemosclarotdf.com.ar\/index.php?rest_route=%2Fwp%2Fv2%2Ftags&post=58431"}],"curies":[{"name":"wp","href":"https:\/\/api.w.org\/{rel}","templated":true}]}}