{"id":58429,"date":"2025-11-17T00:04:30","date_gmt":"2025-11-17T03:04:30","guid":{"rendered":"https:\/\/hablemosclarotdf.com.ar\/?p=58429"},"modified":"2025-11-17T00:04:30","modified_gmt":"2025-11-17T03:04:30","slug":"rio-grande-alerta-amarilla-por-lluvias-intensas-y-vientos-fuertes","status":"publish","type":"post","link":"https:\/\/hablemosclarotdf.com.ar\/?p=58429","title":{"rendered":"RIO GRANDE : ALERTA AMARILLA POR LLUVIAS INTENSAS Y VIENTOS FUERTES"},"content":{"rendered":"<p>Defensa Civil Municipal informa a los y las riograndenses que fue emitida una alerta meteorol\u00f3gica por el Servicio Meteorol\u00f3gico Nacional para este lunes 17 de noviembre.<\/p>\n<p>En R\u00edo Grande, las lluvias intensas comenzar\u00e1n durante la madrugada de este lunes, extendi\u00e9ndose hasta primeras horas de la ma\u00f1ana.<\/p>\n<p>Al mismo tiempo, habr\u00e1 alerta amarilla por viento con r\u00e1fagas que podr\u00e1n superar los 80km\/hs. A partir del mediod\u00eda hasta la tarde noche aumentar\u00e1n y podr\u00e1n superar los 85 km\/hs.<\/p>\n<p>Por este motivo, se solicita a la comunidad evitar las actividades al aire libre, circular con precauci\u00f3n y evitar dejar residuos en las veredas para que no se obstruyan los sumideros permitiendo que el agua se escurra adecuadamente.<\/p>\n<p>Ante cualquier inconveniente o emergencia podr\u00e1n comunicarse con: Defensa Civil Municipal al 103; Bomberos al 100 o con la Polic\u00eda al 101.<\/p>\n","protected":false},"excerpt":{"rendered":"<p>Defensa Civil Municipal informa a los y las riograndenses que fue emitida una alerta meteorol\u00f3gica&#8230;<\/p>\n","protected":false},"author":1,"featured_media":58192,"comment_status":"closed","ping_status":"closed","sticky":false,"template":"","format":"standard","meta":{"footnotes":""},"categories":[3],"tags":[],"class_list":["post-58429","post","type-post","status-publish","format-standard","has-post-thumbnail","hentry","category-noticias"],"jetpack_featured_media_url":"https:\/\/hablemosclarotdf.com.ar\/wp-content\/uploads\/2025\/11\/photo_2025-11-15_11-53-18.jpg","_links":{"self":[{"href":"https:\/\/hablemosclarotdf.com.ar\/index.php?rest_route=\/wp\/v2\/posts\/58429","targetHints":{"allow":["GET"]}}],"collection":[{"href":"https:\/\/hablemosclarotdf.com.ar\/index.php?rest_route=\/wp\/v2\/posts"}],"about":[{"href":"https:\/\/hablemosclarotdf.com.ar\/index.php?rest_route=\/wp\/v2\/types\/post"}],"author":[{"embeddable":true,"href":"https:\/\/hablemosclarotdf.com.ar\/index.php?rest_route=\/wp\/v2\/users\/1"}],"replies":[{"embeddable":true,"href":"https:\/\/hablemosclarotdf.com.ar\/index.php?rest_route=%2Fwp%2Fv2%2Fcomments&post=58429"}],"version-history":[{"count":1,"href":"https:\/\/hablemosclarotdf.com.ar\/index.php?rest_route=\/wp\/v2\/posts\/58429\/revisions"}],"predecessor-version":[{"id":58430,"href":"https:\/\/hablemosclarotdf.com.ar\/index.php?rest_route=\/wp\/v2\/posts\/58429\/revisions\/58430"}],"wp:featuredmedia":[{"embeddable":true,"href":"https:\/\/hablemosclarotdf.com.ar\/index.php?rest_route=\/wp\/v2\/media\/58192"}],"wp:attachment":[{"href":"https:\/\/hablemosclarotdf.com.ar\/index.php?rest_route=%2Fwp%2Fv2%2Fmedia&parent=58429"}],"wp:term":[{"taxonomy":"category","embeddable":true,"href":"https:\/\/hablemosclarotdf.com.ar\/index.php?rest_route=%2Fwp%2Fv2%2Fcategories&post=58429"},{"taxonomy":"post_tag","embeddable":true,"href":"https:\/\/hablemosclarotdf.com.ar\/index.php?rest_route=%2Fwp%2Fv2%2Ftags&post=58429"}],"curies":[{"name":"wp","href":"https:\/\/api.w.org\/{rel}","templated":true}]}}