{"id":58364,"date":"2025-11-16T14:44:25","date_gmt":"2025-11-16T17:44:25","guid":{"rendered":"https:\/\/hablemosclarotdf.com.ar\/?p=58364"},"modified":"2025-11-16T14:44:25","modified_gmt":"2025-11-16T17:44:25","slug":"alerta-amarilla-por-lluvias-y-vientos-intensos-para-toda-la-provincia","status":"publish","type":"post","link":"https:\/\/hablemosclarotdf.com.ar\/?p=58364","title":{"rendered":"ALERTA AMARILLA POR LLUVIAS Y VIENTOS INTENSOS PARA TODA LA PROVINCIA"},"content":{"rendered":"<p>La Secretar\u00eda de Protecci\u00f3n Civil informa que el Servicio Meteorol\u00f3gico Nacional, emiti\u00f3 un Alerta Amarillo por lluvias y vientos intensos para toda la provincia, vigente para este lunes 17.<\/p>\n<p>El alerta indica que se prev\u00e9 en horas de la ma\u00f1ana, la presencia de lluvias persistentes en la zona sur y centro y, en horas del mediod\u00eda, podr\u00edan intensificarse los vientos fuertes, especialmente en la zona norte de la provincia, donde alcanzar\u00eda velocidades entre 40 y 60 km\/h, con r\u00e1fagas que podr\u00e1n superar los 90 km\/h.<\/p>\n<p>Ante este tipo de condiciones clim\u00e1ticas se recomienda no sacar la basura, transitar por la ruta con m\u00e1xima precauci\u00f3n y respetar las se\u00f1ales e indicaciones de las autoridades. Adem\u00e1s, evitar la circulaci\u00f3n innecesaria en zonas arboladas durante los momentos de viento m\u00e1s intenso.<\/p>\n<p>Ante cualquier situaci\u00f3n de emergencia llamar al 911 o al 103.<\/p>\n","protected":false},"excerpt":{"rendered":"<p>La Secretar\u00eda de Protecci\u00f3n Civil informa que el Servicio Meteorol\u00f3gico Nacional, emiti\u00f3 un Alerta Amarillo&#8230;<\/p>\n","protected":false},"author":1,"featured_media":58365,"comment_status":"closed","ping_status":"closed","sticky":false,"template":"","format":"standard","meta":{"footnotes":""},"categories":[3],"tags":[],"class_list":["post-58364","post","type-post","status-publish","format-standard","has-post-thumbnail","hentry","category-noticias"],"jetpack_featured_media_url":"https:\/\/hablemosclarotdf.com.ar\/wp-content\/uploads\/2025\/11\/photo_2025-11-16_14-42-26.jpg","_links":{"self":[{"href":"https:\/\/hablemosclarotdf.com.ar\/index.php?rest_route=\/wp\/v2\/posts\/58364","targetHints":{"allow":["GET"]}}],"collection":[{"href":"https:\/\/hablemosclarotdf.com.ar\/index.php?rest_route=\/wp\/v2\/posts"}],"about":[{"href":"https:\/\/hablemosclarotdf.com.ar\/index.php?rest_route=\/wp\/v2\/types\/post"}],"author":[{"embeddable":true,"href":"https:\/\/hablemosclarotdf.com.ar\/index.php?rest_route=\/wp\/v2\/users\/1"}],"replies":[{"embeddable":true,"href":"https:\/\/hablemosclarotdf.com.ar\/index.php?rest_route=%2Fwp%2Fv2%2Fcomments&post=58364"}],"version-history":[{"count":1,"href":"https:\/\/hablemosclarotdf.com.ar\/index.php?rest_route=\/wp\/v2\/posts\/58364\/revisions"}],"predecessor-version":[{"id":58366,"href":"https:\/\/hablemosclarotdf.com.ar\/index.php?rest_route=\/wp\/v2\/posts\/58364\/revisions\/58366"}],"wp:featuredmedia":[{"embeddable":true,"href":"https:\/\/hablemosclarotdf.com.ar\/index.php?rest_route=\/wp\/v2\/media\/58365"}],"wp:attachment":[{"href":"https:\/\/hablemosclarotdf.com.ar\/index.php?rest_route=%2Fwp%2Fv2%2Fmedia&parent=58364"}],"wp:term":[{"taxonomy":"category","embeddable":true,"href":"https:\/\/hablemosclarotdf.com.ar\/index.php?rest_route=%2Fwp%2Fv2%2Fcategories&post=58364"},{"taxonomy":"post_tag","embeddable":true,"href":"https:\/\/hablemosclarotdf.com.ar\/index.php?rest_route=%2Fwp%2Fv2%2Ftags&post=58364"}],"curies":[{"name":"wp","href":"https:\/\/api.w.org\/{rel}","templated":true}]}}