{"id":58358,"date":"2025-11-16T12:31:53","date_gmt":"2025-11-16T15:31:53","guid":{"rendered":"https:\/\/hablemosclarotdf.com.ar\/?p=58358"},"modified":"2025-11-16T12:31:53","modified_gmt":"2025-11-16T15:31:53","slug":"rio-grande-el-municipio-realizara-una-bicicleteada-por-el-25n","status":"publish","type":"post","link":"https:\/\/hablemosclarotdf.com.ar\/?p=58358","title":{"rendered":"RIO GRANDE : EL MUNICIPIO REALIZAR\u00c1 UNA BICICLETEADA POR EL 25N"},"content":{"rendered":"<p>La Secretar\u00eda de G\u00e9nero y Desarrollo Comunitario del Municipio de R\u00edo Grande, invita a las familias a sumarse a una nueva edici\u00f3n de la Bicicleteada por el 25N \u2013 D\u00eda Internacional de la Eliminaci\u00f3n de la Violencia contra las Mujeres. Las inscripciones se realizan a trav\u00e9s del siguiente link: https:\/\/bit.ly\/47In9yI.<\/p>\n<p>La jornada se desarrollar\u00e1 el viernes 21 de noviembre a partir de las 10 horas, con punto de encuentro en el Centro Integral de la Mujer \u201cMujeres Centenarias\u201d, ubicado en Prefectura Naval 730. Esta actividad se realizar\u00e1 en conjunto con la organizaci\u00f3n Ciclismo de Chicas, quienes guiar\u00e1n el circuito.<\/p>\n<p>Previo al inicio de la bicicleteada, se llevar\u00e1 adelante una charla sobre prevenci\u00f3n de las violencias, orientada a fortalecer la reflexi\u00f3n y el compromiso colectivo por una vida libre de violencias para todas las mujeres y diversidades.<\/p>\n<p>La propuesta tiene como objetivo promover h\u00e1bitos de vida saludables, fomentar el uso de la bicicleta como medio de transporte y fortalecer los lazos comunitarios a trav\u00e9s del deporte y el encuentro al aire libre.<\/p>\n<p>Al finalizar el recorrido, se realizar\u00e1 una clase de estiramiento a cargo de profesores de educaci\u00f3n f\u00edsica.<\/p>\n<p>Las interesadas en participar, deber\u00e1n inscribirse mediante el siguiente link: https:\/\/bit.ly\/47In9yI. Se recomienda llevar casco, botella de agua y haber realizado un desayuno previo.<\/p>\n<p>Con esta iniciativa, el Municipio de R\u00edo Grande ratifica su compromiso con la igualdad de g\u00e9nero, la salud y el bienestar comunitario, impulsando pol\u00edticas p\u00fablicas que promueven la movilidad activa, el disfrute del espacio p\u00fablico y la vida libre de violencias.<\/p>\n","protected":false},"excerpt":{"rendered":"<p>La Secretar\u00eda de G\u00e9nero y Desarrollo Comunitario del Municipio de R\u00edo Grande, invita a las&#8230;<\/p>\n","protected":false},"author":1,"featured_media":58359,"comment_status":"closed","ping_status":"closed","sticky":false,"template":"","format":"standard","meta":{"footnotes":""},"categories":[3],"tags":[],"class_list":["post-58358","post","type-post","status-publish","format-standard","has-post-thumbnail","hentry","category-noticias"],"jetpack_featured_media_url":"https:\/\/hablemosclarotdf.com.ar\/wp-content\/uploads\/2025\/11\/photo_2025-11-16_12-30-44.jpg","_links":{"self":[{"href":"https:\/\/hablemosclarotdf.com.ar\/index.php?rest_route=\/wp\/v2\/posts\/58358","targetHints":{"allow":["GET"]}}],"collection":[{"href":"https:\/\/hablemosclarotdf.com.ar\/index.php?rest_route=\/wp\/v2\/posts"}],"about":[{"href":"https:\/\/hablemosclarotdf.com.ar\/index.php?rest_route=\/wp\/v2\/types\/post"}],"author":[{"embeddable":true,"href":"https:\/\/hablemosclarotdf.com.ar\/index.php?rest_route=\/wp\/v2\/users\/1"}],"replies":[{"embeddable":true,"href":"https:\/\/hablemosclarotdf.com.ar\/index.php?rest_route=%2Fwp%2Fv2%2Fcomments&post=58358"}],"version-history":[{"count":1,"href":"https:\/\/hablemosclarotdf.com.ar\/index.php?rest_route=\/wp\/v2\/posts\/58358\/revisions"}],"predecessor-version":[{"id":58360,"href":"https:\/\/hablemosclarotdf.com.ar\/index.php?rest_route=\/wp\/v2\/posts\/58358\/revisions\/58360"}],"wp:featuredmedia":[{"embeddable":true,"href":"https:\/\/hablemosclarotdf.com.ar\/index.php?rest_route=\/wp\/v2\/media\/58359"}],"wp:attachment":[{"href":"https:\/\/hablemosclarotdf.com.ar\/index.php?rest_route=%2Fwp%2Fv2%2Fmedia&parent=58358"}],"wp:term":[{"taxonomy":"category","embeddable":true,"href":"https:\/\/hablemosclarotdf.com.ar\/index.php?rest_route=%2Fwp%2Fv2%2Fcategories&post=58358"},{"taxonomy":"post_tag","embeddable":true,"href":"https:\/\/hablemosclarotdf.com.ar\/index.php?rest_route=%2Fwp%2Fv2%2Ftags&post=58358"}],"curies":[{"name":"wp","href":"https:\/\/api.w.org\/{rel}","templated":true}]}}