{"id":58352,"date":"2025-11-16T12:25:42","date_gmt":"2025-11-16T15:25:42","guid":{"rendered":"https:\/\/hablemosclarotdf.com.ar\/?p=58352"},"modified":"2025-11-16T12:25:42","modified_gmt":"2025-11-16T15:25:42","slug":"abrio-la-convocatoria-para-flotante-feria-creativa-de-la-isla-edicion-navidad-2025","status":"publish","type":"post","link":"https:\/\/hablemosclarotdf.com.ar\/?p=58352","title":{"rendered":"ABRI\u00d3 LA CONVOCATORIA PARA &#8216;FLOTANTE FERIA CREATIVA DE LA ISLA &#8211;  EDICI\u00d3N NAVIDAD 2025&#8217;"},"content":{"rendered":"<p>La Agencia de Innovaci\u00f3n invita a creativos, productores y artistas a participar de una nueva edici\u00f3n de Flotante Feria Creativa de la Isla, que se realizar\u00e1 en diciembre en Ushuaia y R\u00edo Grande, bajo el lema: \u201cEn estas fiestas, regal\u00e1 creatividad fueguina\u201d.<\/p>\n<p>La convocatoria est\u00e1 dirigida a creativos, productores locales y artistas y podr\u00e1n inscribirse como expositores para vender sus productos o para realizar Intervenciones art\u00edsticas en vivo como m\u00fasica, danza, visuales, entre otras.<\/p>\n<p>Los interesados podr\u00e1n postularse mediante formulario:<\/p>\n<p>\u2022 Expositores: https:\/\/docs.google.com\/forms\/d\/e\/1FAIpQLSfvV1uXyaoyNIkF0Gtmm-vFRloHVYTB97Sbq8wFm9jZW53zNw\/viewform?usp=header<br \/>\nCierre: 19 de noviembre<\/p>\n<p>\u2022 Intervenciones art\u00edsticas: https:\/\/docs.google.com\/forms\/d\/e\/1FAIpQLSeQ0YUcVUqEvZ7Oe4eLQR00AahpYBVkrj4CONAhffFpd-12-w\/viewform?usp=header<br \/>\nCierre: 24 de noviembre<\/p>\n<p>Sobre el evento, el director provincial de Industrias Culturales, Kevin Su\u00e1rez, record\u00f3 que \u201cFlotante naci\u00f3 como un mercado creativo para visibilizar y potenciar el trabajo de artistas y productores fueguinos, y desde 2020 se convirti\u00f3 en un espacio de encuentro que crece en cada edici\u00f3n\u201d.<\/p>\n<p>Destac\u00f3 adem\u00e1s que \u201cla cercan\u00eda con las fiestas es la oportunidad ideal para conectarse con nuestros creadores locales y regalar obras, dise\u00f1o e identidad fueguina. En su \u00faltima edici\u00f3n recibimos a m\u00e1s de 900 visitantes y generamos ventas para m\u00e1s de 35 expositores, lo que muestra la fuerza del sector\u201d.<\/p>\n<p>Quienes deseen participar pueden consultar bases y condiciones o enviar consultas a industriasculturales@aif.gob.ar, y seguir las novedades en @conocimientotdf.<\/p>\n<p><img loading=\"lazy\" decoding=\"async\" class=\"alignnone size-medium wp-image-58354\" src=\"https:\/\/hablemosclarotdf.com.ar\/wp-content\/uploads\/2025\/11\/photo_2025-11-16_12-22-32-240x300.jpg\" alt=\"\" width=\"240\" height=\"300\" srcset=\"https:\/\/hablemosclarotdf.com.ar\/wp-content\/uploads\/2025\/11\/photo_2025-11-16_12-22-32-240x300.jpg 240w, https:\/\/hablemosclarotdf.com.ar\/wp-content\/uploads\/2025\/11\/photo_2025-11-16_12-22-32-818x1024.jpg 818w, https:\/\/hablemosclarotdf.com.ar\/wp-content\/uploads\/2025\/11\/photo_2025-11-16_12-22-32-768x961.jpg 768w, https:\/\/hablemosclarotdf.com.ar\/wp-content\/uploads\/2025\/11\/photo_2025-11-16_12-22-32.jpg 1023w\" sizes=\"auto, (max-width: 240px) 100vw, 240px\" \/> <img loading=\"lazy\" decoding=\"async\" class=\"alignnone size-medium wp-image-58355\" src=\"https:\/\/hablemosclarotdf.com.ar\/wp-content\/uploads\/2025\/11\/photo_2025-11-16_12-22-36-240x300.jpg\" alt=\"\" width=\"240\" height=\"300\" srcset=\"https:\/\/hablemosclarotdf.com.ar\/wp-content\/uploads\/2025\/11\/photo_2025-11-16_12-22-36-240x300.jpg 240w, https:\/\/hablemosclarotdf.com.ar\/wp-content\/uploads\/2025\/11\/photo_2025-11-16_12-22-36-819x1024.jpg 819w, https:\/\/hablemosclarotdf.com.ar\/wp-content\/uploads\/2025\/11\/photo_2025-11-16_12-22-36-768x960.jpg 768w, https:\/\/hablemosclarotdf.com.ar\/wp-content\/uploads\/2025\/11\/photo_2025-11-16_12-22-36.jpg 1024w\" sizes=\"auto, (max-width: 240px) 100vw, 240px\" \/> <img loading=\"lazy\" decoding=\"async\" class=\"alignnone size-medium wp-image-58356\" src=\"https:\/\/hablemosclarotdf.com.ar\/wp-content\/uploads\/2025\/11\/photo_2025-11-16_12-22-42-240x300.jpg\" alt=\"\" width=\"240\" height=\"300\" srcset=\"https:\/\/hablemosclarotdf.com.ar\/wp-content\/uploads\/2025\/11\/photo_2025-11-16_12-22-42-240x300.jpg 240w, https:\/\/hablemosclarotdf.com.ar\/wp-content\/uploads\/2025\/11\/photo_2025-11-16_12-22-42-819x1024.jpg 819w, https:\/\/hablemosclarotdf.com.ar\/wp-content\/uploads\/2025\/11\/photo_2025-11-16_12-22-42-768x960.jpg 768w, https:\/\/hablemosclarotdf.com.ar\/wp-content\/uploads\/2025\/11\/photo_2025-11-16_12-22-42.jpg 1024w\" sizes=\"auto, (max-width: 240px) 100vw, 240px\" \/><\/p>\n","protected":false},"excerpt":{"rendered":"<p>La Agencia de Innovaci\u00f3n invita a creativos, productores y artistas a participar de una nueva&#8230;<\/p>\n","protected":false},"author":1,"featured_media":58353,"comment_status":"closed","ping_status":"closed","sticky":false,"template":"","format":"standard","meta":{"footnotes":""},"categories":[3],"tags":[],"class_list":["post-58352","post","type-post","status-publish","format-standard","has-post-thumbnail","hentry","category-noticias"],"jetpack_featured_media_url":"https:\/\/hablemosclarotdf.com.ar\/wp-content\/uploads\/2025\/11\/photo_2025-11-16_12-22-25.jpg","_links":{"self":[{"href":"https:\/\/hablemosclarotdf.com.ar\/index.php?rest_route=\/wp\/v2\/posts\/58352","targetHints":{"allow":["GET"]}}],"collection":[{"href":"https:\/\/hablemosclarotdf.com.ar\/index.php?rest_route=\/wp\/v2\/posts"}],"about":[{"href":"https:\/\/hablemosclarotdf.com.ar\/index.php?rest_route=\/wp\/v2\/types\/post"}],"author":[{"embeddable":true,"href":"https:\/\/hablemosclarotdf.com.ar\/index.php?rest_route=\/wp\/v2\/users\/1"}],"replies":[{"embeddable":true,"href":"https:\/\/hablemosclarotdf.com.ar\/index.php?rest_route=%2Fwp%2Fv2%2Fcomments&post=58352"}],"version-history":[{"count":1,"href":"https:\/\/hablemosclarotdf.com.ar\/index.php?rest_route=\/wp\/v2\/posts\/58352\/revisions"}],"predecessor-version":[{"id":58357,"href":"https:\/\/hablemosclarotdf.com.ar\/index.php?rest_route=\/wp\/v2\/posts\/58352\/revisions\/58357"}],"wp:featuredmedia":[{"embeddable":true,"href":"https:\/\/hablemosclarotdf.com.ar\/index.php?rest_route=\/wp\/v2\/media\/58353"}],"wp:attachment":[{"href":"https:\/\/hablemosclarotdf.com.ar\/index.php?rest_route=%2Fwp%2Fv2%2Fmedia&parent=58352"}],"wp:term":[{"taxonomy":"category","embeddable":true,"href":"https:\/\/hablemosclarotdf.com.ar\/index.php?rest_route=%2Fwp%2Fv2%2Fcategories&post=58352"},{"taxonomy":"post_tag","embeddable":true,"href":"https:\/\/hablemosclarotdf.com.ar\/index.php?rest_route=%2Fwp%2Fv2%2Ftags&post=58352"}],"curies":[{"name":"wp","href":"https:\/\/api.w.org\/{rel}","templated":true}]}}