{"id":58277,"date":"2025-11-15T18:38:54","date_gmt":"2025-11-15T21:38:54","guid":{"rendered":"https:\/\/hablemosclarotdf.com.ar\/?p=58277"},"modified":"2025-11-15T18:38:54","modified_gmt":"2025-11-15T21:38:54","slug":"el-programa-provincial-de-gestion-integral-de-riesgo-escolar-realizo-su-cierre-anual","status":"publish","type":"post","link":"https:\/\/hablemosclarotdf.com.ar\/?p=58277","title":{"rendered":"EL PROGRAMA PROVINCIAL DE GESTI\u00d3N INTEGRAL DE RIESGO ESCOLAR REALIZ\u00d3 SU CIERRE ANUAL"},"content":{"rendered":"<p>El Ministerio de Educaci\u00f3n de la provincia lleva adelante una diversidad de programas, entre ellos, el Programa Provincial \u201cGesti\u00f3n Integral de Riesgo Escolar\u201d (GIRE), el cual realiz\u00f3 su cierre anual con un encuentro destinado a estudiantes de escuelas primarias de R\u00edo Grande y la comunidad en general, con el prop\u00f3sito de compartir experiencias, reflexionar y fortalecer las estrategias de prevenci\u00f3n, preparaci\u00f3n y respuesta ante situaciones de emergencia.<\/p>\n<p>Bel\u00e9n C\u00f3rdoba, directora provincial de Acciones Prioritarias de la cartera educativa, destac\u00f3 que \u201ceste programa tiene el objetivo de trabajar con las instituciones educativas con talleres donde trabajan la promoci\u00f3n y prevenci\u00f3n de riesgos y distintas situaciones de emergencia, a los 5\u00b0 y 6\u00b0 grados de todas las escuelas primarias de la provincia\u201d.<\/p>\n<p>\u201cLa idea fue convocar a todas las \u00e1reas que trabajan con las emergencias para que los chicos tengan esa experiencia de conocer el trabajo que realizan las distintas \u00e1reas, porque si bien en los talleres se cuenta como se trabaja, c\u00f3mo se act\u00faa ante una situaci\u00f3n de emergencia, los ni\u00f1os y ni\u00f1as en estas circunstancias pueden experimentar el trabajo de las distintas \u00e1reas, quienes se presentaron con distintas propuestas l\u00fadicas y recreativas\u201d explic\u00f3 C\u00f3rdoba y a\u00f1adi\u00f3 que se replicar\u00e1 lo mismo en Ushuaia y Tolhuin.<\/p>\n<p>De esta manera, la jornada reuni\u00f3 a las \u00e1reas de Seguridad Vial, Protecci\u00f3n Civil, Seguridad e Higiene, Comisaria de G\u00e9nero y Familia, Comisaria 5ta, la Direcci\u00f3n de Educaci\u00f3n F\u00edsica con el protocolo de RCP, Bomberos Voluntarios y Bomberos de la Provincia, quienes en conjunto articularon propuesta l\u00fadicas, acercando a chicos y chicas, el trabajo que realizan a trav\u00e9s de una manera m\u00e1s preventiva, informativa y as\u00ed conocer el trabajo en emergencia.<\/p>\n<p>El Programa GIRE avanza como una estrategia central para la seguridad y la resiliencia en la comunidad educativa, estableciendo un marco integral para la prevenci\u00f3n, la preparaci\u00f3n y la respuesta ante emergencias en las instituciones y la comunidad.<\/p>\n<p>Durante el a\u00f1o, el programa alcanz\u00f3 a m\u00e1s de 3.000 estudiantes de los distintos niveles de toda la provincia, acercando m\u00e1s de 150 talleres, fortaleciendo las capacidades institucionales y promoviendo la cultura de la autoprotecci\u00f3n, abordando tem\u00e1ticas claves para la gesti\u00f3n efectiva de riesgo como la percepci\u00f3n del sismo, amenazas, vulnerabilidad y gesti\u00f3n integral, riesgos espec\u00edficos como incendios urbanos y forestales, sismos, fugas de gas y exposici\u00f3n a mon\u00f3xido de carbono y la preparaci\u00f3n y respuesta mediante se\u00f1al\u00e9tica de emergencias y elaboraci\u00f3n de la mochila de emergencia escolar.<\/p>\n<p>La muestra anual se consolida as\u00ed como un espacio de encuentro, para consolidar aprendizajes y el compromiso colectivo, reafirmando la importancia de la educaci\u00f3n como herramienta esencial para construir comunidades m\u00e1s seguras, solidarias y resilientes.<\/p>\n<p><img loading=\"lazy\" decoding=\"async\" class=\"alignnone size-medium wp-image-58279\" src=\"https:\/\/hablemosclarotdf.com.ar\/wp-content\/uploads\/2025\/11\/photo_2025-11-15_18-37-34-300x200.jpg\" alt=\"\" width=\"300\" height=\"200\" srcset=\"https:\/\/hablemosclarotdf.com.ar\/wp-content\/uploads\/2025\/11\/photo_2025-11-15_18-37-34-300x200.jpg 300w, https:\/\/hablemosclarotdf.com.ar\/wp-content\/uploads\/2025\/11\/photo_2025-11-15_18-37-34-1024x682.jpg 1024w, https:\/\/hablemosclarotdf.com.ar\/wp-content\/uploads\/2025\/11\/photo_2025-11-15_18-37-34-768x512.jpg 768w, https:\/\/hablemosclarotdf.com.ar\/wp-content\/uploads\/2025\/11\/photo_2025-11-15_18-37-34.jpg 1280w\" sizes=\"auto, (max-width: 300px) 100vw, 300px\" \/> <img loading=\"lazy\" decoding=\"async\" class=\"alignnone size-medium wp-image-58280\" src=\"https:\/\/hablemosclarotdf.com.ar\/wp-content\/uploads\/2025\/11\/photo_2025-11-15_18-37-38-300x200.jpg\" alt=\"\" width=\"300\" height=\"200\" srcset=\"https:\/\/hablemosclarotdf.com.ar\/wp-content\/uploads\/2025\/11\/photo_2025-11-15_18-37-38-300x200.jpg 300w, https:\/\/hablemosclarotdf.com.ar\/wp-content\/uploads\/2025\/11\/photo_2025-11-15_18-37-38-1024x682.jpg 1024w, https:\/\/hablemosclarotdf.com.ar\/wp-content\/uploads\/2025\/11\/photo_2025-11-15_18-37-38-768x512.jpg 768w, https:\/\/hablemosclarotdf.com.ar\/wp-content\/uploads\/2025\/11\/photo_2025-11-15_18-37-38.jpg 1280w\" sizes=\"auto, (max-width: 300px) 100vw, 300px\" \/> <img loading=\"lazy\" decoding=\"async\" class=\"alignnone size-medium wp-image-58281\" src=\"https:\/\/hablemosclarotdf.com.ar\/wp-content\/uploads\/2025\/11\/photo_2025-11-15_18-37-43-300x200.jpg\" alt=\"\" width=\"300\" height=\"200\" srcset=\"https:\/\/hablemosclarotdf.com.ar\/wp-content\/uploads\/2025\/11\/photo_2025-11-15_18-37-43-300x200.jpg 300w, https:\/\/hablemosclarotdf.com.ar\/wp-content\/uploads\/2025\/11\/photo_2025-11-15_18-37-43-1024x682.jpg 1024w, https:\/\/hablemosclarotdf.com.ar\/wp-content\/uploads\/2025\/11\/photo_2025-11-15_18-37-43-768x512.jpg 768w, https:\/\/hablemosclarotdf.com.ar\/wp-content\/uploads\/2025\/11\/photo_2025-11-15_18-37-43.jpg 1280w\" sizes=\"auto, (max-width: 300px) 100vw, 300px\" \/> <img loading=\"lazy\" decoding=\"async\" class=\"alignnone size-medium wp-image-58282\" src=\"https:\/\/hablemosclarotdf.com.ar\/wp-content\/uploads\/2025\/11\/photo_2025-11-15_18-37-48-300x200.jpg\" alt=\"\" width=\"300\" height=\"200\" srcset=\"https:\/\/hablemosclarotdf.com.ar\/wp-content\/uploads\/2025\/11\/photo_2025-11-15_18-37-48-300x200.jpg 300w, https:\/\/hablemosclarotdf.com.ar\/wp-content\/uploads\/2025\/11\/photo_2025-11-15_18-37-48-1024x682.jpg 1024w, https:\/\/hablemosclarotdf.com.ar\/wp-content\/uploads\/2025\/11\/photo_2025-11-15_18-37-48-768x512.jpg 768w, https:\/\/hablemosclarotdf.com.ar\/wp-content\/uploads\/2025\/11\/photo_2025-11-15_18-37-48.jpg 1280w\" sizes=\"auto, (max-width: 300px) 100vw, 300px\" \/><\/p>\n","protected":false},"excerpt":{"rendered":"<p>El Ministerio de Educaci\u00f3n de la provincia lleva adelante una diversidad de programas, entre ellos,&#8230;<\/p>\n","protected":false},"author":1,"featured_media":58278,"comment_status":"closed","ping_status":"closed","sticky":false,"template":"","format":"standard","meta":{"footnotes":""},"categories":[3],"tags":[],"class_list":["post-58277","post","type-post","status-publish","format-standard","has-post-thumbnail","hentry","category-noticias"],"jetpack_featured_media_url":"https:\/\/hablemosclarotdf.com.ar\/wp-content\/uploads\/2025\/11\/photo_2025-11-15_18-37-21.jpg","_links":{"self":[{"href":"https:\/\/hablemosclarotdf.com.ar\/index.php?rest_route=\/wp\/v2\/posts\/58277","targetHints":{"allow":["GET"]}}],"collection":[{"href":"https:\/\/hablemosclarotdf.com.ar\/index.php?rest_route=\/wp\/v2\/posts"}],"about":[{"href":"https:\/\/hablemosclarotdf.com.ar\/index.php?rest_route=\/wp\/v2\/types\/post"}],"author":[{"embeddable":true,"href":"https:\/\/hablemosclarotdf.com.ar\/index.php?rest_route=\/wp\/v2\/users\/1"}],"replies":[{"embeddable":true,"href":"https:\/\/hablemosclarotdf.com.ar\/index.php?rest_route=%2Fwp%2Fv2%2Fcomments&post=58277"}],"version-history":[{"count":1,"href":"https:\/\/hablemosclarotdf.com.ar\/index.php?rest_route=\/wp\/v2\/posts\/58277\/revisions"}],"predecessor-version":[{"id":58283,"href":"https:\/\/hablemosclarotdf.com.ar\/index.php?rest_route=\/wp\/v2\/posts\/58277\/revisions\/58283"}],"wp:featuredmedia":[{"embeddable":true,"href":"https:\/\/hablemosclarotdf.com.ar\/index.php?rest_route=\/wp\/v2\/media\/58278"}],"wp:attachment":[{"href":"https:\/\/hablemosclarotdf.com.ar\/index.php?rest_route=%2Fwp%2Fv2%2Fmedia&parent=58277"}],"wp:term":[{"taxonomy":"category","embeddable":true,"href":"https:\/\/hablemosclarotdf.com.ar\/index.php?rest_route=%2Fwp%2Fv2%2Fcategories&post=58277"},{"taxonomy":"post_tag","embeddable":true,"href":"https:\/\/hablemosclarotdf.com.ar\/index.php?rest_route=%2Fwp%2Fv2%2Ftags&post=58277"}],"curies":[{"name":"wp","href":"https:\/\/api.w.org\/{rel}","templated":true}]}}