{"id":58273,"date":"2025-11-15T18:35:30","date_gmt":"2025-11-15T21:35:30","guid":{"rendered":"https:\/\/hablemosclarotdf.com.ar\/?p=58273"},"modified":"2025-11-15T18:35:30","modified_gmt":"2025-11-15T21:35:30","slug":"rio-grande-semana-selknam-espacios-para-reflexionar-y-honrar-nuestra-identidad","status":"publish","type":"post","link":"https:\/\/hablemosclarotdf.com.ar\/?p=58273","title":{"rendered":"RIO GRANDE : SEMANA SELK\u2019NAM: ESPACIOS PARA REFLEXIONAR Y HONRAR NUESTRA IDENTIDAD"},"content":{"rendered":"<p>Del 17 al 20 de noviembre, el Museo Municipal \u201cVirginia Choquintel\u201d ser\u00e1 sede de una amplia agenda de actividades destinadas a reconocer la historia, la cosmovisi\u00f3n y el legado del pueblo Selk\u2019nam, mediante encuentros abiertos a toda la comunidad.<\/p>\n<p>El Municipio de R\u00edo Grande, a trav\u00e9s de la Subsecretar\u00eda de Cultura, invita a vecinas y vecinos a participar de la Semana Selk\u2019nam, una propuesta que busca poner en valor la memoria de los pueblos originarios, promover el di\u00e1logo y profundizar el conocimiento sobre la identidad fueguina. Habr\u00e1 charlas, proyecciones, muestras y visitas guiadas que conforman una programaci\u00f3n pensada para reflexionar en comunidad.<\/p>\n<p>Las actividades se desarrollar\u00e1n del 17 al 20 de noviembre en el Museo Municipal \u201cVirginia Choquintel\u201d (Alberdi 555), un espacio referente del patrimonio cultural e hist\u00f3rico de la ciudad.<\/p>\n<p>La Semana Selk\u2019nam comenzar\u00e1 este lunes 17, a las 11 horas, con el acto de inauguraci\u00f3n. El martes 18, a las 19 horas, se realizar\u00e1 la charla \u201cReflexi\u00f3n sobre nuestra historia\u201d, a cargo de Margarita Maldonado, quien compartir\u00e1 su mirada sobre la memoria y la presencia del pueblo Selk\u2019nam en la actualidad.<\/p>\n<p>El mi\u00e9rcoles 19, a las 15 horas, integrantes de la comunidad Rafaela Ishton: Florencia Maldonado y Mar\u00eda Salamanca llevar\u00e1n adelante la propuesta \u201cHablemos de genocidio\u201d. En tanto, el jueves 20, a las 19.30 horas, se proyectar\u00e1 la pel\u00edcula \u201cLos Colonos\u201d, del director Felipe G\u00e1lvez.<\/p>\n<p>Cabe mencionar que, durante toda la semana, se ofrecer\u00e1n las visitas guiadas \u201cPueblos originarios\u201d, con recorridos a las 10, 11.30, 14 y 15.30 horas, para conocer la propuesta vigente en el Museo y profundizar en su historia.<\/p>\n<p>El objetivo de esta agenda es que cada riograndense cuente con un espacio que ponga en valor nuestra historia, cultura e identidad.<\/p>\n<p><img loading=\"lazy\" decoding=\"async\" class=\"alignnone size-medium wp-image-58275\" src=\"https:\/\/hablemosclarotdf.com.ar\/wp-content\/uploads\/2025\/11\/photo_2025-11-15_18-33-24-176x300.jpg\" alt=\"\" width=\"176\" height=\"300\" srcset=\"https:\/\/hablemosclarotdf.com.ar\/wp-content\/uploads\/2025\/11\/photo_2025-11-15_18-33-24-176x300.jpg 176w, https:\/\/hablemosclarotdf.com.ar\/wp-content\/uploads\/2025\/11\/photo_2025-11-15_18-33-24-602x1024.jpg 602w, https:\/\/hablemosclarotdf.com.ar\/wp-content\/uploads\/2025\/11\/photo_2025-11-15_18-33-24.jpg 752w\" sizes=\"auto, (max-width: 176px) 100vw, 176px\" \/><\/p>\n","protected":false},"excerpt":{"rendered":"<p>Del 17 al 20 de noviembre, el Museo Municipal \u201cVirginia Choquintel\u201d ser\u00e1 sede de una&#8230;<\/p>\n","protected":false},"author":1,"featured_media":58274,"comment_status":"closed","ping_status":"closed","sticky":false,"template":"","format":"standard","meta":{"footnotes":""},"categories":[3],"tags":[],"class_list":["post-58273","post","type-post","status-publish","format-standard","has-post-thumbnail","hentry","category-noticias"],"jetpack_featured_media_url":"https:\/\/hablemosclarotdf.com.ar\/wp-content\/uploads\/2025\/11\/photo_2025-11-15_18-33-19.jpg","_links":{"self":[{"href":"https:\/\/hablemosclarotdf.com.ar\/index.php?rest_route=\/wp\/v2\/posts\/58273","targetHints":{"allow":["GET"]}}],"collection":[{"href":"https:\/\/hablemosclarotdf.com.ar\/index.php?rest_route=\/wp\/v2\/posts"}],"about":[{"href":"https:\/\/hablemosclarotdf.com.ar\/index.php?rest_route=\/wp\/v2\/types\/post"}],"author":[{"embeddable":true,"href":"https:\/\/hablemosclarotdf.com.ar\/index.php?rest_route=\/wp\/v2\/users\/1"}],"replies":[{"embeddable":true,"href":"https:\/\/hablemosclarotdf.com.ar\/index.php?rest_route=%2Fwp%2Fv2%2Fcomments&post=58273"}],"version-history":[{"count":1,"href":"https:\/\/hablemosclarotdf.com.ar\/index.php?rest_route=\/wp\/v2\/posts\/58273\/revisions"}],"predecessor-version":[{"id":58276,"href":"https:\/\/hablemosclarotdf.com.ar\/index.php?rest_route=\/wp\/v2\/posts\/58273\/revisions\/58276"}],"wp:featuredmedia":[{"embeddable":true,"href":"https:\/\/hablemosclarotdf.com.ar\/index.php?rest_route=\/wp\/v2\/media\/58274"}],"wp:attachment":[{"href":"https:\/\/hablemosclarotdf.com.ar\/index.php?rest_route=%2Fwp%2Fv2%2Fmedia&parent=58273"}],"wp:term":[{"taxonomy":"category","embeddable":true,"href":"https:\/\/hablemosclarotdf.com.ar\/index.php?rest_route=%2Fwp%2Fv2%2Fcategories&post=58273"},{"taxonomy":"post_tag","embeddable":true,"href":"https:\/\/hablemosclarotdf.com.ar\/index.php?rest_route=%2Fwp%2Fv2%2Ftags&post=58273"}],"curies":[{"name":"wp","href":"https:\/\/api.w.org\/{rel}","templated":true}]}}