{"id":58194,"date":"2025-11-15T11:56:04","date_gmt":"2025-11-15T14:56:04","guid":{"rendered":"https:\/\/hablemosclarotdf.com.ar\/?p=58194"},"modified":"2025-11-15T11:56:04","modified_gmt":"2025-11-15T14:56:04","slug":"rio-grande-nueva-jornada-de-adopcion-responsable-en-el-ccm-b-peron","status":"publish","type":"post","link":"https:\/\/hablemosclarotdf.com.ar\/?p=58194","title":{"rendered":"RIO GRANDE :NUEVA JORNADA DE ADOPCI\u00d3N RESPONSABLE EN EL CCM B\u00b0 PER\u00d3N"},"content":{"rendered":"<p>El Municipio de R\u00edo Grande, a trav\u00e9s de la Secretar\u00eda de Gesti\u00f3n Ciudadana, invita a la comunidad a participar de una nueva Jornada de Adopci\u00f3n Responsable que se realizar\u00e1 este s\u00e1bado 15 de noviembre, de 15 a 18 horas, en el Centro Comunitario Municipal del Barrio Per\u00f3n (Hugo del Carril N\u00ba 27).<\/p>\n<p>La actividad se llevar\u00e1 adelante en colaboraci\u00f3n con la protectora &#8220;Amo a los Animales&#8221;, con el objetivo de promover la tenencia responsable y facilitar que perros y gatos puedan encontrar un hogar definitivo y lleno de cuidados.<\/p>\n<p>Quienes deseen adoptar deber\u00e1n ser mayores de 18 a\u00f1os, presentarse con DNI y asumir el compromiso de brindar atenci\u00f3n responsable a la mascota adoptada. Todos los animales disponibles cuentan con control veterinario. Se solicita a los asistentes concurrir sin mascotas.<\/p>\n<p>De esta manera, el Municipio invita a los vecinos y vecinas a acercarse y ser parte de esta jornada, reafirmando el compromiso colectivo de construir una ciudad con m\u00e1s bienestar animal y m\u00e1s hogares responsables.<\/p>\n","protected":false},"excerpt":{"rendered":"<p>El Municipio de R\u00edo Grande, a trav\u00e9s de la Secretar\u00eda de Gesti\u00f3n Ciudadana, invita a&#8230;<\/p>\n","protected":false},"author":1,"featured_media":58195,"comment_status":"closed","ping_status":"closed","sticky":false,"template":"","format":"standard","meta":{"footnotes":""},"categories":[3],"tags":[],"class_list":["post-58194","post","type-post","status-publish","format-standard","has-post-thumbnail","hentry","category-noticias"],"jetpack_featured_media_url":"https:\/\/hablemosclarotdf.com.ar\/wp-content\/uploads\/2025\/11\/photo_2025-11-15_11-55-27.jpg","_links":{"self":[{"href":"https:\/\/hablemosclarotdf.com.ar\/index.php?rest_route=\/wp\/v2\/posts\/58194","targetHints":{"allow":["GET"]}}],"collection":[{"href":"https:\/\/hablemosclarotdf.com.ar\/index.php?rest_route=\/wp\/v2\/posts"}],"about":[{"href":"https:\/\/hablemosclarotdf.com.ar\/index.php?rest_route=\/wp\/v2\/types\/post"}],"author":[{"embeddable":true,"href":"https:\/\/hablemosclarotdf.com.ar\/index.php?rest_route=\/wp\/v2\/users\/1"}],"replies":[{"embeddable":true,"href":"https:\/\/hablemosclarotdf.com.ar\/index.php?rest_route=%2Fwp%2Fv2%2Fcomments&post=58194"}],"version-history":[{"count":1,"href":"https:\/\/hablemosclarotdf.com.ar\/index.php?rest_route=\/wp\/v2\/posts\/58194\/revisions"}],"predecessor-version":[{"id":58196,"href":"https:\/\/hablemosclarotdf.com.ar\/index.php?rest_route=\/wp\/v2\/posts\/58194\/revisions\/58196"}],"wp:featuredmedia":[{"embeddable":true,"href":"https:\/\/hablemosclarotdf.com.ar\/index.php?rest_route=\/wp\/v2\/media\/58195"}],"wp:attachment":[{"href":"https:\/\/hablemosclarotdf.com.ar\/index.php?rest_route=%2Fwp%2Fv2%2Fmedia&parent=58194"}],"wp:term":[{"taxonomy":"category","embeddable":true,"href":"https:\/\/hablemosclarotdf.com.ar\/index.php?rest_route=%2Fwp%2Fv2%2Fcategories&post=58194"},{"taxonomy":"post_tag","embeddable":true,"href":"https:\/\/hablemosclarotdf.com.ar\/index.php?rest_route=%2Fwp%2Fv2%2Ftags&post=58194"}],"curies":[{"name":"wp","href":"https:\/\/api.w.org\/{rel}","templated":true}]}}