{"id":58169,"date":"2025-11-15T11:47:14","date_gmt":"2025-11-15T14:47:14","guid":{"rendered":"https:\/\/hablemosclarotdf.com.ar\/?p=58169"},"modified":"2025-11-15T11:47:14","modified_gmt":"2025-11-15T14:47:14","slug":"c-d-tolhuin-nunca-es-tarde-para-aprender-vecinos-y-vecinas-dieron-su-primer-gran-paso-en-la-alfabetizacion","status":"publish","type":"post","link":"https:\/\/hablemosclarotdf.com.ar\/?p=58169","title":{"rendered":"C.D.TOLHUIN : NUNCA ES TARDE PARA APRENDER: VECINOS Y VECINAS DIERON SU PRIMER GRAN PASO EN LA ALFABETIZACI\u00d3N  ."},"content":{"rendered":"<p>Los concejales Matias Rodriguez Ojeda, Jeannete Alderete, Marcelo Mu\u00f1oz y Florencia Auat acompa\u00f1aron uno de esos momentos que te recuerdan por qu\u00e9 la educaci\u00f3n transforma vidas: la finalizaci\u00f3n del Programa de Alfabetizaci\u00f3n \u201cYO S\u00cd PUEDO\u201d en Tolhuin.<br \/>\n.<br \/>\nHubo abrazos, l\u00e1grimas y un orgullo que llen\u00f3 la sala. Porque no es solo aprender a leer y escribir: es recuperar oportunidades que parec\u00edan lejanas, es volver a creer en uno mismo, es animarse a empezar de nuevo siendo adulto.<br \/>\n.<br \/>\nEl acto cont\u00f3 con la presencia del gobernador Gustavo Melella, el delegado Federico Vel\u00e1zquez, el ministro de Educaci\u00f3n Pablo L\u00f3pez Silva, y la consejera econ\u00f3mica y comercial de la Embajada de Cuba en Argentina, Evelyn Mart\u00ednez, acompa\u00f1ando a quienes dieron este paso enorme.<br \/>\n.<br \/>\n\u201cYo S\u00ed Puedo\u201d, un programa de origen cubano impulsado por el Gobierno de Tierra del Fuego que est\u00e1 pensado para mayores de 18 a\u00f1os que nunca pudieron acceder a la alfabetizaci\u00f3n. Con un enfoque c\u00e1lido y participativo, abre puertas que deber\u00edan estar abiertas para todas y todos.<br \/>\n.<br \/>\nTambi\u00e9n se reconoci\u00f3 el trabajo del programa provincial \u201cPrimaria Intensiva\u201d, que permite a personas adultas terminar la escuela y seguir avanzando en su proyecto de vida.<br \/>\n.<br \/>\nLos concejales felicitaron a cada egresada y egresado. Porque detr\u00e1s de cada diploma hay historias de esfuerzo silencioso, noches de estudio despu\u00e9s del trabajo, madres y padres que quieren darles un ejemplo a sus hijos, personas que se animaron a romper miedos de toda una vida.<\/p>\n<p><img loading=\"lazy\" decoding=\"async\" class=\"alignnone size-medium wp-image-58171\" src=\"https:\/\/hablemosclarotdf.com.ar\/wp-content\/uploads\/2025\/11\/photo_2025-11-15_11-45-07-300x225.jpg\" alt=\"\" width=\"300\" height=\"225\" srcset=\"https:\/\/hablemosclarotdf.com.ar\/wp-content\/uploads\/2025\/11\/photo_2025-11-15_11-45-07-300x225.jpg 300w, https:\/\/hablemosclarotdf.com.ar\/wp-content\/uploads\/2025\/11\/photo_2025-11-15_11-45-07-1024x768.jpg 1024w, https:\/\/hablemosclarotdf.com.ar\/wp-content\/uploads\/2025\/11\/photo_2025-11-15_11-45-07-768x576.jpg 768w, https:\/\/hablemosclarotdf.com.ar\/wp-content\/uploads\/2025\/11\/photo_2025-11-15_11-45-07.jpg 1166w\" sizes=\"auto, (max-width: 300px) 100vw, 300px\" \/> <img loading=\"lazy\" decoding=\"async\" class=\"alignnone size-medium wp-image-58172\" src=\"https:\/\/hablemosclarotdf.com.ar\/wp-content\/uploads\/2025\/11\/photo_2025-11-15_11-45-11-300x225.jpg\" alt=\"\" width=\"300\" height=\"225\" srcset=\"https:\/\/hablemosclarotdf.com.ar\/wp-content\/uploads\/2025\/11\/photo_2025-11-15_11-45-11-300x225.jpg 300w, https:\/\/hablemosclarotdf.com.ar\/wp-content\/uploads\/2025\/11\/photo_2025-11-15_11-45-11-1024x768.jpg 1024w, https:\/\/hablemosclarotdf.com.ar\/wp-content\/uploads\/2025\/11\/photo_2025-11-15_11-45-11-768x576.jpg 768w, https:\/\/hablemosclarotdf.com.ar\/wp-content\/uploads\/2025\/11\/photo_2025-11-15_11-45-11.jpg 1181w\" sizes=\"auto, (max-width: 300px) 100vw, 300px\" \/> <img loading=\"lazy\" decoding=\"async\" class=\"alignnone size-medium wp-image-58173\" src=\"https:\/\/hablemosclarotdf.com.ar\/wp-content\/uploads\/2025\/11\/photo_2025-11-15_11-45-15-300x225.jpg\" alt=\"\" width=\"300\" height=\"225\" srcset=\"https:\/\/hablemosclarotdf.com.ar\/wp-content\/uploads\/2025\/11\/photo_2025-11-15_11-45-15-300x225.jpg 300w, https:\/\/hablemosclarotdf.com.ar\/wp-content\/uploads\/2025\/11\/photo_2025-11-15_11-45-15-1024x768.jpg 1024w, https:\/\/hablemosclarotdf.com.ar\/wp-content\/uploads\/2025\/11\/photo_2025-11-15_11-45-15-768x576.jpg 768w, https:\/\/hablemosclarotdf.com.ar\/wp-content\/uploads\/2025\/11\/photo_2025-11-15_11-45-15.jpg 1280w\" sizes=\"auto, (max-width: 300px) 100vw, 300px\" \/> <img loading=\"lazy\" decoding=\"async\" class=\"alignnone size-medium wp-image-58174\" src=\"https:\/\/hablemosclarotdf.com.ar\/wp-content\/uploads\/2025\/11\/photo_2025-11-15_11-45-20-300x225.jpg\" alt=\"\" width=\"300\" height=\"225\" srcset=\"https:\/\/hablemosclarotdf.com.ar\/wp-content\/uploads\/2025\/11\/photo_2025-11-15_11-45-20-300x225.jpg 300w, https:\/\/hablemosclarotdf.com.ar\/wp-content\/uploads\/2025\/11\/photo_2025-11-15_11-45-20-1024x768.jpg 1024w, https:\/\/hablemosclarotdf.com.ar\/wp-content\/uploads\/2025\/11\/photo_2025-11-15_11-45-20-768x576.jpg 768w, https:\/\/hablemosclarotdf.com.ar\/wp-content\/uploads\/2025\/11\/photo_2025-11-15_11-45-20.jpg 1062w\" sizes=\"auto, (max-width: 300px) 100vw, 300px\" \/> <img loading=\"lazy\" decoding=\"async\" class=\"alignnone size-medium wp-image-58175\" src=\"https:\/\/hablemosclarotdf.com.ar\/wp-content\/uploads\/2025\/11\/photo_2025-11-15_11-45-24-300x225.jpg\" alt=\"\" width=\"300\" height=\"225\" srcset=\"https:\/\/hablemosclarotdf.com.ar\/wp-content\/uploads\/2025\/11\/photo_2025-11-15_11-45-24-300x225.jpg 300w, https:\/\/hablemosclarotdf.com.ar\/wp-content\/uploads\/2025\/11\/photo_2025-11-15_11-45-24-1024x768.jpg 1024w, https:\/\/hablemosclarotdf.com.ar\/wp-content\/uploads\/2025\/11\/photo_2025-11-15_11-45-24-768x576.jpg 768w, https:\/\/hablemosclarotdf.com.ar\/wp-content\/uploads\/2025\/11\/photo_2025-11-15_11-45-24.jpg 1191w\" sizes=\"auto, (max-width: 300px) 100vw, 300px\" \/> <img loading=\"lazy\" decoding=\"async\" class=\"alignnone size-medium wp-image-58176\" src=\"https:\/\/hablemosclarotdf.com.ar\/wp-content\/uploads\/2025\/11\/photo_2025-11-15_11-45-29-300x225.jpg\" alt=\"\" width=\"300\" height=\"225\" srcset=\"https:\/\/hablemosclarotdf.com.ar\/wp-content\/uploads\/2025\/11\/photo_2025-11-15_11-45-29-300x225.jpg 300w, https:\/\/hablemosclarotdf.com.ar\/wp-content\/uploads\/2025\/11\/photo_2025-11-15_11-45-29-1024x768.jpg 1024w, https:\/\/hablemosclarotdf.com.ar\/wp-content\/uploads\/2025\/11\/photo_2025-11-15_11-45-29-768x576.jpg 768w, https:\/\/hablemosclarotdf.com.ar\/wp-content\/uploads\/2025\/11\/photo_2025-11-15_11-45-29.jpg 1048w\" sizes=\"auto, (max-width: 300px) 100vw, 300px\" \/><\/p>\n","protected":false},"excerpt":{"rendered":"<p>Los concejales Matias Rodriguez Ojeda, Jeannete Alderete, Marcelo Mu\u00f1oz y Florencia Auat acompa\u00f1aron uno de&#8230;<\/p>\n","protected":false},"author":1,"featured_media":58170,"comment_status":"closed","ping_status":"closed","sticky":false,"template":"","format":"standard","meta":{"footnotes":""},"categories":[3],"tags":[],"class_list":["post-58169","post","type-post","status-publish","format-standard","has-post-thumbnail","hentry","category-noticias"],"jetpack_featured_media_url":"https:\/\/hablemosclarotdf.com.ar\/wp-content\/uploads\/2025\/11\/photo_2025-11-15_11-44-57.jpg","_links":{"self":[{"href":"https:\/\/hablemosclarotdf.com.ar\/index.php?rest_route=\/wp\/v2\/posts\/58169","targetHints":{"allow":["GET"]}}],"collection":[{"href":"https:\/\/hablemosclarotdf.com.ar\/index.php?rest_route=\/wp\/v2\/posts"}],"about":[{"href":"https:\/\/hablemosclarotdf.com.ar\/index.php?rest_route=\/wp\/v2\/types\/post"}],"author":[{"embeddable":true,"href":"https:\/\/hablemosclarotdf.com.ar\/index.php?rest_route=\/wp\/v2\/users\/1"}],"replies":[{"embeddable":true,"href":"https:\/\/hablemosclarotdf.com.ar\/index.php?rest_route=%2Fwp%2Fv2%2Fcomments&post=58169"}],"version-history":[{"count":1,"href":"https:\/\/hablemosclarotdf.com.ar\/index.php?rest_route=\/wp\/v2\/posts\/58169\/revisions"}],"predecessor-version":[{"id":58177,"href":"https:\/\/hablemosclarotdf.com.ar\/index.php?rest_route=\/wp\/v2\/posts\/58169\/revisions\/58177"}],"wp:featuredmedia":[{"embeddable":true,"href":"https:\/\/hablemosclarotdf.com.ar\/index.php?rest_route=\/wp\/v2\/media\/58170"}],"wp:attachment":[{"href":"https:\/\/hablemosclarotdf.com.ar\/index.php?rest_route=%2Fwp%2Fv2%2Fmedia&parent=58169"}],"wp:term":[{"taxonomy":"category","embeddable":true,"href":"https:\/\/hablemosclarotdf.com.ar\/index.php?rest_route=%2Fwp%2Fv2%2Fcategories&post=58169"},{"taxonomy":"post_tag","embeddable":true,"href":"https:\/\/hablemosclarotdf.com.ar\/index.php?rest_route=%2Fwp%2Fv2%2Ftags&post=58169"}],"curies":[{"name":"wp","href":"https:\/\/api.w.org\/{rel}","templated":true}]}}