{"id":58147,"date":"2025-11-14T21:35:12","date_gmt":"2025-11-15T00:35:12","guid":{"rendered":"https:\/\/hablemosclarotdf.com.ar\/?p=58147"},"modified":"2025-11-14T21:35:12","modified_gmt":"2025-11-15T00:35:12","slug":"ushuaia-abren-las-inscripciones-al-jardin-maternal-los-zorzales-para-el-ciclo-lectivo-2026","status":"publish","type":"post","link":"https:\/\/hablemosclarotdf.com.ar\/?p=58147","title":{"rendered":"USHUAIA : ABREN LAS INSCRIPCIONES AL JARD\u00cdN MATERNAL \u201cLOS ZORZALES\u201d PARA EL CICLO LECTIVO 2026"},"content":{"rendered":"<p>La Secretar\u00eda de Cultura y Educaci\u00f3n de la Municipalidad de Ushuaia informa a la comunidad que se encuentran abiertas las inscripciones para el ciclo lectivo 2026 del Jard\u00edn Maternal \u201cLos Zorzales\u201d.<br \/>\nEl proceso de inscripciones estar\u00e1 abierto del d\u00eda lunes 17 al jueves 20 de noviembre, destinado a ni\u00f1os y ni\u00f1as que cumplan desde 7 meses al 1 de marzo y hasta 2 a\u00f1os al 30 de junio de 2026. Para realizarla, las y los interesados podr\u00e1n contactarse al 2901-654782 de 13:00 a 14:00 horas o de forma presencial en La Pampa y Kuanip.<br \/>\nPara conocer m\u00e1s sobre el per\u00edodo de inscripciones de las Escuelas Experimentales Municipales y el Jard\u00edn Maternal \u201cLos Zorzales\u201d, las y los interesados podr\u00e1n visitar las redes sociales de la Secretar\u00eda de Cultura y Educaci\u00f3n en @culturayeducacionush o contactarse al correo electr\u00f3nico jardinmaternalloszorzales@gmail.com.<\/p>\n","protected":false},"excerpt":{"rendered":"<p>La Secretar\u00eda de Cultura y Educaci\u00f3n de la Municipalidad de Ushuaia informa a la comunidad&#8230;<\/p>\n","protected":false},"author":1,"featured_media":58148,"comment_status":"closed","ping_status":"closed","sticky":false,"template":"","format":"standard","meta":{"footnotes":""},"categories":[3],"tags":[],"class_list":["post-58147","post","type-post","status-publish","format-standard","has-post-thumbnail","hentry","category-noticias"],"jetpack_featured_media_url":"https:\/\/hablemosclarotdf.com.ar\/wp-content\/uploads\/2025\/11\/photo_2025-11-14_21-34-40.jpg","_links":{"self":[{"href":"https:\/\/hablemosclarotdf.com.ar\/index.php?rest_route=\/wp\/v2\/posts\/58147","targetHints":{"allow":["GET"]}}],"collection":[{"href":"https:\/\/hablemosclarotdf.com.ar\/index.php?rest_route=\/wp\/v2\/posts"}],"about":[{"href":"https:\/\/hablemosclarotdf.com.ar\/index.php?rest_route=\/wp\/v2\/types\/post"}],"author":[{"embeddable":true,"href":"https:\/\/hablemosclarotdf.com.ar\/index.php?rest_route=\/wp\/v2\/users\/1"}],"replies":[{"embeddable":true,"href":"https:\/\/hablemosclarotdf.com.ar\/index.php?rest_route=%2Fwp%2Fv2%2Fcomments&post=58147"}],"version-history":[{"count":1,"href":"https:\/\/hablemosclarotdf.com.ar\/index.php?rest_route=\/wp\/v2\/posts\/58147\/revisions"}],"predecessor-version":[{"id":58149,"href":"https:\/\/hablemosclarotdf.com.ar\/index.php?rest_route=\/wp\/v2\/posts\/58147\/revisions\/58149"}],"wp:featuredmedia":[{"embeddable":true,"href":"https:\/\/hablemosclarotdf.com.ar\/index.php?rest_route=\/wp\/v2\/media\/58148"}],"wp:attachment":[{"href":"https:\/\/hablemosclarotdf.com.ar\/index.php?rest_route=%2Fwp%2Fv2%2Fmedia&parent=58147"}],"wp:term":[{"taxonomy":"category","embeddable":true,"href":"https:\/\/hablemosclarotdf.com.ar\/index.php?rest_route=%2Fwp%2Fv2%2Fcategories&post=58147"},{"taxonomy":"post_tag","embeddable":true,"href":"https:\/\/hablemosclarotdf.com.ar\/index.php?rest_route=%2Fwp%2Fv2%2Ftags&post=58147"}],"curies":[{"name":"wp","href":"https:\/\/api.w.org\/{rel}","templated":true}]}}