{"id":58144,"date":"2025-11-14T21:33:20","date_gmt":"2025-11-15T00:33:20","guid":{"rendered":"https:\/\/hablemosclarotdf.com.ar\/?p=58144"},"modified":"2025-11-14T21:33:20","modified_gmt":"2025-11-15T00:33:20","slug":"ushuaia-la-municipalidad-abre-las-inscripciones-al-filomena-recupera-para-los-niveles-primario-y-secundar","status":"publish","type":"post","link":"https:\/\/hablemosclarotdf.com.ar\/?p=58144","title":{"rendered":"USHUAIA : LA MUNICIPALIDAD  ABRE LAS INSCRIPCIONES AL \u201cFILOMENA RECUPERA\u201d PARA LOS NIVELES PRIMARIO Y SECUNDAR"},"content":{"rendered":"<p>La propuesta de apoyo escolar gratuito municipal se brindar\u00e1 en cinco sedes de la ciudad<\/p>\n<p>La Secretar\u00eda de Cultura y Educaci\u00f3n de la Municipalidad de Ushuaia informa a la comunidad que se encuentran abiertas las inscripciones al \u201cFilomena Recupera\u201d, programa de apoyo escolar gratuito para los niveles primario y secundario contando con cupos para todas las edades en ambos casos. Qui\u00e9nes deseen inscribirse, podr\u00e1n hacerlo a trav\u00e9s del tel\u00e9fono 2901-522730, as\u00ed como acceder a m\u00e1s informaci\u00f3n.<br \/>\nDicha iniciativa, que es parte del programa socioeducativo municipal \u201cFilomena Grasso\u201d, se dictar\u00e1 en cinco sedes de la ciudad, siendo para nivel primario en el Centro Comunitario del Barrio Bah\u00eda Golondrina de lunes a jueves de 15:00 a 17:00 horas; en los Talleres Culturales Municipales de calle Fagnano N\u00b0 486 para los niveles primario y secundario tambi\u00e9n de lunes a jueves de 15:00 a 17:00 horas. En el SUM del Barrio K y D habr\u00e1 clases de apoyo para los niveles primario y secundario de lunes a jueves de 17:00 a 18:00 horas, en el Centro Comunitario del Barrio Los Morros para primario de lunes a jueves de 14:00 a 16:00 horas y en el Centro Comunitario del Barrio 640 Viviendas tambi\u00e9n para ni\u00f1os, ni\u00f1as y adultos que cursen sus estudios primarios de lunes a jueves de 14:00 a 16:00 horas.<br \/>\nBel\u00e9n Molina, secretaria de Cultura y Educaci\u00f3n, resalt\u00f3 que \u201cesta iniciativa es parte del profundo compromiso que nuestra gesti\u00f3n tiene con la educaci\u00f3n de ni\u00f1os, ni\u00f1as, adolescentes, j\u00f3venes y adultos de la ciudad, acerc\u00e1ndoles herramientas concretas para fortalecer sus trayectorias escolares\u201d.<br \/>\nPor su parte Jorge Enciso, coordinador de Inclusi\u00f3n Educativa y a cargo del programa socioeducativo, explic\u00f3 que \u201cesta nueva etapa de Filomena Recupera est\u00e1 pensada para este per\u00edodo de apoyo escolar intensivo, que se configura como una red de contenci\u00f3n educativa gratuita para que nadie se quede atr\u00e1s. Desde el programa hemos entendido que la educaci\u00f3n de calidad debe estar al alcance de todos y todas, y que las dudas no debe ser un obst\u00e1culo insuperable, es por ello que vamos a estar ofreciendo este servicio en nuestras cinco sedes, llegando a cada vecino y vecina que nos necesite\u201d.<br \/>\nPara conocer m\u00e1s sobre el programa \u201cFilomena Grasso\u201d, las y los interesados podr\u00e1n contactarse al 2901-522730 o visitar las redes sociales de la Secretar\u00eda de Cultura y Educaci\u00f3n en @culturayeducacionush.<\/p>\n","protected":false},"excerpt":{"rendered":"<p>La propuesta de apoyo escolar gratuito municipal se brindar\u00e1 en cinco sedes de la ciudad&#8230;<\/p>\n","protected":false},"author":1,"featured_media":58145,"comment_status":"closed","ping_status":"closed","sticky":false,"template":"","format":"standard","meta":{"footnotes":""},"categories":[3],"tags":[],"class_list":["post-58144","post","type-post","status-publish","format-standard","has-post-thumbnail","hentry","category-noticias"],"jetpack_featured_media_url":"https:\/\/hablemosclarotdf.com.ar\/wp-content\/uploads\/2025\/11\/photo_2025-11-14_21-32-22.jpg","_links":{"self":[{"href":"https:\/\/hablemosclarotdf.com.ar\/index.php?rest_route=\/wp\/v2\/posts\/58144","targetHints":{"allow":["GET"]}}],"collection":[{"href":"https:\/\/hablemosclarotdf.com.ar\/index.php?rest_route=\/wp\/v2\/posts"}],"about":[{"href":"https:\/\/hablemosclarotdf.com.ar\/index.php?rest_route=\/wp\/v2\/types\/post"}],"author":[{"embeddable":true,"href":"https:\/\/hablemosclarotdf.com.ar\/index.php?rest_route=\/wp\/v2\/users\/1"}],"replies":[{"embeddable":true,"href":"https:\/\/hablemosclarotdf.com.ar\/index.php?rest_route=%2Fwp%2Fv2%2Fcomments&post=58144"}],"version-history":[{"count":1,"href":"https:\/\/hablemosclarotdf.com.ar\/index.php?rest_route=\/wp\/v2\/posts\/58144\/revisions"}],"predecessor-version":[{"id":58146,"href":"https:\/\/hablemosclarotdf.com.ar\/index.php?rest_route=\/wp\/v2\/posts\/58144\/revisions\/58146"}],"wp:featuredmedia":[{"embeddable":true,"href":"https:\/\/hablemosclarotdf.com.ar\/index.php?rest_route=\/wp\/v2\/media\/58145"}],"wp:attachment":[{"href":"https:\/\/hablemosclarotdf.com.ar\/index.php?rest_route=%2Fwp%2Fv2%2Fmedia&parent=58144"}],"wp:term":[{"taxonomy":"category","embeddable":true,"href":"https:\/\/hablemosclarotdf.com.ar\/index.php?rest_route=%2Fwp%2Fv2%2Fcategories&post=58144"},{"taxonomy":"post_tag","embeddable":true,"href":"https:\/\/hablemosclarotdf.com.ar\/index.php?rest_route=%2Fwp%2Fv2%2Ftags&post=58144"}],"curies":[{"name":"wp","href":"https:\/\/api.w.org\/{rel}","templated":true}]}}