{"id":58136,"date":"2025-11-14T18:43:55","date_gmt":"2025-11-14T21:43:55","guid":{"rendered":"https:\/\/hablemosclarotdf.com.ar\/?p=58136"},"modified":"2025-11-14T18:43:55","modified_gmt":"2025-11-14T21:43:55","slug":"c-d-tolhuin-el-concejo-deliberante-analizo-pedidos-de-tierras-y-reclamo-mayor-claridad-en-los-criterios-del-ejecutivo","status":"publish","type":"post","link":"https:\/\/hablemosclarotdf.com.ar\/?p=58136","title":{"rendered":"C.D.TOLHUIN : El Concejo Deliberante analiz\u00f3 pedidos de tierras y reclam\u00f3 mayor claridad en los criterios del Ejecutivo"},"content":{"rendered":"<p>TOLHUIN, 14 de noviembre. \u2013 La Comisi\u00f3n N\u00b04 de Legislaci\u00f3n e Interpretaci\u00f3n del Concejo Deliberante de Tolhuin, presidida por Jeannette Alderete, mantuvo una nueva reuni\u00f3n de trabajo en la que se analizaron diversos pedidos de terrenos fiscales con destino educativo, industrial y comercial.<br \/>\n.<br \/>\nDurante el encuentro, los concejales subrayaron la importancia de contar con informaci\u00f3n completa y actualizada antes de emitir dict\u00e1menes, y coincidieron en la necesidad de ordenar y unificar los criterios administrativos para ofrecer respuestas m\u00e1s \u00e1giles, equitativas y transparentes a los vecinos.<br \/>\n.<br \/>\nCon el objetivo de aclarar el estado de los expedientes, la comisi\u00f3n convoc\u00f3 al secretario de Obras P\u00fablicas, Arq. Hugo G\u00f3mez, quien asisti\u00f3 junto a Ana Luz Carol, directora de Pol\u00edticas Educativas e Innovaci\u00f3n Tecnol\u00f3gica, y Estela Ruiz D\u00edaz, coordinadora de Gesti\u00f3n y Desarrollo Urbano. Los funcionarios brindaron informaci\u00f3n sobre distintos tr\u00e1mites y se comprometieron a aportar documentaci\u00f3n complementaria solicitada por los ediles.<br \/>\n.<br \/>\nDurante la reuni\u00f3n, los concejales detectaron faltantes de documentaci\u00f3n t\u00e9cnica y respaldos formales en varios casos, lo que impide avanzar en los dict\u00e1menes. Tambi\u00e9n remarcaron que algunos pedidos llevan m\u00e1s de un a\u00f1o sin definici\u00f3n administrativa, y destacaron la necesidad de establecer criterios claros y uniformes de adjudicaci\u00f3n que eviten discrecionalidades y garanticen igualdad de oportunidades para todos los vecinos.<br \/>\n.<br \/>\nAl cierre del encuentro, la comisi\u00f3n reafirm\u00f3 su compromiso con la planificaci\u00f3n y el tratamiento responsable de los expedientes vinculados a tierras fiscales, e insisti\u00f3 en la importancia de fortalecer la coordinaci\u00f3n institucional con el Ejecutivo para brindar respuestas concretas y previsibles a la comunidad.<\/p>\n<p><img loading=\"lazy\" decoding=\"async\" class=\"alignnone size-medium wp-image-58138\" src=\"https:\/\/hablemosclarotdf.com.ar\/wp-content\/uploads\/2025\/11\/photo_2025-11-14_18-42-16-300x225.jpg\" alt=\"\" width=\"300\" height=\"225\" srcset=\"https:\/\/hablemosclarotdf.com.ar\/wp-content\/uploads\/2025\/11\/photo_2025-11-14_18-42-16-300x225.jpg 300w, https:\/\/hablemosclarotdf.com.ar\/wp-content\/uploads\/2025\/11\/photo_2025-11-14_18-42-16-1024x768.jpg 1024w, https:\/\/hablemosclarotdf.com.ar\/wp-content\/uploads\/2025\/11\/photo_2025-11-14_18-42-16-768x576.jpg 768w, https:\/\/hablemosclarotdf.com.ar\/wp-content\/uploads\/2025\/11\/photo_2025-11-14_18-42-16.jpg 1280w\" sizes=\"auto, (max-width: 300px) 100vw, 300px\" \/> <img loading=\"lazy\" decoding=\"async\" class=\"alignnone size-medium wp-image-58139\" src=\"https:\/\/hablemosclarotdf.com.ar\/wp-content\/uploads\/2025\/11\/photo_2025-11-14_18-42-20-300x225.jpg\" alt=\"\" width=\"300\" height=\"225\" srcset=\"https:\/\/hablemosclarotdf.com.ar\/wp-content\/uploads\/2025\/11\/photo_2025-11-14_18-42-20-300x225.jpg 300w, https:\/\/hablemosclarotdf.com.ar\/wp-content\/uploads\/2025\/11\/photo_2025-11-14_18-42-20-1024x768.jpg 1024w, https:\/\/hablemosclarotdf.com.ar\/wp-content\/uploads\/2025\/11\/photo_2025-11-14_18-42-20-768x576.jpg 768w, https:\/\/hablemosclarotdf.com.ar\/wp-content\/uploads\/2025\/11\/photo_2025-11-14_18-42-20.jpg 1280w\" sizes=\"auto, (max-width: 300px) 100vw, 300px\" \/> <img loading=\"lazy\" decoding=\"async\" class=\"alignnone size-medium wp-image-58140\" src=\"https:\/\/hablemosclarotdf.com.ar\/wp-content\/uploads\/2025\/11\/photo_2025-11-14_18-42-25-300x225.jpg\" alt=\"\" width=\"300\" height=\"225\" srcset=\"https:\/\/hablemosclarotdf.com.ar\/wp-content\/uploads\/2025\/11\/photo_2025-11-14_18-42-25-300x225.jpg 300w, https:\/\/hablemosclarotdf.com.ar\/wp-content\/uploads\/2025\/11\/photo_2025-11-14_18-42-25-1024x768.jpg 1024w, https:\/\/hablemosclarotdf.com.ar\/wp-content\/uploads\/2025\/11\/photo_2025-11-14_18-42-25-768x576.jpg 768w, https:\/\/hablemosclarotdf.com.ar\/wp-content\/uploads\/2025\/11\/photo_2025-11-14_18-42-25.jpg 1280w\" sizes=\"auto, (max-width: 300px) 100vw, 300px\" \/> <img loading=\"lazy\" decoding=\"async\" class=\"alignnone size-medium wp-image-58141\" src=\"https:\/\/hablemosclarotdf.com.ar\/wp-content\/uploads\/2025\/11\/photo_2025-11-14_18-42-29-300x225.jpg\" alt=\"\" width=\"300\" height=\"225\" srcset=\"https:\/\/hablemosclarotdf.com.ar\/wp-content\/uploads\/2025\/11\/photo_2025-11-14_18-42-29-300x225.jpg 300w, https:\/\/hablemosclarotdf.com.ar\/wp-content\/uploads\/2025\/11\/photo_2025-11-14_18-42-29-1024x768.jpg 1024w, https:\/\/hablemosclarotdf.com.ar\/wp-content\/uploads\/2025\/11\/photo_2025-11-14_18-42-29-768x576.jpg 768w, https:\/\/hablemosclarotdf.com.ar\/wp-content\/uploads\/2025\/11\/photo_2025-11-14_18-42-29.jpg 1280w\" sizes=\"auto, (max-width: 300px) 100vw, 300px\" \/> <img loading=\"lazy\" decoding=\"async\" class=\"alignnone size-medium wp-image-58142\" src=\"https:\/\/hablemosclarotdf.com.ar\/wp-content\/uploads\/2025\/11\/photo_2025-11-14_18-42-34-300x225.jpg\" alt=\"\" width=\"300\" height=\"225\" srcset=\"https:\/\/hablemosclarotdf.com.ar\/wp-content\/uploads\/2025\/11\/photo_2025-11-14_18-42-34-300x225.jpg 300w, https:\/\/hablemosclarotdf.com.ar\/wp-content\/uploads\/2025\/11\/photo_2025-11-14_18-42-34-1024x768.jpg 1024w, https:\/\/hablemosclarotdf.com.ar\/wp-content\/uploads\/2025\/11\/photo_2025-11-14_18-42-34-768x576.jpg 768w, https:\/\/hablemosclarotdf.com.ar\/wp-content\/uploads\/2025\/11\/photo_2025-11-14_18-42-34.jpg 1280w\" sizes=\"auto, (max-width: 300px) 100vw, 300px\" \/><\/p>\n","protected":false},"excerpt":{"rendered":"<p>TOLHUIN, 14 de noviembre. \u2013 La Comisi\u00f3n N\u00b04 de Legislaci\u00f3n e Interpretaci\u00f3n del Concejo Deliberante&#8230;<\/p>\n","protected":false},"author":1,"featured_media":58137,"comment_status":"closed","ping_status":"closed","sticky":false,"template":"","format":"standard","meta":{"footnotes":""},"categories":[3],"tags":[],"class_list":["post-58136","post","type-post","status-publish","format-standard","has-post-thumbnail","hentry","category-noticias"],"jetpack_featured_media_url":"https:\/\/hablemosclarotdf.com.ar\/wp-content\/uploads\/2025\/11\/photo_2025-11-14_18-42-07.jpg","_links":{"self":[{"href":"https:\/\/hablemosclarotdf.com.ar\/index.php?rest_route=\/wp\/v2\/posts\/58136","targetHints":{"allow":["GET"]}}],"collection":[{"href":"https:\/\/hablemosclarotdf.com.ar\/index.php?rest_route=\/wp\/v2\/posts"}],"about":[{"href":"https:\/\/hablemosclarotdf.com.ar\/index.php?rest_route=\/wp\/v2\/types\/post"}],"author":[{"embeddable":true,"href":"https:\/\/hablemosclarotdf.com.ar\/index.php?rest_route=\/wp\/v2\/users\/1"}],"replies":[{"embeddable":true,"href":"https:\/\/hablemosclarotdf.com.ar\/index.php?rest_route=%2Fwp%2Fv2%2Fcomments&post=58136"}],"version-history":[{"count":1,"href":"https:\/\/hablemosclarotdf.com.ar\/index.php?rest_route=\/wp\/v2\/posts\/58136\/revisions"}],"predecessor-version":[{"id":58143,"href":"https:\/\/hablemosclarotdf.com.ar\/index.php?rest_route=\/wp\/v2\/posts\/58136\/revisions\/58143"}],"wp:featuredmedia":[{"embeddable":true,"href":"https:\/\/hablemosclarotdf.com.ar\/index.php?rest_route=\/wp\/v2\/media\/58137"}],"wp:attachment":[{"href":"https:\/\/hablemosclarotdf.com.ar\/index.php?rest_route=%2Fwp%2Fv2%2Fmedia&parent=58136"}],"wp:term":[{"taxonomy":"category","embeddable":true,"href":"https:\/\/hablemosclarotdf.com.ar\/index.php?rest_route=%2Fwp%2Fv2%2Fcategories&post=58136"},{"taxonomy":"post_tag","embeddable":true,"href":"https:\/\/hablemosclarotdf.com.ar\/index.php?rest_route=%2Fwp%2Fv2%2Ftags&post=58136"}],"curies":[{"name":"wp","href":"https:\/\/api.w.org\/{rel}","templated":true}]}}