{"id":58106,"date":"2025-11-14T17:02:00","date_gmt":"2025-11-14T20:02:00","guid":{"rendered":"https:\/\/hablemosclarotdf.com.ar\/?p=58106"},"modified":"2025-11-14T17:02:00","modified_gmt":"2025-11-14T20:02:00","slug":"se-reprogramo-la-jornada-de-conocimiento-cientifico-y-divulgacion-sobre-el-area-natural-protegida-peninsula-mitre","status":"publish","type":"post","link":"https:\/\/hablemosclarotdf.com.ar\/?p=58106","title":{"rendered":"SE REPROGRAM\u00d3 LA JORNADA DE CONOCIMIENTO CIENT\u00cdFICO Y DIVULGACI\u00d3N SOBRE EL \u00c1REA NATURAL PROTEGIDA PEN\u00cdNSULA MITRE"},"content":{"rendered":"<p>El Ministerio de Producci\u00f3n y Ambiente, informa la reprogramaci\u00f3n de la Jornada de Conocimiento Cient\u00edfico y Divulgaci\u00f3n sobre el \u00c1rea Natural Protegida Pen\u00ednsula Mitre (ANPPM), en el marco del proceso de elaboraci\u00f3n del Plan de Manejo del \u00e1rea.<\/p>\n<p>La iniciativa, denominada \u201cUniendo saberes para su conservaci\u00f3n\u201d, tiene como prop\u00f3sito compartir y difundir conocimientos sobre este territorio \u00fanico, generando un espacio de intercambio interdisciplinario entre la comunidad cient\u00edfica, t\u00e9cnica, educativa y los distintos actores vinculados a la conservaci\u00f3n.<\/p>\n<p>En este contexto, se establecieron nuevas fechas dentro del proceso de planificaci\u00f3n del ANPPM:<\/p>\n<p>&#8211; 15 de diciembre de 2025: fecha l\u00edmite para la presentaci\u00f3n de informes o papers sobre investigaciones desarrolladas en el ANPPM, que formar\u00e1n parte de la etapa de caracterizaci\u00f3n y del repositorio digital.<\/p>\n<p>&#8211; 2 de febrero de 2026: fecha l\u00edmite para la presentaci\u00f3n de res\u00famenes para participar como expositores en la jornada.<\/p>\n<p>&#8211; \u00daltima semana de febrero de 2026: realizaci\u00f3n de la Jornada de Conocimiento y Divulgaci\u00f3n sobre el ANPPM.<\/p>\n<p>De esta forma, la provincia contin\u00faa avanzando en la planificaci\u00f3n del \u00c1rea Natural Protegida Pen\u00ednsula Mitre junto a distintas instituciones del territorio, mediante jornadas de trabajo e instancias de articulaci\u00f3n que buscan integrar saberes y fortalecer la gesti\u00f3n de la conservaci\u00f3n.<\/p>\n<p>M\u00e1s informaci\u00f3n en: https:\/\/prodyambiente.tierradelfuego.gob.ar\/jornada-de-conocimiento-anp-peninsula-mitre\/<\/p>\n<p>Consultas: mitre@humedales.org.ar<\/p>\n","protected":false},"excerpt":{"rendered":"<p>El Ministerio de Producci\u00f3n y Ambiente, informa la reprogramaci\u00f3n de la Jornada de Conocimiento Cient\u00edfico&#8230;<\/p>\n","protected":false},"author":1,"featured_media":58107,"comment_status":"closed","ping_status":"closed","sticky":false,"template":"","format":"standard","meta":{"footnotes":""},"categories":[3],"tags":[],"class_list":["post-58106","post","type-post","status-publish","format-standard","has-post-thumbnail","hentry","category-noticias"],"jetpack_featured_media_url":"https:\/\/hablemosclarotdf.com.ar\/wp-content\/uploads\/2025\/11\/photo_2025-11-14_17-00-51.jpg","_links":{"self":[{"href":"https:\/\/hablemosclarotdf.com.ar\/index.php?rest_route=\/wp\/v2\/posts\/58106","targetHints":{"allow":["GET"]}}],"collection":[{"href":"https:\/\/hablemosclarotdf.com.ar\/index.php?rest_route=\/wp\/v2\/posts"}],"about":[{"href":"https:\/\/hablemosclarotdf.com.ar\/index.php?rest_route=\/wp\/v2\/types\/post"}],"author":[{"embeddable":true,"href":"https:\/\/hablemosclarotdf.com.ar\/index.php?rest_route=\/wp\/v2\/users\/1"}],"replies":[{"embeddable":true,"href":"https:\/\/hablemosclarotdf.com.ar\/index.php?rest_route=%2Fwp%2Fv2%2Fcomments&post=58106"}],"version-history":[{"count":1,"href":"https:\/\/hablemosclarotdf.com.ar\/index.php?rest_route=\/wp\/v2\/posts\/58106\/revisions"}],"predecessor-version":[{"id":58108,"href":"https:\/\/hablemosclarotdf.com.ar\/index.php?rest_route=\/wp\/v2\/posts\/58106\/revisions\/58108"}],"wp:featuredmedia":[{"embeddable":true,"href":"https:\/\/hablemosclarotdf.com.ar\/index.php?rest_route=\/wp\/v2\/media\/58107"}],"wp:attachment":[{"href":"https:\/\/hablemosclarotdf.com.ar\/index.php?rest_route=%2Fwp%2Fv2%2Fmedia&parent=58106"}],"wp:term":[{"taxonomy":"category","embeddable":true,"href":"https:\/\/hablemosclarotdf.com.ar\/index.php?rest_route=%2Fwp%2Fv2%2Fcategories&post=58106"},{"taxonomy":"post_tag","embeddable":true,"href":"https:\/\/hablemosclarotdf.com.ar\/index.php?rest_route=%2Fwp%2Fv2%2Ftags&post=58106"}],"curies":[{"name":"wp","href":"https:\/\/api.w.org\/{rel}","templated":true}]}}