{"id":58103,"date":"2025-11-14T16:59:50","date_gmt":"2025-11-14T19:59:50","guid":{"rendered":"https:\/\/hablemosclarotdf.com.ar\/?p=58103"},"modified":"2025-11-14T16:59:50","modified_gmt":"2025-11-14T19:59:50","slug":"agenda-de-actividades-fin-de-semana-2","status":"publish","type":"post","link":"https:\/\/hablemosclarotdf.com.ar\/?p=58103","title":{"rendered":"\u00a1Agenda de Actividades \u2013 Fin de Semana!"},"content":{"rendered":"<p>\ud83d\udcc5 VIERNES 14 DE NOVIEMBRE<\/p>\n<p>\ud83d\udccd R\u00cdO GRANDE<\/p>\n<p>\u2022\ud83d\udcda8\u00b0 Congreso Internacional de Educaci\u00f3n e Inclusi\u00f3n 2025 \u201cCamino hacia la Transformaci\u00f3n Educativa\u201d<br \/>\n8 a 21 h | Gimnasio IMA &#8211; Polivalente &#8211; Escuela N\u00b02<\/p>\n<p>\u2022\ud83c\udfe5Charla &#8220;Cuidado de la salud en pacientes con patolog\u00edas de Diabetes&#8221;<br \/>\n10 a 21 h | Departamento de Personas Mayores (Guayaquil 376)<\/p>\n<p>\u2022\ud83c\udfe5Charla &#8220;Prevenci\u00f3n y alimentaci\u00f3n saludable en pacientes con patolog\u00edas de Diabetes&#8221;. Revisi\u00f3n de Pie Diab\u00e9tico.<br \/>\n13 a 15 | CAPS N\u00b06 (Padre Mu\u00f1oz 116)<\/p>\n<p>\u2022\ud83c\udfe5Charla \u201cDiabetes y cuidados generales: vacunaci\u00f3n, alimentaci\u00f3n, pie diab\u00e9tico y pautas de prevenci\u00f3n\u201d<br \/>\n14h | CAPS N\u00b02 (9 de julio 1249)<\/p>\n<p>\u2022\ud83e\udd31 Charla de Preparto y Parto<br \/>\n14h | SUM Hospital Regional RG<\/p>\n<p>\u2022\ud83c\udfe5 Taller \u201cEncuentros para compartir saberes sobre enfermedades cr\u00f3nicas\u201d.<br \/>\n15h | Sum Patagonia (Patagonia 498)<\/p>\n<p>\u2022\ud83c\udfe5 Stand de prevenci\u00f3n de diabetes y sus cuidados.<br \/>\n16 a 18 h | Supermercado Carrefour (Per\u00fa 76)<\/p>\n<p>\u2022\ud83c\udfadMuestra anual &#8220;Talleres de M\u00fasica y Artes visuales&#8221;<br \/>\n16 a 21 h | Centro Cultural Yaganes<\/p>\n<p>\ud83d\udccdTOLHUIN<\/p>\n<p>\u2022\ud83d\udcda8\u00b0 Congreso Internacional de Educaci\u00f3n e Inclusi\u00f3n 2025 \u201cCamino hacia la Transformaci\u00f3n Educativa\u201d<br \/>\n8 a 21 h | Casa del Deporte<\/p>\n<p>\u2022\ud83c\udfe5Stand informativo con asesoramiento sobre alimentaci\u00f3n saludable y factores de riesgo.<br \/>\nAdem\u00e1s, controles de presi\u00f3n arterial y glucemia.<br \/>\n8:30 a 12:30h &#8211; 14 a 17:30h | CAT<\/p>\n<p>\u2022\ud83d\udccaCapacitaci\u00f3n: Conect\u00e1ndonos \u201cMonotributo para Emprendedores\u201d.<br \/>\n13 a 15 h | Pedro Oliva 880.<\/p>\n<p>\ud83d\udccd USHUAIA<\/p>\n<p>\u2022\ud83d\udcda8\u00b0 Congreso Internacional de Educaci\u00f3n e Inclusi\u00f3n 2025 \u201cCamino hacia la Transformaci\u00f3n Educativa\u201d<br \/>\n8 a 21 h | Casa del Deporte &#8211; Gimnasio Polivalente &#8211; Escuela N\u00b013<\/p>\n<p>\u2022\ud83c\udf31 Huerta en tu CAPS<br \/>\n14 a 16 h | CAPS 5 (Independencia 1089)<\/p>\n<p>\u2022\u270d\ufe0f Taller de escritura para adolescentes<br \/>\n14 a 16 h | CAPS 1 (Facundo Quiroga 2633)<\/p>\n<p>\u2022\ud83e\udde9 Juegoteca Isla de Juegos<br \/>\n15 h | CAPS 3 (Gob. Valdez 894)<br \/>\nInscripci\u00f3n: 2901-618481<\/p>\n<p>\u2022\ud83e\udec2 Grupo de reflexi\u00f3n familiar<br \/>\n18 h | CAPS Ushuaia (Rubinos 153)<\/p>\n<p>\ud83d\udcc5 S\u00c1BADO 15 DE NOVIEMBRE<\/p>\n<p>\u2022\ud83d\udcda8\u00b0 Congreso Internacional de Educaci\u00f3n e Inclusi\u00f3n 2025 \u201cCamino hacia la Transformaci\u00f3n Educativa\u201d<br \/>\nVirtual | Canal de Youtube @gobiernodetierradelfugo<\/p>\n<p>\ud83d\udccdR\u00cdO GRANDE<\/p>\n<p>\u2022\ud83e\udd3e\u200d\u2640\ufe0f Handball: RG vs USH Femenino<br \/>\n11h | Gimnasio Integrador<\/p>\n<p>\u2022\ud83d\udecdFeriantes del Fin del mundo<br \/>\n12 a 20 h | Colegio Provincial Piedrabuena (Colon 751)<\/p>\n<p>\u2022\ud83e\udd3e\ud83c\udffbHandball: RG vs USH Masculino<br \/>\n13h | Gimnasio Integrador<\/p>\n<p>\u2022\ud83c\udfbc Concierto de fin de a\u00f1o: Tierra Sonora<br \/>\n15:30 h | Gimnasio Colegio Mar\u00eda Auxiliadora<\/p>\n<p>\u2022\ud83c\udfebActo de finalizaci\u00f3n:Yo Si Puedo<br \/>\n16 h | IPRA<\/p>\n<p>\u2022\ud83c\udfdb\ufe0fNoche de los Museos y espacios culturales<br \/>\n19 a 23 h | Museo Fueguino de Arte Nin\u00ed Bernardello<\/p>\n<p>\ud83d\udccdTOLHUIN<\/p>\n<p>\u2022\ud83c\udff8B\u00e1dminton: Juveniles<br \/>\n10 a 13:30 h | Casa del Deporte<\/p>\n<p>\u2022\ud83c\udfc0Mini Basquet: Encuentro provincial<br \/>\n10 a 14 h | Colegio Trejo Noel<\/p>\n<p>\u2022\ud83c\udfdb\ufe0fNoche de los Museos y espacios culturales<br \/>\n19 a 22h | Museo Historico Kami<\/p>\n<p>\ud83d\udccd USHUAIA<\/p>\n<p>\u2022\ud83c\udfe5 Campa\u00f1a de mamograf\u00eda<br \/>\n9 a 17 h | Hospital Regional Ushuaia<\/p>\n<p>\u2022\ud83c\udfd0Voley: Concentraci\u00f3n selecci\u00f3n masculina (sub 18)<br \/>\n10 a 20:30h | Casa del Deporte<\/p>\n<p>\u2022\ud83d\udc5fCaminata por el D\u00eda Mundial de la Diabetes.<br \/>\n11h | Glorieta del Paseo de las Rosas<\/p>\n<p>\u2022\ud83c\udfe5Taller Filo-Pizza: Espacio para adolescentes<br \/>\n19:30 a 22:30 h | Punto A (R\u00edo Grande 37)<\/p>\n<p>\u2022\ud83c\udfdb\ufe0fNoche de los Museos y espacios culturales<br \/>\n19 a 23h | Antigua Casa de Gobierno (Maip\u00fa 465) \/ Sede Fundaci\u00f3n (Maip\u00fa 173)<\/p>\n<p>\ud83d\udcc5DOMINGO 16 DE NOVIEMBRE<\/p>\n<p>\ud83d\udccdR\u00cdO GRANDE<\/p>\n<p>\u2022\ud83d\udecdFeriantes del Fin del mundo<br \/>\n12 a 20 h | Colegio Provincial Piedrabuena (Colon 751)<\/p>\n<p>\ud83d\udccd USHUAIA<\/p>\n<p>\u2022\ud83c\udfe5 Campa\u00f1a de mamograf\u00eda<br \/>\n9 a 17 h | Hospital Regional Ushuaia<\/p>\n","protected":false},"excerpt":{"rendered":"<p>\ud83d\udcc5 VIERNES 14 DE NOVIEMBRE \ud83d\udccd R\u00cdO GRANDE \u2022\ud83d\udcda8\u00b0 Congreso Internacional de Educaci\u00f3n e Inclusi\u00f3n&#8230;<\/p>\n","protected":false},"author":1,"featured_media":58104,"comment_status":"closed","ping_status":"closed","sticky":false,"template":"","format":"standard","meta":{"footnotes":""},"categories":[3],"tags":[],"class_list":["post-58103","post","type-post","status-publish","format-standard","has-post-thumbnail","hentry","category-noticias"],"jetpack_featured_media_url":"https:\/\/hablemosclarotdf.com.ar\/wp-content\/uploads\/2025\/11\/photo_2025-11-14_16-59-15.jpg","_links":{"self":[{"href":"https:\/\/hablemosclarotdf.com.ar\/index.php?rest_route=\/wp\/v2\/posts\/58103","targetHints":{"allow":["GET"]}}],"collection":[{"href":"https:\/\/hablemosclarotdf.com.ar\/index.php?rest_route=\/wp\/v2\/posts"}],"about":[{"href":"https:\/\/hablemosclarotdf.com.ar\/index.php?rest_route=\/wp\/v2\/types\/post"}],"author":[{"embeddable":true,"href":"https:\/\/hablemosclarotdf.com.ar\/index.php?rest_route=\/wp\/v2\/users\/1"}],"replies":[{"embeddable":true,"href":"https:\/\/hablemosclarotdf.com.ar\/index.php?rest_route=%2Fwp%2Fv2%2Fcomments&post=58103"}],"version-history":[{"count":1,"href":"https:\/\/hablemosclarotdf.com.ar\/index.php?rest_route=\/wp\/v2\/posts\/58103\/revisions"}],"predecessor-version":[{"id":58105,"href":"https:\/\/hablemosclarotdf.com.ar\/index.php?rest_route=\/wp\/v2\/posts\/58103\/revisions\/58105"}],"wp:featuredmedia":[{"embeddable":true,"href":"https:\/\/hablemosclarotdf.com.ar\/index.php?rest_route=\/wp\/v2\/media\/58104"}],"wp:attachment":[{"href":"https:\/\/hablemosclarotdf.com.ar\/index.php?rest_route=%2Fwp%2Fv2%2Fmedia&parent=58103"}],"wp:term":[{"taxonomy":"category","embeddable":true,"href":"https:\/\/hablemosclarotdf.com.ar\/index.php?rest_route=%2Fwp%2Fv2%2Fcategories&post=58103"},{"taxonomy":"post_tag","embeddable":true,"href":"https:\/\/hablemosclarotdf.com.ar\/index.php?rest_route=%2Fwp%2Fv2%2Ftags&post=58103"}],"curies":[{"name":"wp","href":"https:\/\/api.w.org\/{rel}","templated":true}]}}