{"id":58099,"date":"2025-11-14T16:57:48","date_gmt":"2025-11-14T19:57:48","guid":{"rendered":"https:\/\/hablemosclarotdf.com.ar\/?p=58099"},"modified":"2025-11-14T16:57:48","modified_gmt":"2025-11-14T19:57:48","slug":"flybondi-y-el-infuetur-anuncian-20-de-descuento-en-vuelos-desde-hacia-cordoba-y-buenos-aires-para-residentes-y-turistas","status":"publish","type":"post","link":"https:\/\/hablemosclarotdf.com.ar\/?p=58099","title":{"rendered":"FLYBONDI Y EL INFUETUR ANUNCIAN 20% DE DESCUENTO EN VUELOS DESDE\/HACIA CORDOBA Y BUENOS AIRES PARA RESIDENTES Y TURISTAS"},"content":{"rendered":"<p>El presidente del Instituto Fueguino de Turismo, Dante Querciali, destac\u00f3 el c\u00f3digo promocional anunciado por la Aerol\u00ednea Flybondi, el cual tendr\u00e1 validez para viajar desde y hacia las ciudades de C\u00f3rdoba y Buenos Aires, potenciando la conectividad de Tierra del Fuego con los principales destinos del pa\u00eds.<\/p>\n<p>Esta acci\u00f3n tiene vinculaci\u00f3n con los anuncios realizados en el marco de la Feria Internacional de Turismo (FIT), donde el titular del ente de turismo provincial junto a la vicegobernadora M\u00f3nica Urquiza dialogaron con las autoridades de la aerol\u00ednea, donde se inform\u00f3 la novedad de la conexi\u00f3n Ushuaia \u2013 C\u00f3rdoba y planificando acciones para la temporada de verano que fortalezcan la llegada de visitantes al destino Fin del Mundo.<\/p>\n<p>De esta manera, se activ\u00f3 el c\u00f3digo promocional FLYUSHUAIA para utilizarse en compras que se realicen a trav\u00e9s del sitio web de la aerol\u00ednea, por lo que los viajeros podr\u00e1n adquirir un 20 % de descuento en pasajes para vuelos desde Ushuaia hacia Buenos Aires y C\u00f3rdoba y viceversa \u201cel c\u00f3digo se ingresa antes de finalizar la compra y se extender\u00e1 hasta el 8 de diciembre\u201d, precisaron desde la aerol\u00ednea.<\/p>\n<p>\u201cVale aclarar que si bien la fecha de emision de pasajes con el codigo promocional es hasta el 8 de diciembre, los mismos podr\u00e1n ser utilizados para vuelos posteriores a esa fecha, es decir el mes de enero, febrero o cuando lo desee. Es una muy buena propuesta para tenerla en cuenta a la hora de planificar sus vacaciones\u201d indic\u00f3 Querciali.<\/p>\n<p>\u201cEs muy valorable que Flybondi siga apostando a fortalecer la conexi\u00f3n con la provincia y continuaremos trabajando en conjunto para potenciar el turismo y brindar posibilidades a los visitantes que quieran conocer el Fin del Mundo, y principalmente que los residentes locales disfrutar de estos beneficios. Tambi\u00e9n sabemos que hay muchos estudiantes cursando sus estudios tanto en C\u00f3rdoba como en Buenos Aires y que junto a sus familias planean su regreso para disfrutar sus vacaciones de verano en la provincia y las fiestas\u201d, agreg\u00f3.<\/p>\n<p>El titular del Instituto hizo hincapi\u00e9 en la importancia de la nueva ruta Ushuaia\u2013C\u00f3rdoba, siendo su vuelo inaugural el pr\u00f3ximo 10 de diciembre y el incremento de las frecuencias entre diciembre y marzo de las dos rutas actualmente operativas desde Buenos Aires y El Calafate.<\/p>\n<p><img loading=\"lazy\" decoding=\"async\" class=\"alignnone size-medium wp-image-58101\" src=\"https:\/\/hablemosclarotdf.com.ar\/wp-content\/uploads\/2025\/11\/photo_2025-11-14_16-56-48-300x199.jpg\" alt=\"\" width=\"300\" height=\"199\" srcset=\"https:\/\/hablemosclarotdf.com.ar\/wp-content\/uploads\/2025\/11\/photo_2025-11-14_16-56-48-300x199.jpg 300w, https:\/\/hablemosclarotdf.com.ar\/wp-content\/uploads\/2025\/11\/photo_2025-11-14_16-56-48-1024x681.jpg 1024w, https:\/\/hablemosclarotdf.com.ar\/wp-content\/uploads\/2025\/11\/photo_2025-11-14_16-56-48-768x511.jpg 768w, https:\/\/hablemosclarotdf.com.ar\/wp-content\/uploads\/2025\/11\/photo_2025-11-14_16-56-48.jpg 1280w\" sizes=\"auto, (max-width: 300px) 100vw, 300px\" \/><\/p>\n","protected":false},"excerpt":{"rendered":"<p>El presidente del Instituto Fueguino de Turismo, Dante Querciali, destac\u00f3 el c\u00f3digo promocional anunciado por&#8230;<\/p>\n","protected":false},"author":1,"featured_media":58100,"comment_status":"closed","ping_status":"closed","sticky":false,"template":"","format":"standard","meta":{"footnotes":""},"categories":[3],"tags":[],"class_list":["post-58099","post","type-post","status-publish","format-standard","has-post-thumbnail","hentry","category-noticias"],"jetpack_featured_media_url":"https:\/\/hablemosclarotdf.com.ar\/wp-content\/uploads\/2025\/11\/photo_2025-11-14_16-56-43.jpg","_links":{"self":[{"href":"https:\/\/hablemosclarotdf.com.ar\/index.php?rest_route=\/wp\/v2\/posts\/58099","targetHints":{"allow":["GET"]}}],"collection":[{"href":"https:\/\/hablemosclarotdf.com.ar\/index.php?rest_route=\/wp\/v2\/posts"}],"about":[{"href":"https:\/\/hablemosclarotdf.com.ar\/index.php?rest_route=\/wp\/v2\/types\/post"}],"author":[{"embeddable":true,"href":"https:\/\/hablemosclarotdf.com.ar\/index.php?rest_route=\/wp\/v2\/users\/1"}],"replies":[{"embeddable":true,"href":"https:\/\/hablemosclarotdf.com.ar\/index.php?rest_route=%2Fwp%2Fv2%2Fcomments&post=58099"}],"version-history":[{"count":1,"href":"https:\/\/hablemosclarotdf.com.ar\/index.php?rest_route=\/wp\/v2\/posts\/58099\/revisions"}],"predecessor-version":[{"id":58102,"href":"https:\/\/hablemosclarotdf.com.ar\/index.php?rest_route=\/wp\/v2\/posts\/58099\/revisions\/58102"}],"wp:featuredmedia":[{"embeddable":true,"href":"https:\/\/hablemosclarotdf.com.ar\/index.php?rest_route=\/wp\/v2\/media\/58100"}],"wp:attachment":[{"href":"https:\/\/hablemosclarotdf.com.ar\/index.php?rest_route=%2Fwp%2Fv2%2Fmedia&parent=58099"}],"wp:term":[{"taxonomy":"category","embeddable":true,"href":"https:\/\/hablemosclarotdf.com.ar\/index.php?rest_route=%2Fwp%2Fv2%2Fcategories&post=58099"},{"taxonomy":"post_tag","embeddable":true,"href":"https:\/\/hablemosclarotdf.com.ar\/index.php?rest_route=%2Fwp%2Fv2%2Ftags&post=58099"}],"curies":[{"name":"wp","href":"https:\/\/api.w.org\/{rel}","templated":true}]}}