{"id":58080,"date":"2025-11-14T16:40:38","date_gmt":"2025-11-14T19:40:38","guid":{"rendered":"https:\/\/hablemosclarotdf.com.ar\/?p=58080"},"modified":"2025-11-14T16:40:38","modified_gmt":"2025-11-14T19:40:38","slug":"ushuaia-el-municipio-realizara-la-charla-virtual-dia-de-la-soberania","status":"publish","type":"post","link":"https:\/\/hablemosclarotdf.com.ar\/?p=58080","title":{"rendered":"USHUAIA : EL MUNICIPIO  REALIZAR\u00c1 LA CHARLA VIRTUAL \u201cD\u00cdA DE LA SOBERAN\u00cdA\u201d"},"content":{"rendered":"<p>Junto al Centro de Excombatientes de Malvinas<\/p>\n<p>En el marco de las actividades conmemorativas del D\u00eda de la Soberan\u00eda Nacional el mi\u00e9rcoles 19 de noviembre se realizar\u00e1 la charla virtual \u201cD\u00eda de la Soberan\u00eda\u201d, organizada por la Municipalidad de Ushuaia a trav\u00e9s de la Secretar\u00eda de Asuntos Malvinas y de la Subsecretaria de Gesti\u00f3n Integral del Recurso Humano, y por el Centro de Excombatientes de Malvinas en Ushuaia.<br \/>\nLa actividad, que se desarrollar\u00e1 desde la sede del Centro de Excombatiente y se extender\u00e1 de 14 a 16, tendr\u00e1 como expositores al docente, periodista y escritor Jorge Giles, director y fundador del Museo Nacional Malvinas; a Nahuel Arscone, concejal de la localidad mendocina de San Rafael; y a Guillermo Huircap\u00e1n, excombatiente y recientemente ascendido al grado de subteniente de Ej\u00e9rcito del RI 25.<br \/>\nLas inscripciones se realizan a trav\u00e9s del link https:\/\/www.ushuaia.gob.ar\/capacitacion, el enlace del zoom es https:\/\/us02web.zoom.us\/j\/84823786104, y el ID de reuni\u00f3n es 848 2378 6104.<\/p>\n<p>Municipalidad de ushuaia (https:\/\/www.ushuaia.gob.ar\/capacitacion)<br \/>\nDpt. de desarrollo y tecnolog\u00edas web<br \/>\nSitio oficial de la Municipalidad de Ushuaia &#8211; Tierra del Fuego, Ant\u00e1rtida e Islas del Atl\u00e1ntico Sur &#8211; Argentina.<\/p>\n","protected":false},"excerpt":{"rendered":"<p>Junto al Centro de Excombatientes de Malvinas En el marco de las actividades conmemorativas del&#8230;<\/p>\n","protected":false},"author":1,"featured_media":58081,"comment_status":"closed","ping_status":"closed","sticky":false,"template":"","format":"standard","meta":{"footnotes":""},"categories":[3],"tags":[],"class_list":["post-58080","post","type-post","status-publish","format-standard","has-post-thumbnail","hentry","category-noticias"],"jetpack_featured_media_url":"https:\/\/hablemosclarotdf.com.ar\/wp-content\/uploads\/2025\/11\/photo_2025-11-14_16-39-54.jpg","_links":{"self":[{"href":"https:\/\/hablemosclarotdf.com.ar\/index.php?rest_route=\/wp\/v2\/posts\/58080","targetHints":{"allow":["GET"]}}],"collection":[{"href":"https:\/\/hablemosclarotdf.com.ar\/index.php?rest_route=\/wp\/v2\/posts"}],"about":[{"href":"https:\/\/hablemosclarotdf.com.ar\/index.php?rest_route=\/wp\/v2\/types\/post"}],"author":[{"embeddable":true,"href":"https:\/\/hablemosclarotdf.com.ar\/index.php?rest_route=\/wp\/v2\/users\/1"}],"replies":[{"embeddable":true,"href":"https:\/\/hablemosclarotdf.com.ar\/index.php?rest_route=%2Fwp%2Fv2%2Fcomments&post=58080"}],"version-history":[{"count":1,"href":"https:\/\/hablemosclarotdf.com.ar\/index.php?rest_route=\/wp\/v2\/posts\/58080\/revisions"}],"predecessor-version":[{"id":58082,"href":"https:\/\/hablemosclarotdf.com.ar\/index.php?rest_route=\/wp\/v2\/posts\/58080\/revisions\/58082"}],"wp:featuredmedia":[{"embeddable":true,"href":"https:\/\/hablemosclarotdf.com.ar\/index.php?rest_route=\/wp\/v2\/media\/58081"}],"wp:attachment":[{"href":"https:\/\/hablemosclarotdf.com.ar\/index.php?rest_route=%2Fwp%2Fv2%2Fmedia&parent=58080"}],"wp:term":[{"taxonomy":"category","embeddable":true,"href":"https:\/\/hablemosclarotdf.com.ar\/index.php?rest_route=%2Fwp%2Fv2%2Fcategories&post=58080"},{"taxonomy":"post_tag","embeddable":true,"href":"https:\/\/hablemosclarotdf.com.ar\/index.php?rest_route=%2Fwp%2Fv2%2Ftags&post=58080"}],"curies":[{"name":"wp","href":"https:\/\/api.w.org\/{rel}","templated":true}]}}