{"id":58053,"date":"2025-11-14T11:12:43","date_gmt":"2025-11-14T14:12:43","guid":{"rendered":"https:\/\/hablemosclarotdf.com.ar\/?p=58053"},"modified":"2025-11-14T11:12:43","modified_gmt":"2025-11-14T14:12:43","slug":"rio-grande-educacion-tecnologica-mas-de-2000-vecinos-se-formaron-este-ano-en-la-academia-de-artes-y-oficios-digitales-de-nuestra-ciudad","status":"publish","type":"post","link":"https:\/\/hablemosclarotdf.com.ar\/?p=58053","title":{"rendered":"RIO GRANDE : EDUCACI\u00d3N TECNOLOGICA: M\u00c1S DE 2000 VECINOS SE FORMARON ESTE A\u00d1O EN LA ACADEMIA DE ARTES Y OFICIOS DIGITALES DE NUESTRA CIUDAD"},"content":{"rendered":"<p>Vecinos y vecinas participaron durante el 2025 en las propuestas de formaci\u00f3n digital y tecnol\u00f3gica que se dictan en el Espacio Tecnol\u00f3gico y en el Centro de Formaci\u00f3n Laboral y Tecnol\u00f3gica. A trav\u00e9s de ambos espacios, Rio Grande se consolida como una ciudad con un futuro prometedor en el \u00e1mbito tecnol\u00f3gico y digital, apostando a la educaci\u00f3n y la innovaci\u00f3n para el desarrollo.<\/p>\n<p>El modelo de gesti\u00f3n del intendente Mart\u00edn Perez pone a la innovaci\u00f3n p\u00fablica como uno de sus ejes centrales, generando oportunidades en la econom\u00eda del conocimiento mediante la inclusi\u00f3n y de la formaci\u00f3n digital.<\/p>\n<p>En tal marco, a lo largo del a\u00f1o m\u00e1s de 2000 vecinos y vecinas se capacitaron en el Espacio Tecnol\u00f3gico y el Centro de Formaci\u00f3n Laboral y Tecnol\u00f3gica, accediendo a herramientas digitales, tecnol\u00f3gicas y conocimientos en \u00e1reas como la rob\u00f3tica, el dise\u00f1o, inteligencia artificial y la programaci\u00f3n, entre otras herramientas claves para la vinculaci\u00f3n con el mundo digital.<\/p>\n<p>El Espacio cuenta adem\u00e1s con un \u00e1rea destinada para el Coworking, en la que emprendedores, profesionales, independientes y estudiantes pueden desarrollar sus proyectos, estudiar o preparar sus ex\u00e1menes.<\/p>\n<p>Tambi\u00e9n se realiza un trabajo integral con instituciones educativas, que acceden a experiencias inmersivas como Pisar Malvinas, participan de talleres de rob\u00f3tica y programaci\u00f3n, utilizan herramientas de dise\u00f1o y dibujo digital, realizan actividades de impresi\u00f3n 3D o aprenden sobre comunicaci\u00f3n digital a trav\u00e9s de los talleres de streaming.<\/p>\n<p>En la misma l\u00ednea, el Municipio sostiene la red de Nodos de Inclusi\u00f3n Tecnol\u00f3gica, pol\u00edtica que busca reducir la brecha digital y garantizar el libre acceso a la tecnolog\u00eda y la conectividad.<\/p>\n<p>La visi\u00f3n de estos espacios refleja el compromiso del Municipio con la sensibilizaci\u00f3n y la inclusi\u00f3n digital desde la infancia, buscando despertar inter\u00e9s y desarrollar habilidades en el \u00e1mbito digital y tecnol\u00f3gico. Asimismo, busca que j\u00f3venes y adultos encuentren en la tecnolog\u00eda un camino para generarse oportunidades, proyectar su futuro laboral y fortalecer el emprendedurismo local.<\/p>\n<p>Al respecto, la directora de Promoci\u00f3n de Econom\u00eda del Conocimiento, Andrea Artigues destac\u00f3 que &#8220;con el dictado de los talleres y espacios de formaci\u00f3n destinados a la comunidad buscamos fortalecer la inclusi\u00f3n digital y tecnol\u00f3gica, apostando a la educaci\u00f3n digital como herramienta del presente y del futuro&#8221;.<\/p>\n<p>De esta manera, se materializa la determinaci\u00f3n y decisi\u00f3n pol\u00edtica del Municipio de R\u00edo Grande en la definici\u00f3n de un camino hacia la expansi\u00f3n y diversificaci\u00f3n de la industria del conocimiento, la Soberan\u00eda y la Educaci\u00f3n Tecnol\u00f3gica en la ciudad.<\/p>\n<p><img loading=\"lazy\" decoding=\"async\" class=\"alignnone size-medium wp-image-58055\" src=\"https:\/\/hablemosclarotdf.com.ar\/wp-content\/uploads\/2025\/11\/photo_2025-11-14_11-11-13-300x200.jpg\" alt=\"\" width=\"300\" height=\"200\" srcset=\"https:\/\/hablemosclarotdf.com.ar\/wp-content\/uploads\/2025\/11\/photo_2025-11-14_11-11-13-300x200.jpg 300w, https:\/\/hablemosclarotdf.com.ar\/wp-content\/uploads\/2025\/11\/photo_2025-11-14_11-11-13-1024x682.jpg 1024w, https:\/\/hablemosclarotdf.com.ar\/wp-content\/uploads\/2025\/11\/photo_2025-11-14_11-11-13-768x512.jpg 768w, https:\/\/hablemosclarotdf.com.ar\/wp-content\/uploads\/2025\/11\/photo_2025-11-14_11-11-13.jpg 1280w\" sizes=\"auto, (max-width: 300px) 100vw, 300px\" \/> <img loading=\"lazy\" decoding=\"async\" class=\"alignnone size-medium wp-image-58056\" src=\"https:\/\/hablemosclarotdf.com.ar\/wp-content\/uploads\/2025\/11\/photo_2025-11-14_11-11-17-300x200.jpg\" alt=\"\" width=\"300\" height=\"200\" srcset=\"https:\/\/hablemosclarotdf.com.ar\/wp-content\/uploads\/2025\/11\/photo_2025-11-14_11-11-17-300x200.jpg 300w, https:\/\/hablemosclarotdf.com.ar\/wp-content\/uploads\/2025\/11\/photo_2025-11-14_11-11-17-1024x682.jpg 1024w, https:\/\/hablemosclarotdf.com.ar\/wp-content\/uploads\/2025\/11\/photo_2025-11-14_11-11-17-768x512.jpg 768w, https:\/\/hablemosclarotdf.com.ar\/wp-content\/uploads\/2025\/11\/photo_2025-11-14_11-11-17.jpg 1280w\" sizes=\"auto, (max-width: 300px) 100vw, 300px\" \/> <img loading=\"lazy\" decoding=\"async\" class=\"alignnone size-medium wp-image-58057\" src=\"https:\/\/hablemosclarotdf.com.ar\/wp-content\/uploads\/2025\/11\/photo_2025-11-14_11-11-22-300x200.jpg\" alt=\"\" width=\"300\" height=\"200\" srcset=\"https:\/\/hablemosclarotdf.com.ar\/wp-content\/uploads\/2025\/11\/photo_2025-11-14_11-11-22-300x200.jpg 300w, https:\/\/hablemosclarotdf.com.ar\/wp-content\/uploads\/2025\/11\/photo_2025-11-14_11-11-22-1024x682.jpg 1024w, https:\/\/hablemosclarotdf.com.ar\/wp-content\/uploads\/2025\/11\/photo_2025-11-14_11-11-22-768x512.jpg 768w, https:\/\/hablemosclarotdf.com.ar\/wp-content\/uploads\/2025\/11\/photo_2025-11-14_11-11-22.jpg 1280w\" sizes=\"auto, (max-width: 300px) 100vw, 300px\" \/> <img loading=\"lazy\" decoding=\"async\" class=\"alignnone size-medium wp-image-58058\" src=\"https:\/\/hablemosclarotdf.com.ar\/wp-content\/uploads\/2025\/11\/photo_2025-11-14_11-11-26-300x225.jpg\" alt=\"\" width=\"300\" height=\"225\" srcset=\"https:\/\/hablemosclarotdf.com.ar\/wp-content\/uploads\/2025\/11\/photo_2025-11-14_11-11-26-300x225.jpg 300w, https:\/\/hablemosclarotdf.com.ar\/wp-content\/uploads\/2025\/11\/photo_2025-11-14_11-11-26-1024x768.jpg 1024w, https:\/\/hablemosclarotdf.com.ar\/wp-content\/uploads\/2025\/11\/photo_2025-11-14_11-11-26-768x576.jpg 768w, https:\/\/hablemosclarotdf.com.ar\/wp-content\/uploads\/2025\/11\/photo_2025-11-14_11-11-26.jpg 1280w\" sizes=\"auto, (max-width: 300px) 100vw, 300px\" \/><\/p>\n","protected":false},"excerpt":{"rendered":"<p>Vecinos y vecinas participaron durante el 2025 en las propuestas de formaci\u00f3n digital y tecnol\u00f3gica&#8230;<\/p>\n","protected":false},"author":1,"featured_media":58054,"comment_status":"closed","ping_status":"closed","sticky":false,"template":"","format":"standard","meta":{"footnotes":""},"categories":[3],"tags":[],"class_list":["post-58053","post","type-post","status-publish","format-standard","has-post-thumbnail","hentry","category-noticias"],"jetpack_featured_media_url":"https:\/\/hablemosclarotdf.com.ar\/wp-content\/uploads\/2025\/11\/photo_2025-11-14_11-11-03.jpg","_links":{"self":[{"href":"https:\/\/hablemosclarotdf.com.ar\/index.php?rest_route=\/wp\/v2\/posts\/58053","targetHints":{"allow":["GET"]}}],"collection":[{"href":"https:\/\/hablemosclarotdf.com.ar\/index.php?rest_route=\/wp\/v2\/posts"}],"about":[{"href":"https:\/\/hablemosclarotdf.com.ar\/index.php?rest_route=\/wp\/v2\/types\/post"}],"author":[{"embeddable":true,"href":"https:\/\/hablemosclarotdf.com.ar\/index.php?rest_route=\/wp\/v2\/users\/1"}],"replies":[{"embeddable":true,"href":"https:\/\/hablemosclarotdf.com.ar\/index.php?rest_route=%2Fwp%2Fv2%2Fcomments&post=58053"}],"version-history":[{"count":1,"href":"https:\/\/hablemosclarotdf.com.ar\/index.php?rest_route=\/wp\/v2\/posts\/58053\/revisions"}],"predecessor-version":[{"id":58059,"href":"https:\/\/hablemosclarotdf.com.ar\/index.php?rest_route=\/wp\/v2\/posts\/58053\/revisions\/58059"}],"wp:featuredmedia":[{"embeddable":true,"href":"https:\/\/hablemosclarotdf.com.ar\/index.php?rest_route=\/wp\/v2\/media\/58054"}],"wp:attachment":[{"href":"https:\/\/hablemosclarotdf.com.ar\/index.php?rest_route=%2Fwp%2Fv2%2Fmedia&parent=58053"}],"wp:term":[{"taxonomy":"category","embeddable":true,"href":"https:\/\/hablemosclarotdf.com.ar\/index.php?rest_route=%2Fwp%2Fv2%2Fcategories&post=58053"},{"taxonomy":"post_tag","embeddable":true,"href":"https:\/\/hablemosclarotdf.com.ar\/index.php?rest_route=%2Fwp%2Fv2%2Ftags&post=58053"}],"curies":[{"name":"wp","href":"https:\/\/api.w.org\/{rel}","templated":true}]}}