{"id":58003,"date":"2025-11-13T19:27:57","date_gmt":"2025-11-13T22:27:57","guid":{"rendered":"https:\/\/hablemosclarotdf.com.ar\/?p=58003"},"modified":"2025-11-13T19:27:57","modified_gmt":"2025-11-13T22:27:57","slug":"inicio-el-8-congreso-internacional-de-educacion-e-inclusion-con-enfoque-en-salud-mental-y-diversidad-en-las-aulas","status":"publish","type":"post","link":"https:\/\/hablemosclarotdf.com.ar\/?p=58003","title":{"rendered":"INICI\u00d3 EL 8\u00b0 CONGRESO INTERNACIONAL DE EDUCACI\u00d3N E INCLUSI\u00d3N CON ENFOQUE EN SALUD MENTAL Y DIVERSIDAD EN LAS AULAS"},"content":{"rendered":"<p>Con sedes simult\u00e1neas en la provincia, inici\u00f3 el 8\u00b0 Congreso Internacional de Educaci\u00f3n e Inclusi\u00f3n 2025 &#8220;Camino hacia la Transformaci\u00f3n Educativa&#8221;. Autoridades educativas destacaron la planificaci\u00f3n diversificada y el aprendizaje basado en proyectos como ejes centrales para responder a los desaf\u00edos actuales de la comunidad educativa.<\/p>\n<p>El ministro de Educaci\u00f3n, Pablo L\u00f3pez Silva, destac\u00f3 que \u201cen esta oportunidad, quisimos darle un formato diferente al Congreso, considerando que hoy deber\u00eda ir a las instituciones educativas, trabajando con cada nivel y modalidad y articulado con el Ministerio de Salud sobre la parte de salud mental, donde reflexionamos conjuntamente con Gabinete y los Departamentos de Orientaci\u00f3n de nuestras instituciones sobre de qu\u00e9 manera podemos abordar estas nuevas realidades que se nos presentan dentro de las instituciones educativas no solo con los estudiantes, sino tambi\u00e9n con los docentes y las familias\u201d.<\/p>\n<p>\u201cQuer\u00edamos que los grupos que asistan sean reducidos para poder trabajar de una manera m\u00e1s personalizada y que haya un feedback entre los que participan y los disertantes, quienes vienen a poner en tensi\u00f3n, algo que para nosotros es fundamental, que tiene que ver con la panificaci\u00f3n diversificada\u201d explic\u00f3 el Ministro.<\/p>\n<p>De este modo, el funcionario explic\u00f3 que esta nueva edici\u00f3n, es la continuidad del trabajo que se llev\u00f3 adelante a partir de las jornadas que se realizaron en todos los establecimientos escolares de la provincia sobre la Transformaci\u00f3n Educativa.<\/p>\n<p>\u201cHubo todo un trabajo interno en las instituciones educativas en diferentes Ateneos tambi\u00e9n, en este camino a la transformaci\u00f3n educativa y este Congreso hoy est\u00e1 enmarcado en ese camino, donde proponemos abordar la diversidad que se da dentro de las aulas\u201d asegur\u00f3.<\/p>\n<p>\u201cHay estudiantes con diferentes ritmos de aprendizajes y por eso, hay que abordar de qu\u00e9 manera el docente que esta frente a esos estudiantes, pueda armar una planificaci\u00f3n de trabajo que sea flexible y que realmente atienda esa diversidad\u201d explic\u00f3 L\u00f3pez Silva y a\u00f1adi\u00f3 \u201ca los docentes a veces les resulta dif\u00edcil atender esa diversidad y para nosotros es clave esta planificaci\u00f3n diversificada por un lado y por otro, abordar el aprendizaje basado en proyecto. Son dos propuestas que queremos integrarlas a la vida escolar y para eso, es sumamente importante capacitar a los docentes y que tenga un impacto dentro de las aulas\u201d.<\/p>\n<p>Por su parte, la secretaria de Coordinaci\u00f3n de la cartera educativa, Fernanda Garc\u00eda, a\u00f1adi\u00f3 que \u201ceste a\u00f1o hemos llevado adelante esta din\u00e1mica renovada para que todos los docentes de la provincia puedan acceder, por eso estamos en seis sedes al mismo tiempo; tres en R\u00edo Grande, tres en Ushuaia y ma\u00f1ana sumamos a Tolhuin\u201d.<\/p>\n<p>\u201cLa idea es trabajar y recorrer planificaciones pensando en la inclusi\u00f3n, todo en marco de lo que ha salido en las jornadas de transformaci\u00f3n educativa llevadas adelante en cada una de las instituciones educativas de la provincia. Estamos muy felices como Gobierno de la Provincia poder brindar este espacio para que las y los docentes tengan un momento y un encuentro donde puedan potenciar aquello que vienen realizando, mejorar sus pr\u00e1cticas y seguir creciendo en camino hacia la transformaci\u00f3n educativa\u201d concluy\u00f3 Garc\u00eda.<\/p>\n<p><img loading=\"lazy\" decoding=\"async\" class=\"alignnone size-medium wp-image-58005\" src=\"https:\/\/hablemosclarotdf.com.ar\/wp-content\/uploads\/2025\/11\/photo_2025-11-13_19-20-16-300x195.jpg\" alt=\"\" width=\"300\" height=\"195\" srcset=\"https:\/\/hablemosclarotdf.com.ar\/wp-content\/uploads\/2025\/11\/photo_2025-11-13_19-20-16-300x195.jpg 300w, https:\/\/hablemosclarotdf.com.ar\/wp-content\/uploads\/2025\/11\/photo_2025-11-13_19-20-16-1024x665.jpg 1024w, https:\/\/hablemosclarotdf.com.ar\/wp-content\/uploads\/2025\/11\/photo_2025-11-13_19-20-16-768x499.jpg 768w, https:\/\/hablemosclarotdf.com.ar\/wp-content\/uploads\/2025\/11\/photo_2025-11-13_19-20-16.jpg 1280w\" sizes=\"auto, (max-width: 300px) 100vw, 300px\" \/> <img loading=\"lazy\" decoding=\"async\" class=\"alignnone size-medium wp-image-58006\" src=\"https:\/\/hablemosclarotdf.com.ar\/wp-content\/uploads\/2025\/11\/photo_2025-11-13_19-20-59-300x198.jpg\" alt=\"\" width=\"300\" height=\"198\" srcset=\"https:\/\/hablemosclarotdf.com.ar\/wp-content\/uploads\/2025\/11\/photo_2025-11-13_19-20-59-300x198.jpg 300w, https:\/\/hablemosclarotdf.com.ar\/wp-content\/uploads\/2025\/11\/photo_2025-11-13_19-20-59-1024x674.jpg 1024w, https:\/\/hablemosclarotdf.com.ar\/wp-content\/uploads\/2025\/11\/photo_2025-11-13_19-20-59-768x506.jpg 768w, https:\/\/hablemosclarotdf.com.ar\/wp-content\/uploads\/2025\/11\/photo_2025-11-13_19-20-59.jpg 1280w\" sizes=\"auto, (max-width: 300px) 100vw, 300px\" \/> <img loading=\"lazy\" decoding=\"async\" class=\"alignnone size-medium wp-image-58007\" src=\"https:\/\/hablemosclarotdf.com.ar\/wp-content\/uploads\/2025\/11\/photo_2025-11-13_19-21-09-300x200.jpg\" alt=\"\" width=\"300\" height=\"200\" srcset=\"https:\/\/hablemosclarotdf.com.ar\/wp-content\/uploads\/2025\/11\/photo_2025-11-13_19-21-09-300x200.jpg 300w, https:\/\/hablemosclarotdf.com.ar\/wp-content\/uploads\/2025\/11\/photo_2025-11-13_19-21-09-1024x682.jpg 1024w, https:\/\/hablemosclarotdf.com.ar\/wp-content\/uploads\/2025\/11\/photo_2025-11-13_19-21-09-768x512.jpg 768w, https:\/\/hablemosclarotdf.com.ar\/wp-content\/uploads\/2025\/11\/photo_2025-11-13_19-21-09.jpg 1280w\" sizes=\"auto, (max-width: 300px) 100vw, 300px\" \/> <img loading=\"lazy\" decoding=\"async\" class=\"alignnone size-medium wp-image-58008\" src=\"https:\/\/hablemosclarotdf.com.ar\/wp-content\/uploads\/2025\/11\/photo_2025-11-13_19-21-21-300x200.jpg\" alt=\"\" width=\"300\" height=\"200\" srcset=\"https:\/\/hablemosclarotdf.com.ar\/wp-content\/uploads\/2025\/11\/photo_2025-11-13_19-21-21-300x200.jpg 300w, https:\/\/hablemosclarotdf.com.ar\/wp-content\/uploads\/2025\/11\/photo_2025-11-13_19-21-21-1024x683.jpg 1024w, https:\/\/hablemosclarotdf.com.ar\/wp-content\/uploads\/2025\/11\/photo_2025-11-13_19-21-21-768x512.jpg 768w, https:\/\/hablemosclarotdf.com.ar\/wp-content\/uploads\/2025\/11\/photo_2025-11-13_19-21-21.jpg 1280w\" sizes=\"auto, (max-width: 300px) 100vw, 300px\" \/> <img loading=\"lazy\" decoding=\"async\" class=\"alignnone size-medium wp-image-58009\" src=\"https:\/\/hablemosclarotdf.com.ar\/wp-content\/uploads\/2025\/11\/photo_2025-11-13_19-21-26-300x200.jpg\" alt=\"\" width=\"300\" height=\"200\" srcset=\"https:\/\/hablemosclarotdf.com.ar\/wp-content\/uploads\/2025\/11\/photo_2025-11-13_19-21-26-300x200.jpg 300w, https:\/\/hablemosclarotdf.com.ar\/wp-content\/uploads\/2025\/11\/photo_2025-11-13_19-21-26-1024x683.jpg 1024w, https:\/\/hablemosclarotdf.com.ar\/wp-content\/uploads\/2025\/11\/photo_2025-11-13_19-21-26-768x512.jpg 768w, https:\/\/hablemosclarotdf.com.ar\/wp-content\/uploads\/2025\/11\/photo_2025-11-13_19-21-26.jpg 1280w\" sizes=\"auto, (max-width: 300px) 100vw, 300px\" \/> <img loading=\"lazy\" decoding=\"async\" class=\"alignnone size-medium wp-image-58010\" src=\"https:\/\/hablemosclarotdf.com.ar\/wp-content\/uploads\/2025\/11\/photo_2025-11-13_19-21-30-300x200.jpg\" alt=\"\" width=\"300\" height=\"200\" srcset=\"https:\/\/hablemosclarotdf.com.ar\/wp-content\/uploads\/2025\/11\/photo_2025-11-13_19-21-30-300x200.jpg 300w, https:\/\/hablemosclarotdf.com.ar\/wp-content\/uploads\/2025\/11\/photo_2025-11-13_19-21-30-1024x682.jpg 1024w, https:\/\/hablemosclarotdf.com.ar\/wp-content\/uploads\/2025\/11\/photo_2025-11-13_19-21-30-768x512.jpg 768w, https:\/\/hablemosclarotdf.com.ar\/wp-content\/uploads\/2025\/11\/photo_2025-11-13_19-21-30.jpg 1280w\" sizes=\"auto, (max-width: 300px) 100vw, 300px\" \/> <img loading=\"lazy\" decoding=\"async\" class=\"alignnone size-medium wp-image-58011\" src=\"https:\/\/hablemosclarotdf.com.ar\/wp-content\/uploads\/2025\/11\/photo_2025-11-13_19-21-35-300x200.jpg\" alt=\"\" width=\"300\" height=\"200\" srcset=\"https:\/\/hablemosclarotdf.com.ar\/wp-content\/uploads\/2025\/11\/photo_2025-11-13_19-21-35-300x200.jpg 300w, https:\/\/hablemosclarotdf.com.ar\/wp-content\/uploads\/2025\/11\/photo_2025-11-13_19-21-35-1024x683.jpg 1024w, https:\/\/hablemosclarotdf.com.ar\/wp-content\/uploads\/2025\/11\/photo_2025-11-13_19-21-35-768x512.jpg 768w, https:\/\/hablemosclarotdf.com.ar\/wp-content\/uploads\/2025\/11\/photo_2025-11-13_19-21-35.jpg 1280w\" sizes=\"auto, (max-width: 300px) 100vw, 300px\" \/> <img loading=\"lazy\" decoding=\"async\" class=\"alignnone size-medium wp-image-58012\" src=\"https:\/\/hablemosclarotdf.com.ar\/wp-content\/uploads\/2025\/11\/photo_2025-11-13_19-21-40-300x200.jpg\" alt=\"\" width=\"300\" height=\"200\" srcset=\"https:\/\/hablemosclarotdf.com.ar\/wp-content\/uploads\/2025\/11\/photo_2025-11-13_19-21-40-300x200.jpg 300w, https:\/\/hablemosclarotdf.com.ar\/wp-content\/uploads\/2025\/11\/photo_2025-11-13_19-21-40-1024x683.jpg 1024w, https:\/\/hablemosclarotdf.com.ar\/wp-content\/uploads\/2025\/11\/photo_2025-11-13_19-21-40-768x512.jpg 768w, https:\/\/hablemosclarotdf.com.ar\/wp-content\/uploads\/2025\/11\/photo_2025-11-13_19-21-40.jpg 1280w\" sizes=\"auto, (max-width: 300px) 100vw, 300px\" \/> <img loading=\"lazy\" decoding=\"async\" class=\"alignnone size-medium wp-image-58013\" src=\"https:\/\/hablemosclarotdf.com.ar\/wp-content\/uploads\/2025\/11\/photo_2025-11-13_19-21-51-300x200.jpg\" alt=\"\" width=\"300\" height=\"200\" srcset=\"https:\/\/hablemosclarotdf.com.ar\/wp-content\/uploads\/2025\/11\/photo_2025-11-13_19-21-51-300x200.jpg 300w, https:\/\/hablemosclarotdf.com.ar\/wp-content\/uploads\/2025\/11\/photo_2025-11-13_19-21-51-1024x683.jpg 1024w, https:\/\/hablemosclarotdf.com.ar\/wp-content\/uploads\/2025\/11\/photo_2025-11-13_19-21-51-768x512.jpg 768w, https:\/\/hablemosclarotdf.com.ar\/wp-content\/uploads\/2025\/11\/photo_2025-11-13_19-21-51.jpg 1280w\" sizes=\"auto, (max-width: 300px) 100vw, 300px\" \/> <img loading=\"lazy\" decoding=\"async\" class=\"alignnone size-medium wp-image-58014\" src=\"https:\/\/hablemosclarotdf.com.ar\/wp-content\/uploads\/2025\/11\/photo_2025-11-13_19-21-55-300x200.jpg\" alt=\"\" width=\"300\" height=\"200\" srcset=\"https:\/\/hablemosclarotdf.com.ar\/wp-content\/uploads\/2025\/11\/photo_2025-11-13_19-21-55-300x200.jpg 300w, https:\/\/hablemosclarotdf.com.ar\/wp-content\/uploads\/2025\/11\/photo_2025-11-13_19-21-55-1024x683.jpg 1024w, https:\/\/hablemosclarotdf.com.ar\/wp-content\/uploads\/2025\/11\/photo_2025-11-13_19-21-55-768x512.jpg 768w, https:\/\/hablemosclarotdf.com.ar\/wp-content\/uploads\/2025\/11\/photo_2025-11-13_19-21-55.jpg 1280w\" sizes=\"auto, (max-width: 300px) 100vw, 300px\" \/> <img loading=\"lazy\" decoding=\"async\" class=\"alignnone size-medium wp-image-58015\" src=\"https:\/\/hablemosclarotdf.com.ar\/wp-content\/uploads\/2025\/11\/photo_2025-11-13_19-22-02-300x200.jpg\" alt=\"\" width=\"300\" height=\"200\" srcset=\"https:\/\/hablemosclarotdf.com.ar\/wp-content\/uploads\/2025\/11\/photo_2025-11-13_19-22-02-300x200.jpg 300w, https:\/\/hablemosclarotdf.com.ar\/wp-content\/uploads\/2025\/11\/photo_2025-11-13_19-22-02-1024x683.jpg 1024w, https:\/\/hablemosclarotdf.com.ar\/wp-content\/uploads\/2025\/11\/photo_2025-11-13_19-22-02-768x512.jpg 768w, https:\/\/hablemosclarotdf.com.ar\/wp-content\/uploads\/2025\/11\/photo_2025-11-13_19-22-02.jpg 1280w\" sizes=\"auto, (max-width: 300px) 100vw, 300px\" \/> <img loading=\"lazy\" decoding=\"async\" class=\"alignnone size-medium wp-image-58016\" src=\"https:\/\/hablemosclarotdf.com.ar\/wp-content\/uploads\/2025\/11\/photo_2025-11-13_19-22-06-300x200.jpg\" alt=\"\" width=\"300\" height=\"200\" srcset=\"https:\/\/hablemosclarotdf.com.ar\/wp-content\/uploads\/2025\/11\/photo_2025-11-13_19-22-06-300x200.jpg 300w, https:\/\/hablemosclarotdf.com.ar\/wp-content\/uploads\/2025\/11\/photo_2025-11-13_19-22-06-1024x682.jpg 1024w, https:\/\/hablemosclarotdf.com.ar\/wp-content\/uploads\/2025\/11\/photo_2025-11-13_19-22-06-768x512.jpg 768w, https:\/\/hablemosclarotdf.com.ar\/wp-content\/uploads\/2025\/11\/photo_2025-11-13_19-22-06.jpg 1280w\" sizes=\"auto, (max-width: 300px) 100vw, 300px\" \/> <img loading=\"lazy\" decoding=\"async\" class=\"alignnone size-medium wp-image-58017\" src=\"https:\/\/hablemosclarotdf.com.ar\/wp-content\/uploads\/2025\/11\/photo_2025-11-13_19-22-30-300x210.jpg\" alt=\"\" width=\"300\" height=\"210\" srcset=\"https:\/\/hablemosclarotdf.com.ar\/wp-content\/uploads\/2025\/11\/photo_2025-11-13_19-22-30-300x210.jpg 300w, https:\/\/hablemosclarotdf.com.ar\/wp-content\/uploads\/2025\/11\/photo_2025-11-13_19-22-30-1024x717.jpg 1024w, https:\/\/hablemosclarotdf.com.ar\/wp-content\/uploads\/2025\/11\/photo_2025-11-13_19-22-30-768x538.jpg 768w, https:\/\/hablemosclarotdf.com.ar\/wp-content\/uploads\/2025\/11\/photo_2025-11-13_19-22-30.jpg 1280w\" sizes=\"auto, (max-width: 300px) 100vw, 300px\" \/> <img loading=\"lazy\" decoding=\"async\" class=\"alignnone size-medium wp-image-58018\" src=\"https:\/\/hablemosclarotdf.com.ar\/wp-content\/uploads\/2025\/11\/photo_2025-11-13_19-22-38-300x200.jpg\" alt=\"\" width=\"300\" height=\"200\" srcset=\"https:\/\/hablemosclarotdf.com.ar\/wp-content\/uploads\/2025\/11\/photo_2025-11-13_19-22-38-300x200.jpg 300w, https:\/\/hablemosclarotdf.com.ar\/wp-content\/uploads\/2025\/11\/photo_2025-11-13_19-22-38-1024x683.jpg 1024w, https:\/\/hablemosclarotdf.com.ar\/wp-content\/uploads\/2025\/11\/photo_2025-11-13_19-22-38-768x512.jpg 768w, https:\/\/hablemosclarotdf.com.ar\/wp-content\/uploads\/2025\/11\/photo_2025-11-13_19-22-38.jpg 1280w\" sizes=\"auto, (max-width: 300px) 100vw, 300px\" \/> <img loading=\"lazy\" decoding=\"async\" class=\"alignnone size-medium wp-image-58019\" src=\"https:\/\/hablemosclarotdf.com.ar\/wp-content\/uploads\/2025\/11\/photo_2025-11-13_19-22-41-300x200.jpg\" alt=\"\" width=\"300\" height=\"200\" srcset=\"https:\/\/hablemosclarotdf.com.ar\/wp-content\/uploads\/2025\/11\/photo_2025-11-13_19-22-41-300x200.jpg 300w, https:\/\/hablemosclarotdf.com.ar\/wp-content\/uploads\/2025\/11\/photo_2025-11-13_19-22-41-1024x683.jpg 1024w, https:\/\/hablemosclarotdf.com.ar\/wp-content\/uploads\/2025\/11\/photo_2025-11-13_19-22-41-768x512.jpg 768w, https:\/\/hablemosclarotdf.com.ar\/wp-content\/uploads\/2025\/11\/photo_2025-11-13_19-22-41.jpg 1280w\" sizes=\"auto, (max-width: 300px) 100vw, 300px\" \/> <img loading=\"lazy\" decoding=\"async\" class=\"alignnone size-medium wp-image-58020\" src=\"https:\/\/hablemosclarotdf.com.ar\/wp-content\/uploads\/2025\/11\/photo_2025-11-13_19-22-46-300x200.jpg\" alt=\"\" width=\"300\" height=\"200\" srcset=\"https:\/\/hablemosclarotdf.com.ar\/wp-content\/uploads\/2025\/11\/photo_2025-11-13_19-22-46-300x200.jpg 300w, https:\/\/hablemosclarotdf.com.ar\/wp-content\/uploads\/2025\/11\/photo_2025-11-13_19-22-46-1024x683.jpg 1024w, https:\/\/hablemosclarotdf.com.ar\/wp-content\/uploads\/2025\/11\/photo_2025-11-13_19-22-46-768x512.jpg 768w, https:\/\/hablemosclarotdf.com.ar\/wp-content\/uploads\/2025\/11\/photo_2025-11-13_19-22-46.jpg 1280w\" sizes=\"auto, (max-width: 300px) 100vw, 300px\" \/> <img loading=\"lazy\" decoding=\"async\" class=\"alignnone size-medium wp-image-58021\" src=\"https:\/\/hablemosclarotdf.com.ar\/wp-content\/uploads\/2025\/11\/photo_2025-11-13_19-22-50-300x200.jpg\" alt=\"\" width=\"300\" height=\"200\" srcset=\"https:\/\/hablemosclarotdf.com.ar\/wp-content\/uploads\/2025\/11\/photo_2025-11-13_19-22-50-300x200.jpg 300w, https:\/\/hablemosclarotdf.com.ar\/wp-content\/uploads\/2025\/11\/photo_2025-11-13_19-22-50-1024x683.jpg 1024w, https:\/\/hablemosclarotdf.com.ar\/wp-content\/uploads\/2025\/11\/photo_2025-11-13_19-22-50-768x512.jpg 768w, https:\/\/hablemosclarotdf.com.ar\/wp-content\/uploads\/2025\/11\/photo_2025-11-13_19-22-50.jpg 1280w\" sizes=\"auto, (max-width: 300px) 100vw, 300px\" \/> <img loading=\"lazy\" decoding=\"async\" class=\"alignnone size-medium wp-image-58022\" src=\"https:\/\/hablemosclarotdf.com.ar\/wp-content\/uploads\/2025\/11\/photo_2025-11-13_19-22-55-300x200.jpg\" alt=\"\" width=\"300\" height=\"200\" srcset=\"https:\/\/hablemosclarotdf.com.ar\/wp-content\/uploads\/2025\/11\/photo_2025-11-13_19-22-55-300x200.jpg 300w, https:\/\/hablemosclarotdf.com.ar\/wp-content\/uploads\/2025\/11\/photo_2025-11-13_19-22-55-1024x683.jpg 1024w, https:\/\/hablemosclarotdf.com.ar\/wp-content\/uploads\/2025\/11\/photo_2025-11-13_19-22-55-768x512.jpg 768w, https:\/\/hablemosclarotdf.com.ar\/wp-content\/uploads\/2025\/11\/photo_2025-11-13_19-22-55.jpg 1280w\" sizes=\"auto, (max-width: 300px) 100vw, 300px\" \/> <img loading=\"lazy\" decoding=\"async\" class=\"alignnone size-medium wp-image-58023\" src=\"https:\/\/hablemosclarotdf.com.ar\/wp-content\/uploads\/2025\/11\/photo_2025-11-13_19-22-59-300x200.jpg\" alt=\"\" width=\"300\" height=\"200\" srcset=\"https:\/\/hablemosclarotdf.com.ar\/wp-content\/uploads\/2025\/11\/photo_2025-11-13_19-22-59-300x200.jpg 300w, https:\/\/hablemosclarotdf.com.ar\/wp-content\/uploads\/2025\/11\/photo_2025-11-13_19-22-59-1024x682.jpg 1024w, https:\/\/hablemosclarotdf.com.ar\/wp-content\/uploads\/2025\/11\/photo_2025-11-13_19-22-59-768x512.jpg 768w, https:\/\/hablemosclarotdf.com.ar\/wp-content\/uploads\/2025\/11\/photo_2025-11-13_19-22-59.jpg 1280w\" sizes=\"auto, (max-width: 300px) 100vw, 300px\" \/> <img loading=\"lazy\" decoding=\"async\" class=\"alignnone size-medium wp-image-58024\" src=\"https:\/\/hablemosclarotdf.com.ar\/wp-content\/uploads\/2025\/11\/photo_2025-11-13_19-23-09-300x198.jpg\" alt=\"\" width=\"300\" height=\"198\" srcset=\"https:\/\/hablemosclarotdf.com.ar\/wp-content\/uploads\/2025\/11\/photo_2025-11-13_19-23-09-300x198.jpg 300w, https:\/\/hablemosclarotdf.com.ar\/wp-content\/uploads\/2025\/11\/photo_2025-11-13_19-23-09-1024x674.jpg 1024w, https:\/\/hablemosclarotdf.com.ar\/wp-content\/uploads\/2025\/11\/photo_2025-11-13_19-23-09-768x506.jpg 768w, https:\/\/hablemosclarotdf.com.ar\/wp-content\/uploads\/2025\/11\/photo_2025-11-13_19-23-09.jpg 1280w\" sizes=\"auto, (max-width: 300px) 100vw, 300px\" \/> <img loading=\"lazy\" decoding=\"async\" class=\"alignnone size-medium wp-image-58025\" src=\"https:\/\/hablemosclarotdf.com.ar\/wp-content\/uploads\/2025\/11\/photo_2025-11-13_19-23-24-300x198.jpg\" alt=\"\" width=\"300\" height=\"198\" srcset=\"https:\/\/hablemosclarotdf.com.ar\/wp-content\/uploads\/2025\/11\/photo_2025-11-13_19-23-24-300x198.jpg 300w, https:\/\/hablemosclarotdf.com.ar\/wp-content\/uploads\/2025\/11\/photo_2025-11-13_19-23-24-1024x674.jpg 1024w, https:\/\/hablemosclarotdf.com.ar\/wp-content\/uploads\/2025\/11\/photo_2025-11-13_19-23-24-768x506.jpg 768w, https:\/\/hablemosclarotdf.com.ar\/wp-content\/uploads\/2025\/11\/photo_2025-11-13_19-23-24.jpg 1280w\" sizes=\"auto, (max-width: 300px) 100vw, 300px\" \/><\/p>\n","protected":false},"excerpt":{"rendered":"<p>Con sedes simult\u00e1neas en la provincia, inici\u00f3 el 8\u00b0 Congreso Internacional de Educaci\u00f3n e Inclusi\u00f3n&#8230;<\/p>\n","protected":false},"author":1,"featured_media":58004,"comment_status":"closed","ping_status":"closed","sticky":false,"template":"","format":"standard","meta":{"footnotes":""},"categories":[3],"tags":[],"class_list":["post-58003","post","type-post","status-publish","format-standard","has-post-thumbnail","hentry","category-noticias"],"jetpack_featured_media_url":"https:\/\/hablemosclarotdf.com.ar\/wp-content\/uploads\/2025\/11\/photo_2025-11-13_19-20-08.jpg","_links":{"self":[{"href":"https:\/\/hablemosclarotdf.com.ar\/index.php?rest_route=\/wp\/v2\/posts\/58003","targetHints":{"allow":["GET"]}}],"collection":[{"href":"https:\/\/hablemosclarotdf.com.ar\/index.php?rest_route=\/wp\/v2\/posts"}],"about":[{"href":"https:\/\/hablemosclarotdf.com.ar\/index.php?rest_route=\/wp\/v2\/types\/post"}],"author":[{"embeddable":true,"href":"https:\/\/hablemosclarotdf.com.ar\/index.php?rest_route=\/wp\/v2\/users\/1"}],"replies":[{"embeddable":true,"href":"https:\/\/hablemosclarotdf.com.ar\/index.php?rest_route=%2Fwp%2Fv2%2Fcomments&post=58003"}],"version-history":[{"count":1,"href":"https:\/\/hablemosclarotdf.com.ar\/index.php?rest_route=\/wp\/v2\/posts\/58003\/revisions"}],"predecessor-version":[{"id":58026,"href":"https:\/\/hablemosclarotdf.com.ar\/index.php?rest_route=\/wp\/v2\/posts\/58003\/revisions\/58026"}],"wp:featuredmedia":[{"embeddable":true,"href":"https:\/\/hablemosclarotdf.com.ar\/index.php?rest_route=\/wp\/v2\/media\/58004"}],"wp:attachment":[{"href":"https:\/\/hablemosclarotdf.com.ar\/index.php?rest_route=%2Fwp%2Fv2%2Fmedia&parent=58003"}],"wp:term":[{"taxonomy":"category","embeddable":true,"href":"https:\/\/hablemosclarotdf.com.ar\/index.php?rest_route=%2Fwp%2Fv2%2Fcategories&post=58003"},{"taxonomy":"post_tag","embeddable":true,"href":"https:\/\/hablemosclarotdf.com.ar\/index.php?rest_route=%2Fwp%2Fv2%2Ftags&post=58003"}],"curies":[{"name":"wp","href":"https:\/\/api.w.org\/{rel}","templated":true}]}}