{"id":58000,"date":"2025-11-13T19:18:11","date_gmt":"2025-11-13T22:18:11","guid":{"rendered":"https:\/\/hablemosclarotdf.com.ar\/?p=58000"},"modified":"2025-11-13T19:18:11","modified_gmt":"2025-11-13T22:18:11","slug":"avanzan-en-la-creacion-de-un-comite-mixto-para-abordar-la-seguridad-y-prevenir-la-violencia-en-las-escuelas-de-la-provincia","status":"publish","type":"post","link":"https:\/\/hablemosclarotdf.com.ar\/?p=58000","title":{"rendered":"AVANZAN EN LA CREACI\u00d3N DE UN COMIT\u00c9 MIXTO PARA ABORDAR LA SEGURIDAD Y PREVENIR LA VIOLENCIA EN LAS ESCUELAS DE LA PROVINCIA"},"content":{"rendered":"<p>El Gobierno de la provincia, a trav\u00e9s del Ministerio de Educaci\u00f3n, en un articulaci\u00f3n con el Sindicato Unificado de Trabajadores de la Educaci\u00f3n Fueguina (SUTEF) avanzan en la conformaci\u00f3n de un Comit\u00e9 Mixto, un espacio conjunto de trabajo destinado a la elaboraci\u00f3n de un protocolo general de actuaci\u00f3n frente a situaciones de violencia y para fortalecer la seguridad en las instituciones educativas de la provincia.<\/p>\n<p>La iniciativa, que fue impulsada en el marco de las mesas paritarias, busca dar respuesta a la necesidad de generar \u00e1mbitos de di\u00e1logo y construcci\u00f3n colectiva en torno a la convivencia y el bienestar en las escuelas.<\/p>\n<p>Durante una reuni\u00f3n realizada en el Ministerio de Trabajo y Empleo, se acord\u00f3 la creaci\u00f3n del Comit\u00e9 y la importancia de contar con un protocolo organizativo que brinde herramientas a los equipos directivos y docentes. Este documento establecer\u00e1 pautas claras sobre los procedimientos de ingreso a las instituciones, la atenci\u00f3n a las familias y la intervenci\u00f3n ante eventuales situaciones de conflicto.<\/p>\n<p>\u201cA veces se piensa que un protocolo es algo prohibitivo, pero en realidad es una forma de organizaci\u00f3n que busca brindar tranquilidad y seguridad a toda la comunidad educativa: docentes, estudiantes, personal y familias\u201d, se\u00f1al\u00f3 al respecto del ministro de Educaci\u00f3n, Pablo L\u00f3pez Silva.<\/p>\n<p>Asimismo, se destac\u00f3 la necesidad de llevar un registro de las personas que ingresan a las escuelas, con el fin de garantizar un entorno seguro y ordenado. \u201cNo se trata de restringir el acceso, sino de saber qui\u00e9nes ingresan para poder recibirlos de la manera adecuada\u201d, aclar\u00f3.<\/p>\n<p>El primer encuentro formal del Comit\u00e9 Mixto se llevar\u00e1 a cabo el mi\u00e9rcoles pr\u00f3ximo, a las 14 horas, en la ciudad de R\u00edo Grande, donde se definir\u00e1n el estatuto, los lineamientos generales de trabajo y la representaci\u00f3n de cada una de las partes.<\/p>\n<p>Adem\u00e1s, se prev\u00e9 que el Comit\u00e9 pueda convocar a otros organismos y sectores vinculados, como Salud, Desarrollo Social, Justicia y fuerzas de seguridad, entendiendo que la prevenci\u00f3n y el abordaje de la violencia requieren un enfoque integral e interinstitucional.<\/p>\n<p>Se subray\u00f3 que dentro de las instituciones educativas conviven diversos actores \u2014docentes, personal administrativo, de limpieza y de cocina\u2014, por lo que este trabajo conjunto apunta a fortalecer el sentido de comunidad y el compromiso compartido en favor de entornos escolares m\u00e1s seguros y cuidados.<\/p>\n","protected":false},"excerpt":{"rendered":"<p>El Gobierno de la provincia, a trav\u00e9s del Ministerio de Educaci\u00f3n, en un articulaci\u00f3n con&#8230;<\/p>\n","protected":false},"author":1,"featured_media":58001,"comment_status":"closed","ping_status":"closed","sticky":false,"template":"","format":"standard","meta":{"footnotes":""},"categories":[3],"tags":[],"class_list":["post-58000","post","type-post","status-publish","format-standard","has-post-thumbnail","hentry","category-noticias"],"jetpack_featured_media_url":"https:\/\/hablemosclarotdf.com.ar\/wp-content\/uploads\/2025\/11\/photo_2025-11-13_19-17-35.jpg","_links":{"self":[{"href":"https:\/\/hablemosclarotdf.com.ar\/index.php?rest_route=\/wp\/v2\/posts\/58000","targetHints":{"allow":["GET"]}}],"collection":[{"href":"https:\/\/hablemosclarotdf.com.ar\/index.php?rest_route=\/wp\/v2\/posts"}],"about":[{"href":"https:\/\/hablemosclarotdf.com.ar\/index.php?rest_route=\/wp\/v2\/types\/post"}],"author":[{"embeddable":true,"href":"https:\/\/hablemosclarotdf.com.ar\/index.php?rest_route=\/wp\/v2\/users\/1"}],"replies":[{"embeddable":true,"href":"https:\/\/hablemosclarotdf.com.ar\/index.php?rest_route=%2Fwp%2Fv2%2Fcomments&post=58000"}],"version-history":[{"count":1,"href":"https:\/\/hablemosclarotdf.com.ar\/index.php?rest_route=\/wp\/v2\/posts\/58000\/revisions"}],"predecessor-version":[{"id":58002,"href":"https:\/\/hablemosclarotdf.com.ar\/index.php?rest_route=\/wp\/v2\/posts\/58000\/revisions\/58002"}],"wp:featuredmedia":[{"embeddable":true,"href":"https:\/\/hablemosclarotdf.com.ar\/index.php?rest_route=\/wp\/v2\/media\/58001"}],"wp:attachment":[{"href":"https:\/\/hablemosclarotdf.com.ar\/index.php?rest_route=%2Fwp%2Fv2%2Fmedia&parent=58000"}],"wp:term":[{"taxonomy":"category","embeddable":true,"href":"https:\/\/hablemosclarotdf.com.ar\/index.php?rest_route=%2Fwp%2Fv2%2Fcategories&post=58000"},{"taxonomy":"post_tag","embeddable":true,"href":"https:\/\/hablemosclarotdf.com.ar\/index.php?rest_route=%2Fwp%2Fv2%2Ftags&post=58000"}],"curies":[{"name":"wp","href":"https:\/\/api.w.org\/{rel}","templated":true}]}}