{"id":57967,"date":"2025-11-13T14:44:50","date_gmt":"2025-11-13T17:44:50","guid":{"rendered":"https:\/\/hablemosclarotdf.com.ar\/?p=57967"},"modified":"2025-11-13T14:45:23","modified_gmt":"2025-11-13T17:45:23","slug":"rio-grande-llega-una-jornada-de-autocuidado-para-las-emprendedoras-de-la-ciudad","status":"publish","type":"post","link":"https:\/\/hablemosclarotdf.com.ar\/?p=57967","title":{"rendered":"RIO GRANDE : LLEGA UNA JORNADA DE AUTOCUIDADO PARA LAS EMPRENDEDORAS DE LA CIUDAD"},"content":{"rendered":"<p>En el marco del D\u00eda Internacional de la Mujer Emprendedora, el Municipio de R\u00edo Grande, a trav\u00e9s de la Secretar\u00eda de G\u00e9nero y Desarrollo Comunitario, invita a participar de una Jornada de Autocuidado para Emprendedoras, pensada especialmente para todas las mujeres y diversidades que d\u00eda a d\u00eda impulsan sus proyectos con compromiso, esfuerzo y dedicaci\u00f3n.<\/p>\n<p>El Municipio de R\u00edo Grande realiza diversas acciones para garantiza la inclusi\u00f3n, la igualdad de oportunidades y reconocer el trabajo de las mujeres de la ciudad. En esta oportunidad, el pr\u00f3ximo martes 18 de noviembre se realizar\u00e1 una jornada de autocuidado para que las participantes puedan conectar entre ellas y reencontrarse con su cuerpo, mente y emociones.<\/p>\n<p>El objetivo de esta jornada es promover el autocuidado como parte fundamental del desarrollo personal y profesional, fortaleciendo tambi\u00e9n la red de emprendedoras que trabaja junto al Municipio.<\/p>\n<p>La propuesta comenzar\u00e1 a las 10 horas con una clase guiada de acondicionamiento f\u00edsico para conectar con el cuerpo, liberar tensiones y comenzar el d\u00eda con energ\u00eda. De 14 a 15:30 se llevar\u00e1 adelante un taller de Arteterapia, un espacio creativo para relajarse, expresarse a trav\u00e9s del arte y reconectar con la calma interior. Finalmente, de 16 a 17 horas, se desarrollar\u00e1 una clase de yoga y respiraci\u00f3n consciente, orientada a relajar cuerpo y mente, promoviendo la conexi\u00f3n con una misma y el bienestar integral.<\/p>\n<p>Todas las actividades se realizan en Centro Integral de la Mujer, Prefectura Naval 730, cada participante podr\u00e1 inscribirse en las actividades que m\u00e1s le interesen completando el siguiente formulario https:\/\/bit.ly\/4qWkeeL.<\/p>\n<p>De esta manera, el Estado Municipal reafirma su compromiso con la inclusi\u00f3n, la igualdad de g\u00e9nero y la autonom\u00eda econ\u00f3mica de las mujeres y diversidades de la ciudad.<\/p>\n","protected":false},"excerpt":{"rendered":"<p>En el marco del D\u00eda Internacional de la Mujer Emprendedora, el Municipio de R\u00edo Grande,&#8230;<\/p>\n","protected":false},"author":1,"featured_media":57968,"comment_status":"closed","ping_status":"closed","sticky":false,"template":"","format":"standard","meta":{"footnotes":""},"categories":[3],"tags":[],"class_list":["post-57967","post","type-post","status-publish","format-standard","has-post-thumbnail","hentry","category-noticias"],"jetpack_featured_media_url":"https:\/\/hablemosclarotdf.com.ar\/wp-content\/uploads\/2025\/11\/photo_2025-11-13_14-42-46.jpg","_links":{"self":[{"href":"https:\/\/hablemosclarotdf.com.ar\/index.php?rest_route=\/wp\/v2\/posts\/57967","targetHints":{"allow":["GET"]}}],"collection":[{"href":"https:\/\/hablemosclarotdf.com.ar\/index.php?rest_route=\/wp\/v2\/posts"}],"about":[{"href":"https:\/\/hablemosclarotdf.com.ar\/index.php?rest_route=\/wp\/v2\/types\/post"}],"author":[{"embeddable":true,"href":"https:\/\/hablemosclarotdf.com.ar\/index.php?rest_route=\/wp\/v2\/users\/1"}],"replies":[{"embeddable":true,"href":"https:\/\/hablemosclarotdf.com.ar\/index.php?rest_route=%2Fwp%2Fv2%2Fcomments&post=57967"}],"version-history":[{"count":1,"href":"https:\/\/hablemosclarotdf.com.ar\/index.php?rest_route=\/wp\/v2\/posts\/57967\/revisions"}],"predecessor-version":[{"id":57969,"href":"https:\/\/hablemosclarotdf.com.ar\/index.php?rest_route=\/wp\/v2\/posts\/57967\/revisions\/57969"}],"wp:featuredmedia":[{"embeddable":true,"href":"https:\/\/hablemosclarotdf.com.ar\/index.php?rest_route=\/wp\/v2\/media\/57968"}],"wp:attachment":[{"href":"https:\/\/hablemosclarotdf.com.ar\/index.php?rest_route=%2Fwp%2Fv2%2Fmedia&parent=57967"}],"wp:term":[{"taxonomy":"category","embeddable":true,"href":"https:\/\/hablemosclarotdf.com.ar\/index.php?rest_route=%2Fwp%2Fv2%2Fcategories&post=57967"},{"taxonomy":"post_tag","embeddable":true,"href":"https:\/\/hablemosclarotdf.com.ar\/index.php?rest_route=%2Fwp%2Fv2%2Ftags&post=57967"}],"curies":[{"name":"wp","href":"https:\/\/api.w.org\/{rel}","templated":true}]}}