{"id":57942,"date":"2025-11-13T12:55:21","date_gmt":"2025-11-13T15:55:21","guid":{"rendered":"https:\/\/hablemosclarotdf.com.ar\/?p=57942"},"modified":"2025-11-13T12:55:21","modified_gmt":"2025-11-13T15:55:21","slug":"el-centro-popular-de-cultura-presentara-la-muestra-anual-de-talleres-artisticos-formativos-en-toda-la-provincia","status":"publish","type":"post","link":"https:\/\/hablemosclarotdf.com.ar\/?p=57942","title":{"rendered":"EL CENTRO POPULAR DE CULTURA PRESENTAR\u00c1 LA MUESTRA ANUAL DE TALLERES ART\u00cdSTICOS FORMATIVOS EN TODA LA PROVINCIA"},"content":{"rendered":"<p>El Centro Popular de Cultura (CPC), llevar\u00e1 adelante durante noviembre y diciembre, las muestras de los talleres art\u00edsticos formativos que se desarrollan durante el a\u00f1o en toda la provincia.<\/p>\n<p>Como cada a\u00f1o, estas jornadas culturales gratuitas y abiertas a la comunidad, tienen como prop\u00f3sito compartir aprendizajes, producciones y experiencias de quienes asisten a los talleres, adem\u00e1s de invitar a nuevos interesados a conocer las distintas disciplinas que ofrece el Centro, seg\u00fan el siguiente cronograma<\/p>\n<p>R\u00cdO GRANDE<\/p>\n<p>-Centro Cultural Yaganes (Belgrano 319)<br \/>\n14 de noviembre | 16:00 a 21:00h | Muestra de M\u00fasica y Artes Visuales<br \/>\n28 de noviembre | 18:00 a 20:00h | Muestra de Teatro y Letras<\/p>\n<p>-Escuela N\u00b07 \u201cEl Abrazo de Maip\u00fa\u201d (Estrada 1100)<br \/>\n29 de noviembre | 15:00 a 18:00h | Muestra de Danza<\/p>\n<p>TOLHUIN<\/p>\n<p>-Colegio Provincial \u201cRam\u00f3n A. Trejo Noel\u201d (Santiago Rupatini N\u00b0 379)<br \/>\n29 de noviembre | 18:00 a 21:00 | Muestra de Artes Esc\u00e9nicas, Artes Visuales y M\u00fasica<\/p>\n<p>USHUAIA<\/p>\n<p>-Anfiteatro Escuela Los Andes (Felipe Romero 205)<br \/>\n27 de noviembre | 19:00 a 21:00h | Muestra de Letras, Esc\u00e9nicas y M\u00fasica<\/p>\n<p>-SUM Escuela N\u00b013 (Gobernador Paz 1811)<br \/>\n29 de noviembre | 19:00 a 21:00h | Muestra de Artes Visuales, M\u00fasica y Teatro<\/p>\n<p>-Centro Cultural Esther Fadul (2 de Abril 1577)<br \/>\n5 de diciembre | 18:00 a 22:00h | Muestra de Artes Esc\u00e9nicas y M\u00fasica<\/p>\n<p>El CPC promueve el acceso gratuito a la formaci\u00f3n art\u00edstica en \u00e1reas como Artes Visuales, Letras, Esc\u00e9nicas y M\u00fasica, dirigidas a infancias, adolescencias y adultos, fortaleciendo el desarrollo cultural, creativo y comunitario a trav\u00e9s de la educaci\u00f3n no formal.<\/p>\n<p>Desde el Ministerio de Educaci\u00f3n se destaca la importancia de estas propuestas como parte de una pol\u00edtica educativa que democratiza la cultura, fomenta la participaci\u00f3n ciudadana y contribuye a la construcci\u00f3n colectiva del conocimiento y la identidad fueguina.<\/p>\n","protected":false},"excerpt":{"rendered":"<p>El Centro Popular de Cultura (CPC), llevar\u00e1 adelante durante noviembre y diciembre, las muestras de&#8230;<\/p>\n","protected":false},"author":1,"featured_media":57943,"comment_status":"closed","ping_status":"closed","sticky":false,"template":"","format":"standard","meta":{"footnotes":""},"categories":[3],"tags":[],"class_list":["post-57942","post","type-post","status-publish","format-standard","has-post-thumbnail","hentry","category-noticias"],"jetpack_featured_media_url":"https:\/\/hablemosclarotdf.com.ar\/wp-content\/uploads\/2025\/11\/photo_2025-11-13_12-54-44.jpg","_links":{"self":[{"href":"https:\/\/hablemosclarotdf.com.ar\/index.php?rest_route=\/wp\/v2\/posts\/57942","targetHints":{"allow":["GET"]}}],"collection":[{"href":"https:\/\/hablemosclarotdf.com.ar\/index.php?rest_route=\/wp\/v2\/posts"}],"about":[{"href":"https:\/\/hablemosclarotdf.com.ar\/index.php?rest_route=\/wp\/v2\/types\/post"}],"author":[{"embeddable":true,"href":"https:\/\/hablemosclarotdf.com.ar\/index.php?rest_route=\/wp\/v2\/users\/1"}],"replies":[{"embeddable":true,"href":"https:\/\/hablemosclarotdf.com.ar\/index.php?rest_route=%2Fwp%2Fv2%2Fcomments&post=57942"}],"version-history":[{"count":1,"href":"https:\/\/hablemosclarotdf.com.ar\/index.php?rest_route=\/wp\/v2\/posts\/57942\/revisions"}],"predecessor-version":[{"id":57944,"href":"https:\/\/hablemosclarotdf.com.ar\/index.php?rest_route=\/wp\/v2\/posts\/57942\/revisions\/57944"}],"wp:featuredmedia":[{"embeddable":true,"href":"https:\/\/hablemosclarotdf.com.ar\/index.php?rest_route=\/wp\/v2\/media\/57943"}],"wp:attachment":[{"href":"https:\/\/hablemosclarotdf.com.ar\/index.php?rest_route=%2Fwp%2Fv2%2Fmedia&parent=57942"}],"wp:term":[{"taxonomy":"category","embeddable":true,"href":"https:\/\/hablemosclarotdf.com.ar\/index.php?rest_route=%2Fwp%2Fv2%2Fcategories&post=57942"},{"taxonomy":"post_tag","embeddable":true,"href":"https:\/\/hablemosclarotdf.com.ar\/index.php?rest_route=%2Fwp%2Fv2%2Ftags&post=57942"}],"curies":[{"name":"wp","href":"https:\/\/api.w.org\/{rel}","templated":true}]}}