{"id":57931,"date":"2025-11-13T11:52:52","date_gmt":"2025-11-13T14:52:52","guid":{"rendered":"https:\/\/hablemosclarotdf.com.ar\/?p=57931"},"modified":"2025-11-13T11:52:52","modified_gmt":"2025-11-13T14:52:52","slug":"la-escuela-deportiva-de-taekwondo-de-tolhuin-competira-en-el-nacional-clausura-en-buenos-aires","status":"publish","type":"post","link":"https:\/\/hablemosclarotdf.com.ar\/?p=57931","title":{"rendered":"LA ESCUELA DEPORTIVA DE TAEKWONDO DE TOLHUIN COMPETIR\u00c1 EN EL NACIONAL CLAUSURA EN BUENOS AIRES"},"content":{"rendered":"<p>Una delegaci\u00f3n de ocho taekwondistas fueguinas, lideradas por el entrenador Naghyb Ar\u00e9valos, representar\u00e1 a la provincia en el torneo que define a los campeones argentinos y prospectos para los Juegos Sudamericanos. El evento reunir\u00e1 a los mejores atletas del pa\u00eds del 14 al 16 de noviembre en el CeNARD.<\/p>\n<p>La Escuela Deportiva Provincial de Taekwondo de Tolhuin, dependiente de la Secretar\u00eda de Deportes de la provincia, se alista para su participaci\u00f3n en el Torneo Nacional Clausura, el evento que coronar\u00e1 a los nuevos campeones argentinos de la disciplina. La competencia, organizada por la Confederaci\u00f3n Argentina de Taekwondo WT, se desarrollar\u00e1 del 14 al 16 de noviembre en el Centro Nacional de Alto Rendimiento Deportivo (CeNARD) en Buenos Aires.<\/p>\n<p>Este certamen de cierre de temporada no solo definir\u00e1 a los campeones nacionales en las modalidades de kyorugui (combate), poomsae (formas) y para-taekwondo, sino que tambi\u00e9n servir\u00e1 como escenario clave para la selecci\u00f3n de los representantes argentinos rumbo a los Juegos Sudamericanos Santa Fe 2026 y los Juegos Sudamericanos de la Juventud Panam\u00e1 2026.<\/p>\n<p>La delegaci\u00f3n de Tolhuin, que logr\u00f3 su clasificaci\u00f3n a trav\u00e9s del ranking provincial y por m\u00e9ritos deportivos, estar\u00e1 compuesta por ocho prometedoras atletas que competir\u00e1n en diversas categor\u00edas cadete y juvenil.<\/p>\n<p>Bajo la direcci\u00f3n del entrenador Naghyb Ar\u00e9valos, las taekwondistas que representar\u00e1n a la escuela de Tolhuin son:<\/p>\n<p>Margarita Treppo (Categor\u00eda Pre Cadete +35 kg)<\/p>\n<p>Guadalupe Gonz\u00e1lez (Categor\u00eda Cadete -47 kg)<\/p>\n<p>Morena Sandoval (Categor\u00eda Cadete -51 kg)<\/p>\n<p>Yamila Fern\u00e1ndez (Categor\u00eda Cadete -51 kg)<\/p>\n<p>Daniela R\u00edos (Categor\u00eda Cadete -59 kg)<\/p>\n<p>Valentina L\u00f3pez (Categor\u00eda Cadete +59 kg)<\/p>\n<p>Katiana Treppo (Categor\u00eda Cadete +59 kg)<\/p>\n<p>Aim\u00e9 Gim\u00e9nez (Categor\u00eda Juvenil -49 kg)<\/p>\n<p>Cabe destacar que, junto a esta delegaci\u00f3n, otros aproximadamente 20 taekwondistas fueguinos, integrantes de distintas escuelas de la provincia, estar\u00e1n compitiendo en esta importante cita nacional, consolidando una fuerte representaci\u00f3n de Tierra del Fuego en el m\u00e1ximo evento del a\u00f1o.<\/p>\n<p>El Nacional Clausura concentrar\u00e1 de manera exclusiva a los mejores exponentes del pa\u00eds, desde categor\u00edas infantiles hasta m\u00e1ster. Solo accedieron a esta instancia los atletas clasificados por el ranking provincial (que abarca a las 24 federaciones), los medallistas del Torneo Nacional Apertura o aquellos con resultados internacionales destacados durante el a\u00f1o 2025, lo que garantiza un nivel de competencia de la m\u00e1s alta calidad.<\/p>\n<p>La participaci\u00f3n de la Escuela Deportiva de Tolhuin en este evento refleja el crecimiento y el alto nivel competitivo del taekwondo fueguino, posicionando a la provincia como un semillero de talentos en el \u00e1mbito deportivo nacional.<\/p>\n","protected":false},"excerpt":{"rendered":"<p>Una delegaci\u00f3n de ocho taekwondistas fueguinas, lideradas por el entrenador Naghyb Ar\u00e9valos, representar\u00e1 a la&#8230;<\/p>\n","protected":false},"author":1,"featured_media":57932,"comment_status":"closed","ping_status":"closed","sticky":false,"template":"","format":"standard","meta":{"footnotes":""},"categories":[3],"tags":[],"class_list":["post-57931","post","type-post","status-publish","format-standard","has-post-thumbnail","hentry","category-noticias"],"jetpack_featured_media_url":"https:\/\/hablemosclarotdf.com.ar\/wp-content\/uploads\/2025\/11\/photo_2025-11-13_11-52-14.jpg","_links":{"self":[{"href":"https:\/\/hablemosclarotdf.com.ar\/index.php?rest_route=\/wp\/v2\/posts\/57931","targetHints":{"allow":["GET"]}}],"collection":[{"href":"https:\/\/hablemosclarotdf.com.ar\/index.php?rest_route=\/wp\/v2\/posts"}],"about":[{"href":"https:\/\/hablemosclarotdf.com.ar\/index.php?rest_route=\/wp\/v2\/types\/post"}],"author":[{"embeddable":true,"href":"https:\/\/hablemosclarotdf.com.ar\/index.php?rest_route=\/wp\/v2\/users\/1"}],"replies":[{"embeddable":true,"href":"https:\/\/hablemosclarotdf.com.ar\/index.php?rest_route=%2Fwp%2Fv2%2Fcomments&post=57931"}],"version-history":[{"count":1,"href":"https:\/\/hablemosclarotdf.com.ar\/index.php?rest_route=\/wp\/v2\/posts\/57931\/revisions"}],"predecessor-version":[{"id":57933,"href":"https:\/\/hablemosclarotdf.com.ar\/index.php?rest_route=\/wp\/v2\/posts\/57931\/revisions\/57933"}],"wp:featuredmedia":[{"embeddable":true,"href":"https:\/\/hablemosclarotdf.com.ar\/index.php?rest_route=\/wp\/v2\/media\/57932"}],"wp:attachment":[{"href":"https:\/\/hablemosclarotdf.com.ar\/index.php?rest_route=%2Fwp%2Fv2%2Fmedia&parent=57931"}],"wp:term":[{"taxonomy":"category","embeddable":true,"href":"https:\/\/hablemosclarotdf.com.ar\/index.php?rest_route=%2Fwp%2Fv2%2Fcategories&post=57931"},{"taxonomy":"post_tag","embeddable":true,"href":"https:\/\/hablemosclarotdf.com.ar\/index.php?rest_route=%2Fwp%2Fv2%2Ftags&post=57931"}],"curies":[{"name":"wp","href":"https:\/\/api.w.org\/{rel}","templated":true}]}}